{"id":23203,"date":"2015-10-23T10:56:00","date_gmt":"2015-10-23T08:56:00","guid":{"rendered":"http:\/\/ubstaging.vayawebs.org\/?p=23203"},"modified":"2015-10-23T10:56:00","modified_gmt":"2015-10-23T08:56:00","slug":"exposicio-getting-around","status":"publish","type":"post","link":"https:\/\/www.ub.edu\/InfoBBAA\/exposicio-getting-around\/","title":{"rendered":"Exposici\u00f3 Getting around!"},"content":{"rendered":"<p><span style=\"font-family: Arial, Helvetica, sans-serif;\"><\/span><br \/><a href=\"http:\/\/3.bp.blogspot.com\/-g6CowxyuIPQ\/VinrvymI0gI\/AAAAAAAAO1M\/SQ4cLeJRf2E\/s1600\/getting_around.png\" style=\"clear: left; float: left; margin-bottom: 1em; margin-right: 1em;\"><img fetchpriority=\"high\" decoding=\"async\" border=\"0\" height=\"640\" src=\"http:\/\/3.bp.blogspot.com\/-g6CowxyuIPQ\/VinrvymI0gI\/AAAAAAAAO1M\/SQ4cLeJRf2E\/s640\/getting_around.png\" width=\"305\" \/><\/a><span style=\"font-family: Arial, Helvetica, sans-serif;\"><span style=\"font-family: Arial, Helvetica, sans-serif;\">El proper 27 d&#8217;octubre, a les 19:30h, s&#8217;inaugura l&#8217;exposici\u00f3 <i>Getting around!<\/i>, de Lara Flux\u00e0.<\/span><\/span><br \/><span style=\"font-family: Arial, Helvetica, sans-serif;\"><span style=\"font-family: Arial, Helvetica, sans-serif;\"><br \/><\/span><\/span><span style=\"font-family: Arial, Helvetica, sans-serif;\">Lara Flux\u00e0 va ser una de les guanyadores dels \u00abAjuts Fel\u00edcia Fuster a la creaci\u00f3 d&#8217;arts visuals\u00bb en la convocat\u00f2ria de 2011-2012.<\/span><br \/><span style=\"font-family: Arial, Helvetica, sans-serif;\"><span style=\"font-family: Arial, Helvetica, sans-serif;\"><br \/><\/span><\/span><span style=\"font-family: Arial, Helvetica, sans-serif;\"><span style=\"font-family: Arial, Helvetica, sans-serif;\">Aquesta tindr\u00e0 lloc a la Fundaci\u00f3 Fel\u00edcia Fuster de Barcelona.<\/span><\/span><br \/><span style=\"font-family: Arial, Helvetica, sans-serif;\"><br \/><\/span><\/p>\n","protected":false},"excerpt":{"rendered":"<p>El proper 27 d&#8217;octubre, a les 19:30h, s&#8217;inaugura l&#8217;exposici\u00f3 Getting around!, de Lara Flux\u00e0.Lara Flux\u00e0 va ser una de les guanyadores dels \u00abAjuts Fel\u00edcia Fuster a la creaci\u00f3 d&#8217;arts visuals\u00bb en la convocat\u00f2ria de 2011-2012.Aquesta tindr\u00e0 lloc a la Fundaci\u00f3 Fel\u00edcia Fuster de Barcelona.<\/p>\n","protected":false},"author":2,"featured_media":0,"comment_status":"open","ping_status":"open","sticky":false,"template":"","format":"standard","meta":{"generate_page_header":"","_monsterinsights_skip_tracking":false,"_monsterinsights_sitenote_active":false,"_monsterinsights_sitenote_note":"","_monsterinsights_sitenote_category":0,"footnotes":""},"categories":[2],"tags":[],"_links":{"self":[{"href":"https:\/\/www.ub.edu\/InfoBBAA\/wp-json\/wp\/v2\/posts\/23203"}],"collection":[{"href":"https:\/\/www.ub.edu\/InfoBBAA\/wp-json\/wp\/v2\/posts"}],"about":[{"href":"https:\/\/www.ub.edu\/InfoBBAA\/wp-json\/wp\/v2\/types\/post"}],"author":[{"embeddable":true,"href":"https:\/\/www.ub.edu\/InfoBBAA\/wp-json\/wp\/v2\/users\/2"}],"replies":[{"embeddable":true,"href":"https:\/\/www.ub.edu\/InfoBBAA\/wp-json\/wp\/v2\/comments?post=23203"}],"version-history":[{"count":0,"href":"https:\/\/www.ub.edu\/InfoBBAA\/wp-json\/wp\/v2\/posts\/23203\/revisions"}],"wp:attachment":[{"href":"https:\/\/www.ub.edu\/InfoBBAA\/wp-json\/wp\/v2\/media?parent=23203"}],"wp:term":[{"taxonomy":"category","embeddable":true,"href":"https:\/\/www.ub.edu\/InfoBBAA\/wp-json\/wp\/v2\/categories?post=23203"},{"taxonomy":"post_tag","embeddable":true,"href":"https:\/\/www.ub.edu\/InfoBBAA\/wp-json\/wp\/v2\/tags?post=23203"}],"curies":[{"name":"wp","href":"https:\/\/api.w.org\/{rel}","templated":true}]}}