{"id":24285,"date":"2014-02-21T13:52:00","date_gmt":"2014-02-21T11:52:00","guid":{"rendered":"http:\/\/ubstaging.vayawebs.org\/?p=24285"},"modified":"2014-02-21T13:52:00","modified_gmt":"2014-02-21T11:52:00","slug":"les-filosofes-i-els-seus-mestres-exili-pensament-i-politica-24-i-26-de-febrer-de-2014","status":"publish","type":"post","link":"https:\/\/www.ub.edu\/InfoBBAA\/les-filosofes-i-els-seus-mestres-exili-pensament-i-politica-24-i-26-de-febrer-de-2014\/","title":{"rendered":"Les fil\u00f2sofes i els seus mestres. Exili, pensament i pol\u00edtica. 24 i 26 de febrer de 2014"},"content":{"rendered":"<div style=\"clear: both; text-align: left;\"><a href=\"http:\/\/1.bp.blogspot.com\/-I5MYMMID-QY\/Uwc9l4caVTI\/AAAAAAAAHpc\/bbGgGojCsJc\/s1600\/filxsofes.jpg\" style=\"clear: right; float: right; margin-bottom: 1em; margin-left: 1em;\"><img fetchpriority=\"high\" decoding=\"async\" border=\"0\" src=\"http:\/\/1.bp.blogspot.com\/-I5MYMMID-QY\/Uwc9l4caVTI\/AAAAAAAAHpc\/bbGgGojCsJc\/s1600\/filxsofes.jpg\" height=\"400\" width=\"283\" \/><\/a><\/div>\n<p>Els dies 24 i 26 de febrer, la Facultat de Filosofia de la UB acollir\u00e0 la jornada <a href=\"http:\/\/www4.ub.edu\/filosofiagenere\/assets\/arxius\/files\/cartell_filosofes_mestres_02.2014.jpg\">\u00abLes fil\u00f2sofes i els seus mestres. Exili, pensament i pol\u00edtica\u00bb<i>.<\/i><\/a> L\u2019activitat, organitzada pel seminari Filosofia i G\u00e8nere, repassar\u00e0 les  principals l\u00ednies de recerca de destacades pensadores europees del  segle XX.<br \/>                                                                                                                                                                                                En les xerrades, s\u2019abordar\u00e0 el llegat  d\u2019aquestes dones, que van reflexionar sobre temes com ara el mal i la  pol\u00edtica (Hannah Arendt), l\u2019exili (Mar\u00eda Zambrano), el desarrelament i  la religi\u00f3 (Simone Weil), l\u2019antisemitisme i l\u2019art (Sara Kofman) o la  curiositat i la m\u00fasica (Jeanne Hersch). <\/p>\n<div>El seminari <span><a href=\"http:\/\/www4.ub.edu\/filosofiagenere\/\" target=\"_self\">Filosofia i G\u00e8nere<\/a><\/span>,  amb la professora Fina Birul\u00e9s al capdavant, es va crear el 1990 amb  l\u2019objectiu de recuperar i estudiar els textos on es fa palesa la  producci\u00f3 filos\u00f2fica de les dones des de l\u2019Antiguitat fins als nostres  dies, amb la intenci\u00f3 d\u2019intervenir en el debat contemporani sobre la  teoria feminista.<\/div>\n","protected":false},"excerpt":{"rendered":"<p>Els dies 24 i 26 de febrer, la Facultat de Filosofia de la UB acollir\u00e0 la jornada \u00abLes fil\u00f2sofes i els seus mestres. Exili, pensament i pol\u00edtica\u00bb. L\u2019activitat, organitzada pel seminari Filosofia i G\u00e8nere, repassar\u00e0 les principals l\u00ednies de recerca de destacades pensadores europees del segle XX. En les xerrades, s\u2019abordar\u00e0 el llegat d\u2019aquestes dones, &#8230; <a title=\"Les fil\u00f2sofes i els seus mestres. Exili, pensament i pol\u00edtica. 24 i 26 de febrer de 2014\" class=\"read-more\" href=\"https:\/\/www.ub.edu\/InfoBBAA\/les-filosofes-i-els-seus-mestres-exili-pensament-i-politica-24-i-26-de-febrer-de-2014\/\">Leer m\u00e1s<\/a><\/p>\n","protected":false},"author":2,"featured_media":0,"comment_status":"open","ping_status":"open","sticky":false,"template":"","format":"standard","meta":{"generate_page_header":"","_monsterinsights_skip_tracking":false,"_monsterinsights_sitenote_active":false,"_monsterinsights_sitenote_note":"","_monsterinsights_sitenote_category":0,"footnotes":""},"categories":[7],"tags":[],"_links":{"self":[{"href":"https:\/\/www.ub.edu\/InfoBBAA\/wp-json\/wp\/v2\/posts\/24285"}],"collection":[{"href":"https:\/\/www.ub.edu\/InfoBBAA\/wp-json\/wp\/v2\/posts"}],"about":[{"href":"https:\/\/www.ub.edu\/InfoBBAA\/wp-json\/wp\/v2\/types\/post"}],"author":[{"embeddable":true,"href":"https:\/\/www.ub.edu\/InfoBBAA\/wp-json\/wp\/v2\/users\/2"}],"replies":[{"embeddable":true,"href":"https:\/\/www.ub.edu\/InfoBBAA\/wp-json\/wp\/v2\/comments?post=24285"}],"version-history":[{"count":0,"href":"https:\/\/www.ub.edu\/InfoBBAA\/wp-json\/wp\/v2\/posts\/24285\/revisions"}],"wp:attachment":[{"href":"https:\/\/www.ub.edu\/InfoBBAA\/wp-json\/wp\/v2\/media?parent=24285"}],"wp:term":[{"taxonomy":"category","embeddable":true,"href":"https:\/\/www.ub.edu\/InfoBBAA\/wp-json\/wp\/v2\/categories?post=24285"},{"taxonomy":"post_tag","embeddable":true,"href":"https:\/\/www.ub.edu\/InfoBBAA\/wp-json\/wp\/v2\/tags?post=24285"}],"curies":[{"name":"wp","href":"https:\/\/api.w.org\/{rel}","templated":true}]}}