{"id":24951,"date":"2013-01-15T09:31:00","date_gmt":"2013-01-15T07:31:00","guid":{"rendered":"http:\/\/ubstaging.vayawebs.org\/?p=24951"},"modified":"2013-01-15T09:31:00","modified_gmt":"2013-01-15T07:31:00","slug":"exposicio-la-deconstruccio-del-macarro-alumnat-de-lassignatura-processos-creacio-artistica","status":"publish","type":"post","link":"https:\/\/www.ub.edu\/InfoBBAA\/exposicio-la-deconstruccio-del-macarro-alumnat-de-lassignatura-processos-creacio-artistica\/","title":{"rendered":"EXPOSICI\u00d3. LA DECONSTRUCCI\u00d3 DEL MACARR\u00d3.  ALUMNAT DE L&#8217;ASSIGNATURA PROCESSOS CREACI\u00d3 ART\u00cdSTICA"},"content":{"rendered":"<p><a href=\"http:\/\/1.bp.blogspot.com\/-BAYvRc3c2nA\/UPRBGKWyNII\/AAAAAAAAFQw\/3WlCkxXUtDk\/s1600\/cartell.jpg\" style=\"clear: right; float: right; margin-bottom: 1em; margin-left: 1em;\"><img fetchpriority=\"high\" decoding=\"async\" border=\"0\" src=\"http:\/\/1.bp.blogspot.com\/-BAYvRc3c2nA\/UPRBGKWyNII\/AAAAAAAAFQw\/3WlCkxXUtDk\/s320\/cartell.jpg\" height=\"320\" width=\"226\" \/><\/a><b>SALA EXPOSICIONS. FACULTAT DE BELLES ARTS<\/b><br \/>14\/01\/2013 &#8211; 18\/01\/2013 <br \/>11:00 a 14:00h  i  de 16:00 a 19:00 h<\/p>\n<p>Exposici\u00f3 dels alumnes de l&#8217;assignatura Processos de Creaci\u00f3 Art\u00edstica<\/p>\n<p>Els professors de l&#8217;assignatura de Creaci\u00f3 Art\u00edstica, Enrique Carb\u00f3, Job  Ramos i Aleydis Rispa, han encarregat als i les alumnes l&#8217;elaboraci\u00f3  complerta d&#8217;un disseny expositiu per a que presentin les obres que estan  realitzant. Aquesta experi\u00e8ncia persegueix apropar-les al m\u00f3n reial i  ajudar-les a que percebeixin la import\u00e0ncia i complexitat del fet  expositiu. <\/p>\n<p>Donat que els i les alumnes exerceixen diferents pr\u00e0ctiques (v\u00eddeo,  fotografia, instal\u00b7laci\u00f3, etc..), el disseny de l&#8217;exposici\u00f3 ofereix  certa dificultat, pel que pensem que aquesta activitat pot ser molt  avantatjosa per la seva formaci\u00f3 i configurar-se com un pont entre la  seva activitat escolar i l&#8217;acompliment professional de la pr\u00e0ctica  art\u00edstica. <\/p>\n<p>M\u00e9s informaci\u00f3<a href=\"http:\/\/www.ub.edu\/bellesarts\/\"> [+] <\/a><\/p>\n","protected":false},"excerpt":{"rendered":"<p>SALA EXPOSICIONS. FACULTAT DE BELLES ARTS14\/01\/2013 &#8211; 18\/01\/2013 11:00 a 14:00h i de 16:00 a 19:00 h Exposici\u00f3 dels alumnes de l&#8217;assignatura Processos de Creaci\u00f3 Art\u00edstica Els professors de l&#8217;assignatura de Creaci\u00f3 Art\u00edstica, Enrique Carb\u00f3, Job Ramos i Aleydis Rispa, han encarregat als i les alumnes l&#8217;elaboraci\u00f3 complerta d&#8217;un disseny expositiu per a que presentin &#8230; <a title=\"EXPOSICI\u00d3. LA DECONSTRUCCI\u00d3 DEL MACARR\u00d3.  ALUMNAT DE L&#8217;ASSIGNATURA PROCESSOS CREACI\u00d3 ART\u00cdSTICA\" class=\"read-more\" href=\"https:\/\/www.ub.edu\/InfoBBAA\/exposicio-la-deconstruccio-del-macarro-alumnat-de-lassignatura-processos-creacio-artistica\/\">Leer m\u00e1s<\/a><\/p>\n","protected":false},"author":2,"featured_media":0,"comment_status":"open","ping_status":"open","sticky":false,"template":"","format":"standard","meta":{"generate_page_header":"","_monsterinsights_skip_tracking":false,"_monsterinsights_sitenote_active":false,"_monsterinsights_sitenote_note":"","_monsterinsights_sitenote_category":0,"footnotes":""},"categories":[2,6],"tags":[],"_links":{"self":[{"href":"https:\/\/www.ub.edu\/InfoBBAA\/wp-json\/wp\/v2\/posts\/24951"}],"collection":[{"href":"https:\/\/www.ub.edu\/InfoBBAA\/wp-json\/wp\/v2\/posts"}],"about":[{"href":"https:\/\/www.ub.edu\/InfoBBAA\/wp-json\/wp\/v2\/types\/post"}],"author":[{"embeddable":true,"href":"https:\/\/www.ub.edu\/InfoBBAA\/wp-json\/wp\/v2\/users\/2"}],"replies":[{"embeddable":true,"href":"https:\/\/www.ub.edu\/InfoBBAA\/wp-json\/wp\/v2\/comments?post=24951"}],"version-history":[{"count":0,"href":"https:\/\/www.ub.edu\/InfoBBAA\/wp-json\/wp\/v2\/posts\/24951\/revisions"}],"wp:attachment":[{"href":"https:\/\/www.ub.edu\/InfoBBAA\/wp-json\/wp\/v2\/media?parent=24951"}],"wp:term":[{"taxonomy":"category","embeddable":true,"href":"https:\/\/www.ub.edu\/InfoBBAA\/wp-json\/wp\/v2\/categories?post=24951"},{"taxonomy":"post_tag","embeddable":true,"href":"https:\/\/www.ub.edu\/InfoBBAA\/wp-json\/wp\/v2\/tags?post=24951"}],"curies":[{"name":"wp","href":"https:\/\/api.w.org\/{rel}","templated":true}]}}