{"id":25677,"date":"2011-11-16T12:01:00","date_gmt":"2011-11-16T10:01:00","guid":{"rendered":"http:\/\/ubstaging.vayawebs.org\/?p=25677"},"modified":"2011-11-16T12:01:00","modified_gmt":"2011-11-16T10:01:00","slug":"inauguracio-laboratori-de-pedagogies-de-contacte","status":"publish","type":"post","link":"https:\/\/www.ub.edu\/InfoBBAA\/inauguracio-laboratori-de-pedagogies-de-contacte\/","title":{"rendered":"INAUGURACI\u00d3: LABORATORI DE PEDAGOGIES DE CONTACTE"},"content":{"rendered":"<p><a href=\"http:\/\/3.bp.blogspot.com\/-5_7XaXMGJ3o\/TsOKw0eCUfI\/AAAAAAAAANQ\/GMRv8Gr8TBE\/s1600\/Exposicions%2Bacuals_ADO_Pedagogies.jpg\"><img decoding=\"async\" alt=\"\" border=\"0\" id=\"BLOGGER_PHOTO_ID_5675532526739935730\" src=\"http:\/\/3.bp.blogspot.com\/-5_7XaXMGJ3o\/TsOKw0eCUfI\/AAAAAAAAANQ\/GMRv8Gr8TBE\/s320\/Exposicions%2Bacuals_ADO_Pedagogies.jpg\" style=\"cursor: pointer; float: left; height: 220px; margin: 0pt 10px 10px 0pt; width: 220px;\" \/><\/a><\/p>\n<p><span style=\"font-size: 100%;\"><strong>Laboratori de pedagogies de contacte<br \/><\/strong><\/span>Inauguraci\u00f3: Dijous, 17\/11\/11 a les 20.00 h.<\/p>\n<p>Abel del Castillo, Institut Baix a mar i Paola Mart\u00ednez, Joan M. Gual i Genera, associaci\u00f3 en defensa dels drets de les dones, A\u00efda Jord\u00e0 i R.Marcos Mota, Genderhacker.<\/p>\n<div>\n<div>\n<div>\n<div>\n<div>Exposici\u00f3: Del 17\/11 \/11 al 24\/02 \/12<br \/>Sala d&#8217;Art Jove (Cal\u00e0bria 147, BARCELONA)<strong><\/p>\n<p>Laboratori de pedagogies de contacte<\/strong> \u00e9s un espai expositiu en constant (de)construcci\u00f3. Presenta, per una banda, un seguit d\u2019arxius relacionats amb els projectes educatius i d\u2019investigaci\u00f3 que s\u2019han produ\u00eft enguany en les modalitats d\u2019investigaci\u00f3 i educaci\u00f3 de la Sala d\u2019Art Jove. Per altra banda s\u2019acompanya d\u2019un programa d\u2019esdeveniments p\u00fablics que tindran lloc fins a finals de gener de 2012 i que tenen per objectiu fer extensibles els projectes a nous p\u00fablics, aix\u00ed com donar lloc a hibridacions i a produccions an\u00f2mals de coneixement, des d\u2019una relacionalitat de cossos en contacte.<\/div>\n<\/div>\n<\/div>\n<div>\n<div>\n<div>Amb el t\u00edtol Laboratori de pedagogies de contacte volem subratllar la import\u00e0ncia que est\u00e0 tenint el gir educatiu en l\u2019\u00e0mbit art\u00edstic, per\u00f2 sobretot fer ress\u00f2 de les tend\u00e8ncies feminista i queer que emfatitzen la pedagogia com un projecte pol\u00edtic de construcci\u00f3 d\u2019identitat.<\/p>\n<p><span style=\"color: #999999; font-size: 85%;\"><a href=\"http:\/\/saladartjove.wordpress.com\/\"><span style=\"font-style: italic;\">http:\/\/saladartjove.wordpress.com\/<\/span><\/a><\/p>\n<p><a href=\"http:\/\/saladartjove.cat\/i\/exposici%C3%B3\/laboratori-de-pedagogies-de-contacte\"><span style=\"font-style: italic;\">http:\/\/saladartjove.cat\/i\/exposici%C3%B3\/laboratori-de-pedagogies-de-contacte<\/span><\/a><\/span><\/div>\n<\/div>\n<\/div>\n<\/div>\n<\/div>\n","protected":false},"excerpt":{"rendered":"<p>Laboratori de pedagogies de contacteInauguraci\u00f3: Dijous, 17\/11\/11 a les 20.00 h. Abel del Castillo, Institut Baix a mar i Paola Mart\u00ednez, Joan M. Gual i Genera, associaci\u00f3 en defensa dels drets de les dones, A\u00efda Jord\u00e0 i R.Marcos Mota, Genderhacker. Exposici\u00f3: Del 17\/11 \/11 al 24\/02 \/12Sala d&#8217;Art Jove (Cal\u00e0bria 147, BARCELONA) Laboratori de pedagogies &#8230; <a title=\"INAUGURACI\u00d3: LABORATORI DE PEDAGOGIES DE CONTACTE\" class=\"read-more\" href=\"https:\/\/www.ub.edu\/InfoBBAA\/inauguracio-laboratori-de-pedagogies-de-contacte\/\">Leer m\u00e1s<\/a><\/p>\n","protected":false},"author":2,"featured_media":0,"comment_status":"open","ping_status":"open","sticky":false,"template":"","format":"standard","meta":{"generate_page_header":"","_monsterinsights_skip_tracking":false,"_monsterinsights_sitenote_active":false,"_monsterinsights_sitenote_note":"","_monsterinsights_sitenote_category":0,"footnotes":""},"categories":[2],"tags":[],"_links":{"self":[{"href":"https:\/\/www.ub.edu\/InfoBBAA\/wp-json\/wp\/v2\/posts\/25677"}],"collection":[{"href":"https:\/\/www.ub.edu\/InfoBBAA\/wp-json\/wp\/v2\/posts"}],"about":[{"href":"https:\/\/www.ub.edu\/InfoBBAA\/wp-json\/wp\/v2\/types\/post"}],"author":[{"embeddable":true,"href":"https:\/\/www.ub.edu\/InfoBBAA\/wp-json\/wp\/v2\/users\/2"}],"replies":[{"embeddable":true,"href":"https:\/\/www.ub.edu\/InfoBBAA\/wp-json\/wp\/v2\/comments?post=25677"}],"version-history":[{"count":0,"href":"https:\/\/www.ub.edu\/InfoBBAA\/wp-json\/wp\/v2\/posts\/25677\/revisions"}],"wp:attachment":[{"href":"https:\/\/www.ub.edu\/InfoBBAA\/wp-json\/wp\/v2\/media?parent=25677"}],"wp:term":[{"taxonomy":"category","embeddable":true,"href":"https:\/\/www.ub.edu\/InfoBBAA\/wp-json\/wp\/v2\/categories?post=25677"},{"taxonomy":"post_tag","embeddable":true,"href":"https:\/\/www.ub.edu\/InfoBBAA\/wp-json\/wp\/v2\/tags?post=25677"}],"curies":[{"name":"wp","href":"https:\/\/api.w.org\/{rel}","templated":true}]}}