{"id":26892,"date":"2018-09-05T11:21:13","date_gmt":"2018-09-05T09:21:13","guid":{"rendered":"http:\/\/www.ub.edu\/InfoBBAA\/?p=26892"},"modified":"2018-09-05T11:21:13","modified_gmt":"2018-09-05T09:21:13","slug":"26892-2","status":"publish","type":"post","link":"https:\/\/www.ub.edu\/InfoBBAA\/26892-2\/","title":{"rendered":""},"content":{"rendered":"<p><img fetchpriority=\"high\" decoding=\"async\" class=\"alignleft size-large wp-image-26893\" src=\"http:\/\/www.ub.edu\/InfoBBAA\/wp-content\/uploads\/2018\/09\/mecanic-gerard-boyer-1024x320.jpg\" alt=\"\" width=\"1024\" height=\"320\" srcset=\"https:\/\/www.ub.edu\/InfoBBAA\/wp-content\/uploads\/2018\/09\/mecanic-gerard-boyer-1024x320.jpg 1024w, https:\/\/www.ub.edu\/InfoBBAA\/wp-content\/uploads\/2018\/09\/mecanic-gerard-boyer-300x94.jpg 300w, https:\/\/www.ub.edu\/InfoBBAA\/wp-content\/uploads\/2018\/09\/mecanic-gerard-boyer-768x240.jpg 768w, https:\/\/www.ub.edu\/InfoBBAA\/wp-content\/uploads\/2018\/09\/mecanic-gerard-boyer.jpg 1256w\" sizes=\"(max-width: 1024px) 100vw, 1024px\" \/><\/p>\n<p>&nbsp;<\/p>\n<p style=\"text-align: center;\"><span style=\"font-size: 24pt;\"><strong>MECANIC<\/strong><\/span><\/p>\n<p style=\"text-align: center;\">INAUGURACI\u00d3 DE L&#8217;EXPOSICI\u00d3<\/p>\n<p style=\"text-align: center;\"><strong>\u00abSER DE LA CALA\u00bb<\/strong><\/p>\n<p style=\"text-align: center;\"><strong>DE GERARD BOYER<\/strong><\/p>\n<p style=\"text-align: center;\">A MEC\u00c0NIC EL DIMECRES 12 DE SETEMBRE A LES 19:30<\/p>\n<p>&nbsp;<\/p>\n<p style=\"text-align: justify;\">MEC\u00c0NIC presenta la seva primera exposici\u00f3 dedicada a un fot\u00f2graf local: Gerard Boyer, amb el projecte SER DE LA CALA.<\/p>\n<p style=\"text-align: justify;\">Gerard Boyer aconsegueix engegar una m\u00e0quina del temps directa a l&#8217;interior de cada un de nosaltres. Remou quelcom indescriptible a trav\u00e9s del passat i del present.<\/p>\n<p style=\"text-align: justify;\">Mec\u00e0nic presenta una instal-laci\u00f3 que intenta captar l&#8217;esc\u00e8nica que amaga Ser De La Cala, i que pret\u00e9n despertar les mem\u00f2ries m\u00e9s intimes dels primers estius a la vora del mar.<\/p>\n<p style=\"text-align: justify;\">Ser De La Cala \u00e9s una hist\u00f2ria tant local como universal. \u00c9s la inf\u00e0ncia d&#8217;una generaci\u00f3. \u00c9s l&#8217;intent de retenir els record que s&#8217;encapsulen dins de cada carret, i la confusi\u00f3 que genera el l\u00edmit entre record, peercepci\u00f3 i l&#8217;ideal. \u00c9s per aix\u00f2, que Ser De La Cala \u00e9s una his\u00f2ria sense fi: l&#8217;evoluci\u00f3 dels nostres paisatges anir\u00e0 sempre lligada a l&#8217;evoluci\u00f3 de les nostres vides.<\/p>\n<p style=\"text-align: justify;\">Boyer (L&#8217;Ametlla de Mar, 1974) \u00e9s un dels fot\u00f2grafs catalans que despunten en l&#8217;\u00e0mbit internacional. El projecto Ser De La Cala, ha estat un dels m\u00e9s exitosos, amb pres\u00e8nsia en reconeguts festivals de fotografia com PhotoEspa\u00f1a&#8217;18 a Mejor Libro de Fotograf\u00eda del A\u00f1o, Athens Photo Festival Photobook Exihibition. (2018), a BasqueDokFestival 2018 o a Encontros Dai IMagen 2017 a Braga.<\/p>\n<p>&nbsp;<\/p>\n<p style=\"text-align: center;\"><span style=\"font-size: 10pt;\"><strong>MEC\u00c0NIC<\/strong> Verntallat, 30 &#8211; Barcelona<\/span><\/p>\n<p style=\"text-align: center;\"><span style=\"font-size: 10pt;\">Dimecres 12 de setembre a les 19:30 h<\/span><\/p>\n<p style=\"text-align: center;\"><span style=\"font-size: 10pt;\">Preu: <strong>dia de la inauguraci\u00f3 gratu\u00eft<\/strong><\/span><\/p>\n<p>&nbsp;<\/p>\n<p><a href=\"https:\/\/www.mecanic.eu\/es\/gerard-boyer\/\" target=\"_blank\" rel=\"noopener\">+ info<\/a><\/p>\n","protected":false},"excerpt":{"rendered":"<p>&nbsp; MECANIC INAUGURACI\u00d3 DE L&#8217;EXPOSICI\u00d3 \u00abSER DE LA CALA\u00bb DE GERARD BOYER A MEC\u00c0NIC EL DIMECRES 12 DE SETEMBRE A LES 19:30 &nbsp; MEC\u00c0NIC presenta la seva primera exposici\u00f3 dedicada a un fot\u00f2graf local: Gerard Boyer, amb el projecte SER DE LA CALA. Gerard Boyer aconsegueix engegar una m\u00e0quina del temps directa a l&#8217;interior de &#8230; <a title=\"\" class=\"read-more\" href=\"https:\/\/www.ub.edu\/InfoBBAA\/26892-2\/\">Leer m\u00e1s<\/a><\/p>\n","protected":false},"author":2,"featured_media":0,"comment_status":"closed","ping_status":"closed","sticky":false,"template":"","format":"standard","meta":{"generate_page_header":"","_monsterinsights_skip_tracking":false,"_monsterinsights_sitenote_active":false,"_monsterinsights_sitenote_note":"","_monsterinsights_sitenote_category":0,"footnotes":""},"categories":[39,29,22],"tags":[],"_links":{"self":[{"href":"https:\/\/www.ub.edu\/InfoBBAA\/wp-json\/wp\/v2\/posts\/26892"}],"collection":[{"href":"https:\/\/www.ub.edu\/InfoBBAA\/wp-json\/wp\/v2\/posts"}],"about":[{"href":"https:\/\/www.ub.edu\/InfoBBAA\/wp-json\/wp\/v2\/types\/post"}],"author":[{"embeddable":true,"href":"https:\/\/www.ub.edu\/InfoBBAA\/wp-json\/wp\/v2\/users\/2"}],"replies":[{"embeddable":true,"href":"https:\/\/www.ub.edu\/InfoBBAA\/wp-json\/wp\/v2\/comments?post=26892"}],"version-history":[{"count":1,"href":"https:\/\/www.ub.edu\/InfoBBAA\/wp-json\/wp\/v2\/posts\/26892\/revisions"}],"predecessor-version":[{"id":26894,"href":"https:\/\/www.ub.edu\/InfoBBAA\/wp-json\/wp\/v2\/posts\/26892\/revisions\/26894"}],"wp:attachment":[{"href":"https:\/\/www.ub.edu\/InfoBBAA\/wp-json\/wp\/v2\/media?parent=26892"}],"wp:term":[{"taxonomy":"category","embeddable":true,"href":"https:\/\/www.ub.edu\/InfoBBAA\/wp-json\/wp\/v2\/categories?post=26892"},{"taxonomy":"post_tag","embeddable":true,"href":"https:\/\/www.ub.edu\/InfoBBAA\/wp-json\/wp\/v2\/tags?post=26892"}],"curies":[{"name":"wp","href":"https:\/\/api.w.org\/{rel}","templated":true}]}}