{"id":31886,"date":"2022-02-24T12:06:40","date_gmt":"2022-02-24T10:06:40","guid":{"rendered":"http:\/\/www.ub.edu\/InfoBBAA\/?p=31886"},"modified":"2022-02-24T12:09:31","modified_gmt":"2022-02-24T10:09:31","slug":"jornada-prevencio-de-riscos-als-laboratoris-de-recerca-de-la-universitat-de-barcelona","status":"publish","type":"post","link":"https:\/\/www.ub.edu\/InfoBBAA\/jornada-prevencio-de-riscos-als-laboratoris-de-recerca-de-la-universitat-de-barcelona\/","title":{"rendered":"Jornada &#8211; Prevenci\u00f3 de riscos als laboratoris de recerca de la Universitat de Barcelona"},"content":{"rendered":"\n<div class=\"wp-block-image\"><figure class=\"alignleft is-resized\"><img decoding=\"async\" src=\"https:\/\/www.ub.edu\/ossma\/wp-content\/uploads\/2020\/02\/investigador-laboratori-recerca.jpg\" alt=\"\" width=\"361\" height=\"136\"\/><\/figure><\/div>\n\n\n\n<p style=\"color:#21c782\" class=\"has-text-color\"><strong>Jornada<\/strong><\/p>\n\n\n\n<p>15.03.2022<\/p>\n\n\n\n<p><strong>Aula Enric Casassas (Facultat de Qu\u00edmica)<\/strong><\/p>\n\n\n\n<p style=\"color:#ffffff\" class=\"has-text-color\">&#8211;<\/p>\n\n\n\n<p>A la Jornada sobre prevenci\u00f3 de riscos als laboratoris de recerca es parlar\u00e0 de seguretat als laboratoris, de plans d\u2019autoprotecci\u00f3, de control de l\u2019exposici\u00f3 a agents qu\u00edmics, f\u00edsics i  biol\u00f2gics, de gesti\u00f3 de residus, d&#8217;ergonomia del laboratori i de primers auxilis.<\/p>\n\n\n\n<p style=\"color:#29d278\" class=\"has-text-color\"><strong><a href=\"https:\/\/www.ub.edu\/ossma\/actualitat-formacio\/jornada-prevencio-riscos-laboratoris-recerca-20220315\">+Informaci\u00f3<\/a><\/strong><\/p>\n","protected":false},"excerpt":{"rendered":"<p>Jornada 15.03.2022 Aula Enric Casassas (Facultat de Qu\u00edmica) &#8211; A la Jornada sobre prevenci\u00f3 de riscos als laboratoris de recerca es parlar\u00e0 de seguretat als laboratoris, de plans d\u2019autoprotecci\u00f3, de control de l\u2019exposici\u00f3 a agents qu\u00edmics, f\u00edsics i biol\u00f2gics, de gesti\u00f3 de residus, d&#8217;ergonomia del laboratori i de primers auxilis. +Informaci\u00f3<\/p>\n","protected":false},"author":2,"featured_media":0,"comment_status":"closed","ping_status":"closed","sticky":false,"template":"","format":"standard","meta":{"generate_page_header":"","_monsterinsights_skip_tracking":false,"_monsterinsights_sitenote_active":false,"_monsterinsights_sitenote_note":"","_monsterinsights_sitenote_category":0,"footnotes":""},"categories":[39,42,19,32],"tags":[51,145,306],"_links":{"self":[{"href":"https:\/\/www.ub.edu\/InfoBBAA\/wp-json\/wp\/v2\/posts\/31886"}],"collection":[{"href":"https:\/\/www.ub.edu\/InfoBBAA\/wp-json\/wp\/v2\/posts"}],"about":[{"href":"https:\/\/www.ub.edu\/InfoBBAA\/wp-json\/wp\/v2\/types\/post"}],"author":[{"embeddable":true,"href":"https:\/\/www.ub.edu\/InfoBBAA\/wp-json\/wp\/v2\/users\/2"}],"replies":[{"embeddable":true,"href":"https:\/\/www.ub.edu\/InfoBBAA\/wp-json\/wp\/v2\/comments?post=31886"}],"version-history":[{"count":5,"href":"https:\/\/www.ub.edu\/InfoBBAA\/wp-json\/wp\/v2\/posts\/31886\/revisions"}],"predecessor-version":[{"id":31893,"href":"https:\/\/www.ub.edu\/InfoBBAA\/wp-json\/wp\/v2\/posts\/31886\/revisions\/31893"}],"wp:attachment":[{"href":"https:\/\/www.ub.edu\/InfoBBAA\/wp-json\/wp\/v2\/media?parent=31886"}],"wp:term":[{"taxonomy":"category","embeddable":true,"href":"https:\/\/www.ub.edu\/InfoBBAA\/wp-json\/wp\/v2\/categories?post=31886"},{"taxonomy":"post_tag","embeddable":true,"href":"https:\/\/www.ub.edu\/InfoBBAA\/wp-json\/wp\/v2\/tags?post=31886"}],"curies":[{"name":"wp","href":"https:\/\/api.w.org\/{rel}","templated":true}]}}