{"id":31976,"date":"2022-03-11T12:11:09","date_gmt":"2022-03-11T10:11:09","guid":{"rendered":"http:\/\/www.ub.edu\/InfoBBAA\/?p=31976"},"modified":"2022-03-11T12:11:12","modified_gmt":"2022-03-11T10:11:12","slug":"convocatoria-al-meu-barri-fan-performances-2022","status":"publish","type":"post","link":"https:\/\/www.ub.edu\/InfoBBAA\/convocatoria-al-meu-barri-fan-performances-2022\/","title":{"rendered":"Convocat\u00f2ria &#8211; \u00abAl meu barri fan performances 2022\u00bb"},"content":{"rendered":"\n<div class=\"wp-block-image\"><figure class=\"alignleft is-resized\"><img fetchpriority=\"high\" decoding=\"async\" src=\"http:\/\/www.cccanfelipa.cat\/uploads\/projectes\/t1\/20220309143404.jpg\" alt=\"\" width=\"339\" height=\"221\"\/><\/figure><\/div>\n\n\n\n<p>Els programes<strong> d&#8217;Arts Visuals <\/strong>i <strong>d&#8217;Arts Esc\u00e8niques <\/strong>del Centre C\u00edvic Can Felipa, junt amb el festival de creaci\u00f3 contempor\u00e0nia <strong><a href=\"https:\/\/www.escenapoblenou.com\/\">Escena Poblenou<\/a><\/strong>,  presentem les bases de la 7a edici\u00f3 de la convocat\u00f2ria <em>Al meu barri  fan performances 2022<\/em>, destinada a donar suport a propostes que  desenvolupin una pr\u00e0ctica art\u00edstica en col\u00b7laboraci\u00f3 amb el Poblenou.  Aquesta convocat\u00f2ria busca generar processos art\u00edstics que apropin la  creaci\u00f3 contempor\u00e0nia als ve\u00efns i ve\u00efnes del barri, amb l&#8217;horitz\u00f3 d&#8217;una  presentaci\u00f3 p\u00fablica durant el festival de creaci\u00f3 contempor\u00e0nia Escena  Poblenou 2022. <\/p>\n\n\n\n<p>La dotaci\u00f3 econ\u00f2mica \u00e9s de 3.500\u20ac impostos inclosos. Inclou honoraris, dietes, despla\u00e7aments i costos de producci\u00f3.  <\/p>\n\n\n\n<p><strong>Data l\u00edmit de convocat\u00f2ria: <\/strong>10.04.2022<br><\/p>\n\n\n\n<p style=\"color:#e0ca79\" class=\"has-text-color\"><a href=\"http:\/\/www.cccanfelipa.cat\/lab-felipa\/64-al-meu-barri-fan-performance-2022\/\"><strong>+Informaci\u00f3<\/strong><\/a><\/p>\n","protected":false},"excerpt":{"rendered":"<p>Els programes d&#8217;Arts Visuals i d&#8217;Arts Esc\u00e8niques del Centre C\u00edvic Can Felipa, junt amb el festival de creaci\u00f3 contempor\u00e0nia Escena Poblenou, presentem les bases de la 7a edici\u00f3 de la convocat\u00f2ria Al meu barri fan performances 2022, destinada a donar suport a propostes que desenvolupin una pr\u00e0ctica art\u00edstica en col\u00b7laboraci\u00f3 amb el Poblenou. Aquesta convocat\u00f2ria &#8230; <a title=\"Convocat\u00f2ria &#8211; \u00abAl meu barri fan performances 2022\u00bb\" class=\"read-more\" href=\"https:\/\/www.ub.edu\/InfoBBAA\/convocatoria-al-meu-barri-fan-performances-2022\/\">Leer m\u00e1s<\/a><\/p>\n","protected":false},"author":2,"featured_media":0,"comment_status":"closed","ping_status":"closed","sticky":false,"template":"","format":"standard","meta":{"generate_page_header":"","_monsterinsights_skip_tracking":false,"_monsterinsights_sitenote_active":false,"_monsterinsights_sitenote_note":"","_monsterinsights_sitenote_category":0,"footnotes":""},"categories":[39,44,34],"tags":[59,208,344,345,346],"_links":{"self":[{"href":"https:\/\/www.ub.edu\/InfoBBAA\/wp-json\/wp\/v2\/posts\/31976"}],"collection":[{"href":"https:\/\/www.ub.edu\/InfoBBAA\/wp-json\/wp\/v2\/posts"}],"about":[{"href":"https:\/\/www.ub.edu\/InfoBBAA\/wp-json\/wp\/v2\/types\/post"}],"author":[{"embeddable":true,"href":"https:\/\/www.ub.edu\/InfoBBAA\/wp-json\/wp\/v2\/users\/2"}],"replies":[{"embeddable":true,"href":"https:\/\/www.ub.edu\/InfoBBAA\/wp-json\/wp\/v2\/comments?post=31976"}],"version-history":[{"count":5,"href":"https:\/\/www.ub.edu\/InfoBBAA\/wp-json\/wp\/v2\/posts\/31976\/revisions"}],"predecessor-version":[{"id":31981,"href":"https:\/\/www.ub.edu\/InfoBBAA\/wp-json\/wp\/v2\/posts\/31976\/revisions\/31981"}],"wp:attachment":[{"href":"https:\/\/www.ub.edu\/InfoBBAA\/wp-json\/wp\/v2\/media?parent=31976"}],"wp:term":[{"taxonomy":"category","embeddable":true,"href":"https:\/\/www.ub.edu\/InfoBBAA\/wp-json\/wp\/v2\/categories?post=31976"},{"taxonomy":"post_tag","embeddable":true,"href":"https:\/\/www.ub.edu\/InfoBBAA\/wp-json\/wp\/v2\/tags?post=31976"}],"curies":[{"name":"wp","href":"https:\/\/api.w.org\/{rel}","templated":true}]}}