{"id":31986,"date":"2022-03-11T12:53:32","date_gmt":"2022-03-11T10:53:32","guid":{"rendered":"http:\/\/www.ub.edu\/InfoBBAA\/?p=31986"},"modified":"2022-03-11T12:53:35","modified_gmt":"2022-03-11T10:53:35","slug":"convocatoria-beques-de-col%c2%b7laboracio-ub-primavera-2022","status":"publish","type":"post","link":"https:\/\/www.ub.edu\/InfoBBAA\/convocatoria-beques-de-col%c2%b7laboracio-ub-primavera-2022\/","title":{"rendered":"Convocat\u00f2ria &#8211; Beques de Col\u00b7laboraci\u00f3 UB (primavera 2022)"},"content":{"rendered":"\n<div class=\"wp-block-image\"><figure class=\"aligncenter is-resized\"><img fetchpriority=\"high\" decoding=\"async\" src=\"http:\/\/www.ub.edu\/InfoBBAA\/wp-content\/uploads\/2022\/03\/CARTELL_2022.1_page-0001-1024x724.jpg\" alt=\"\" class=\"wp-image-31987\" width=\"524\" height=\"370\" srcset=\"https:\/\/www.ub.edu\/InfoBBAA\/wp-content\/uploads\/2022\/03\/CARTELL_2022.1_page-0001-1024x724.jpg 1024w, https:\/\/www.ub.edu\/InfoBBAA\/wp-content\/uploads\/2022\/03\/CARTELL_2022.1_page-0001-300x212.jpg 300w, https:\/\/www.ub.edu\/InfoBBAA\/wp-content\/uploads\/2022\/03\/CARTELL_2022.1_page-0001-768x543.jpg 768w, https:\/\/www.ub.edu\/InfoBBAA\/wp-content\/uploads\/2022\/03\/CARTELL_2022.1_page-0001.jpg 1755w\" sizes=\"(max-width: 524px) 100vw, 524px\" \/><\/figure><\/div>\n\n\n\n<p>Ha estat publicada a la adre\u00e7a <a rel=\"noreferrer noopener\" href=\"http:\/\/www.ub.edu\/beques\/col.laboracio\/Beques%20colab%20UB\/bcolub_convocatories.html\" target=\"_blank\">web<\/a> i a la <a href=\"https:\/\/seu.ub.edu\/ajutsPublic\/showPublicacion\/288641\">Seu electr\u00f2nica de la Universitat de Barcelona<\/a> la\u00a0seg\u00fcent convocat\u00f2ria de beques i ajuts:<\/p>\n\n\n\n<ul><li><strong>Convocat\u00f2ria ordin\u00e0ria de Primavera, de 10 de mar\u00e7 de 2022, de 155 beques de      col\u00b7laboraci\u00f3 (2022.1)<\/strong><\/li><\/ul>\n\n\n\n<p>Trobareu les convocat\u00f2ries a l&#8217;apartat&nbsp;de<a href=\"https:\/\/seu.ub.edu\/ajutsPublic\/listPublicacions?cat.id=823\" target=\"_blank\" rel=\"noreferrer noopener\">&nbsp;Convocat\u00f2ria d&#8217;ajuts i subvencions<\/a>&nbsp;de&nbsp;la&nbsp;Seu\nElectr\u00f2nica&nbsp;de&nbsp;la&nbsp;Universitat&nbsp;de&nbsp;Barcelona.<\/p>\n\n\n\n<p>Els estudiants interessats a\u00a0demanar aquestes beques hauran d\u2019omplir el formulari\u00a0de\u00a0sol\u00b7licitud a\u00a0la\u00a0<a rel=\"noreferrer noopener\" href=\"https:\/\/seu.ub.edu\/ajutsPublic\/showPublicacion\/287515\" target=\"_blank\">Seu<\/a> a partir de <strong>divendres dia 11 de mar\u00e7 fins al proper 11 d\u2019abril<\/strong>. \u00a0\u00a0\u00a0 <\/p>\n","protected":false},"excerpt":{"rendered":"<p>Ha estat publicada a la adre\u00e7a web i a la Seu electr\u00f2nica de la Universitat de Barcelona la\u00a0seg\u00fcent convocat\u00f2ria de beques i ajuts: Convocat\u00f2ria ordin\u00e0ria de Primavera, de 10 de mar\u00e7 de 2022, de 155 beques de col\u00b7laboraci\u00f3 (2022.1) Trobareu les convocat\u00f2ries a l&#8217;apartat&nbsp;de&nbsp;Convocat\u00f2ria d&#8217;ajuts i subvencions&nbsp;de&nbsp;la&nbsp;Seu Electr\u00f2nica&nbsp;de&nbsp;la&nbsp;Universitat&nbsp;de&nbsp;Barcelona. Els estudiants interessats a\u00a0demanar aquestes beques hauran &#8230; <a title=\"Convocat\u00f2ria &#8211; Beques de Col\u00b7laboraci\u00f3 UB (primavera 2022)\" class=\"read-more\" href=\"https:\/\/www.ub.edu\/InfoBBAA\/convocatoria-beques-de-col%c2%b7laboracio-ub-primavera-2022\/\">Leer m\u00e1s<\/a><\/p>\n","protected":false},"author":2,"featured_media":0,"comment_status":"closed","ping_status":"closed","sticky":false,"template":"","format":"standard","meta":{"generate_page_header":"","_monsterinsights_skip_tracking":false,"_monsterinsights_sitenote_active":false,"_monsterinsights_sitenote_note":"","_monsterinsights_sitenote_category":0,"footnotes":""},"categories":[39,42,43,44,18],"tags":[51,62],"_links":{"self":[{"href":"https:\/\/www.ub.edu\/InfoBBAA\/wp-json\/wp\/v2\/posts\/31986"}],"collection":[{"href":"https:\/\/www.ub.edu\/InfoBBAA\/wp-json\/wp\/v2\/posts"}],"about":[{"href":"https:\/\/www.ub.edu\/InfoBBAA\/wp-json\/wp\/v2\/types\/post"}],"author":[{"embeddable":true,"href":"https:\/\/www.ub.edu\/InfoBBAA\/wp-json\/wp\/v2\/users\/2"}],"replies":[{"embeddable":true,"href":"https:\/\/www.ub.edu\/InfoBBAA\/wp-json\/wp\/v2\/comments?post=31986"}],"version-history":[{"count":1,"href":"https:\/\/www.ub.edu\/InfoBBAA\/wp-json\/wp\/v2\/posts\/31986\/revisions"}],"predecessor-version":[{"id":31988,"href":"https:\/\/www.ub.edu\/InfoBBAA\/wp-json\/wp\/v2\/posts\/31986\/revisions\/31988"}],"wp:attachment":[{"href":"https:\/\/www.ub.edu\/InfoBBAA\/wp-json\/wp\/v2\/media?parent=31986"}],"wp:term":[{"taxonomy":"category","embeddable":true,"href":"https:\/\/www.ub.edu\/InfoBBAA\/wp-json\/wp\/v2\/categories?post=31986"},{"taxonomy":"post_tag","embeddable":true,"href":"https:\/\/www.ub.edu\/InfoBBAA\/wp-json\/wp\/v2\/tags?post=31986"}],"curies":[{"name":"wp","href":"https:\/\/api.w.org\/{rel}","templated":true}]}}