{"id":32374,"date":"2022-07-19T09:40:55","date_gmt":"2022-07-19T07:40:55","guid":{"rendered":"http:\/\/www.ub.edu\/InfoBBAA\/?p=32374"},"modified":"2022-07-19T09:42:20","modified_gmt":"2022-07-19T07:42:20","slug":"32374-2","status":"publish","type":"post","link":"https:\/\/www.ub.edu\/InfoBBAA\/32374-2\/","title":{"rendered":"LListat de matr\u00edcula dels alumnes de nou acc\u00e9s en el grau de disseny"},"content":{"rendered":"\n<figure class=\"wp-block-image\"><img decoding=\"async\" src=\"https:\/\/www.ub.edu\/portal\/documents\/989262\/15169884\/matr%C3%ADcula+disseny+llistat+2022-23\/f599da8c-c097-bc28-fb59-101f5763180a?t=1658142307328\" alt=\"\"\/><\/figure>\n\n\n\n<p>Us informem que ja ha estat&nbsp;publicat el llistat de matr\u00edcula per als alumnes de&nbsp;<strong>nou acc\u00e9s<\/strong>&nbsp;del&nbsp;<strong>Grau de Disseny<\/strong>, de la&nbsp;primera assignaci\u00f3.<\/p>\n\n\n\n<p>Podeu consultar el llistat dins de&nbsp;<a href=\"https:\/\/www.ub.edu\/portal\/web\/bellesarts\/matricula?p_p_id=56_INSTANCE_DedxGm3uJ7if&amp;p_p_lifecycle=0&amp;p_p_state=normal&amp;p_p_mode=view&amp;p_p_col_id=column-4&amp;p_p_col_count=2\">Matr\u00edcula de 1r curs de graus&nbsp;<\/a>o descarregant el seg\u00fcent&nbsp;<a href=\"https:\/\/www.ub.edu\/portal\/documents\/989262\/6835919\/llistat+matr%C3%ADcula+nou+acc%C3%A9s_disseny.pdf\/a40bc5ed-0296-da10-9d73-3573eda030a4\" target=\"_blank\" rel=\"noreferrer noopener\">PDF.<\/a><\/p>\n\n\n\n<p>Us\n recordem que al llistat us trobareu cercant els 6 primers d\u00edgits del \nvostre DNI, aix\u00ed com, l&#8217;hora i el dia que heu de fer la matr\u00edcula.<\/p>\n","protected":false},"excerpt":{"rendered":"<p>Us informem que ja ha estat&nbsp;publicat el llistat de matr\u00edcula per als alumnes de&nbsp;nou acc\u00e9s&nbsp;del&nbsp;Grau de Disseny, de la&nbsp;primera assignaci\u00f3. Podeu consultar el llistat dins de&nbsp;Matr\u00edcula de 1r curs de graus&nbsp;o descarregant el seg\u00fcent&nbsp;PDF. Us recordem que al llistat us trobareu cercant els 6 primers d\u00edgits del vostre DNI, aix\u00ed com, l&#8217;hora i el dia &#8230; <a title=\"LListat de matr\u00edcula dels alumnes de nou acc\u00e9s en el grau de disseny\" class=\"read-more\" href=\"https:\/\/www.ub.edu\/InfoBBAA\/32374-2\/\">Leer m\u00e1s<\/a><\/p>\n","protected":false},"author":2,"featured_media":0,"comment_status":"closed","ping_status":"closed","sticky":false,"template":"","format":"standard","meta":{"generate_page_header":"","_monsterinsights_skip_tracking":false,"_monsterinsights_sitenote_active":false,"_monsterinsights_sitenote_note":"","_monsterinsights_sitenote_category":0,"footnotes":""},"categories":[39],"tags":[],"_links":{"self":[{"href":"https:\/\/www.ub.edu\/InfoBBAA\/wp-json\/wp\/v2\/posts\/32374"}],"collection":[{"href":"https:\/\/www.ub.edu\/InfoBBAA\/wp-json\/wp\/v2\/posts"}],"about":[{"href":"https:\/\/www.ub.edu\/InfoBBAA\/wp-json\/wp\/v2\/types\/post"}],"author":[{"embeddable":true,"href":"https:\/\/www.ub.edu\/InfoBBAA\/wp-json\/wp\/v2\/users\/2"}],"replies":[{"embeddable":true,"href":"https:\/\/www.ub.edu\/InfoBBAA\/wp-json\/wp\/v2\/comments?post=32374"}],"version-history":[{"count":2,"href":"https:\/\/www.ub.edu\/InfoBBAA\/wp-json\/wp\/v2\/posts\/32374\/revisions"}],"predecessor-version":[{"id":32376,"href":"https:\/\/www.ub.edu\/InfoBBAA\/wp-json\/wp\/v2\/posts\/32374\/revisions\/32376"}],"wp:attachment":[{"href":"https:\/\/www.ub.edu\/InfoBBAA\/wp-json\/wp\/v2\/media?parent=32374"}],"wp:term":[{"taxonomy":"category","embeddable":true,"href":"https:\/\/www.ub.edu\/InfoBBAA\/wp-json\/wp\/v2\/categories?post=32374"},{"taxonomy":"post_tag","embeddable":true,"href":"https:\/\/www.ub.edu\/InfoBBAA\/wp-json\/wp\/v2\/tags?post=32374"}],"curies":[{"name":"wp","href":"https:\/\/api.w.org\/{rel}","templated":true}]}}