{"id":32486,"date":"2022-10-19T09:58:29","date_gmt":"2022-10-19T07:58:29","guid":{"rendered":"http:\/\/www.ub.edu\/InfoBBAA\/?p=32486"},"modified":"2022-10-19T09:58:32","modified_gmt":"2022-10-19T07:58:32","slug":"presentacio-del-cataleg-puente-del-col%c2%b7lectiu-la-lleca-mexic","status":"publish","type":"post","link":"https:\/\/www.ub.edu\/InfoBBAA\/presentacio-del-cataleg-puente-del-col%c2%b7lectiu-la-lleca-mexic\/","title":{"rendered":"Presentaci\u00f3 del Cat\u00e0leg PUENTE, del col\u00b7lectiu La LLeca (M\u00e8xic)"},"content":{"rendered":"\n<p class=\"has-small-font-size\"><strong> Presentaci\u00f3:<\/strong> Cat\u00e0leg PUENTE, del col\u00b7lectiu La LLeca (M\u00e8xic)<br> <strong>Presentadors<\/strong>: Lorena M\u00e9ndez (La Lleca) i Columba Zavala (Katapulta)<br><strong> Organitza: <\/strong>Vicedeganat de Cultura i Estudiants, Facultat de Belles Arts, UB<br><strong> Lloc:<\/strong> Sala d\u2019Exposicions (Facultat de Belles Arts\u2013UB) c\/Pau Gargallo, 4. 08028 Barcelona<br><strong> Dates:<\/strong> 24 .10.2022, 17h <\/p>\n\n\n\n<p style=\"text-align:center\" class=\"has-large-font-size\"><strong> 20 Anys a La LLeca<\/strong><br><\/p>\n\n\n\n<p>El proper dilluns 24 de octubre a les 17 hores, Lorena M\u00e9ndez Barrios (La LLeca) i Columba Zabala (Katapulta), presentaran a la Sala d\u2019Exposicions de la Facultat de Belles Arts, el cat\u00e0leg \u201cPUENTE\u201d que recull algunes de les experi\u00e8ncies a La Lleca amb adolescents dones i homes a la pres\u00f3 abans i despr\u00e9s de la pand\u00e8mia.<br><\/p>\n\n\n\n<div class=\"wp-block-image\"><figure class=\"aligncenter is-resized\"><img fetchpriority=\"high\" decoding=\"async\" src=\"http:\/\/www.ub.edu\/InfoBBAA\/wp-content\/uploads\/2022\/10\/Lallecadifusi\u00f3n-1024x678.jpg\" alt=\"\" class=\"wp-image-32487\" width=\"515\" height=\"341\" srcset=\"https:\/\/www.ub.edu\/InfoBBAA\/wp-content\/uploads\/2022\/10\/Lallecadifusi\u00f3n-1024x678.jpg 1024w, https:\/\/www.ub.edu\/InfoBBAA\/wp-content\/uploads\/2022\/10\/Lallecadifusi\u00f3n-300x199.jpg 300w, https:\/\/www.ub.edu\/InfoBBAA\/wp-content\/uploads\/2022\/10\/Lallecadifusi\u00f3n-768x508.jpg 768w, https:\/\/www.ub.edu\/InfoBBAA\/wp-content\/uploads\/2022\/10\/Lallecadifusi\u00f3n.jpg 1080w\" sizes=\"(max-width: 515px) 100vw, 515px\" \/><\/figure><\/div>\n\n\n\n<p>La Lleca \u00e9s un projecte art\u00edstic independent i abolicionista que desenvolupa propostes art\u00edstiques amb grups d&#8217;adolescents, migrants, persones a la pres\u00f3, estudiants, artistes, activistes a M\u00e8xic i a l&#8217;estranger. \u00c9s a trav\u00e9s dels feminismes, la pedagogia corporal, els afectes, la profunda tendresa i la performance que despleguen propostes complexes on l&#8217;energia \u00e9s el motor de la col\u00b7lectiva i el cos present sempre est\u00e0 en acci\u00f3.<br><br>Des dels seus inicis a la proposta s&#8217;entrellacen la imaginaci\u00f3 popular-urbana i una particular resist\u00e8ncia als mandats de g\u00e8nere en contextos on la viol\u00e8ncia s&#8217;ha naturalitzat.<br> Les mediacions cont\u00ednues en grups llibertaris de dones, grups mixts i col\u00b7lectives \u00e9s una de les seves tasques durant aquesta darrera d\u00e8cada.<\/p>\n","protected":false},"excerpt":{"rendered":"<p>Presentaci\u00f3: Cat\u00e0leg PUENTE, del col\u00b7lectiu La LLeca (M\u00e8xic) Presentadors: Lorena M\u00e9ndez (La Lleca) i Columba Zavala (Katapulta) Organitza: Vicedeganat de Cultura i Estudiants, Facultat de Belles Arts, UB Lloc: Sala d\u2019Exposicions (Facultat de Belles Arts\u2013UB) c\/Pau Gargallo, 4. 08028 Barcelona Dates: 24 .10.2022, 17h 20 Anys a La LLeca El proper dilluns 24 de octubre &#8230; <a title=\"Presentaci\u00f3 del Cat\u00e0leg PUENTE, del col\u00b7lectiu La LLeca (M\u00e8xic)\" class=\"read-more\" href=\"https:\/\/www.ub.edu\/InfoBBAA\/presentacio-del-cataleg-puente-del-col%c2%b7lectiu-la-lleca-mexic\/\">Leer m\u00e1s<\/a><\/p>\n","protected":false},"author":2,"featured_media":0,"comment_status":"closed","ping_status":"closed","sticky":false,"template":"","format":"standard","meta":{"generate_page_header":"","_monsterinsights_skip_tracking":false,"_monsterinsights_sitenote_active":false,"_monsterinsights_sitenote_note":"","_monsterinsights_sitenote_category":0,"footnotes":""},"categories":[39],"tags":[],"_links":{"self":[{"href":"https:\/\/www.ub.edu\/InfoBBAA\/wp-json\/wp\/v2\/posts\/32486"}],"collection":[{"href":"https:\/\/www.ub.edu\/InfoBBAA\/wp-json\/wp\/v2\/posts"}],"about":[{"href":"https:\/\/www.ub.edu\/InfoBBAA\/wp-json\/wp\/v2\/types\/post"}],"author":[{"embeddable":true,"href":"https:\/\/www.ub.edu\/InfoBBAA\/wp-json\/wp\/v2\/users\/2"}],"replies":[{"embeddable":true,"href":"https:\/\/www.ub.edu\/InfoBBAA\/wp-json\/wp\/v2\/comments?post=32486"}],"version-history":[{"count":1,"href":"https:\/\/www.ub.edu\/InfoBBAA\/wp-json\/wp\/v2\/posts\/32486\/revisions"}],"predecessor-version":[{"id":32488,"href":"https:\/\/www.ub.edu\/InfoBBAA\/wp-json\/wp\/v2\/posts\/32486\/revisions\/32488"}],"wp:attachment":[{"href":"https:\/\/www.ub.edu\/InfoBBAA\/wp-json\/wp\/v2\/media?parent=32486"}],"wp:term":[{"taxonomy":"category","embeddable":true,"href":"https:\/\/www.ub.edu\/InfoBBAA\/wp-json\/wp\/v2\/categories?post=32486"},{"taxonomy":"post_tag","embeddable":true,"href":"https:\/\/www.ub.edu\/InfoBBAA\/wp-json\/wp\/v2\/tags?post=32486"}],"curies":[{"name":"wp","href":"https:\/\/api.w.org\/{rel}","templated":true}]}}