{"id":34624,"date":"2024-06-26T13:26:26","date_gmt":"2024-06-26T11:26:26","guid":{"rendered":"https:\/\/www.ub.edu\/InfoBBAA\/?p=34624"},"modified":"2024-07-19T14:02:48","modified_gmt":"2024-07-19T12:02:48","slug":"vi-premi-a-la-qualitat-linguistica-dels-treballs-finals-de-grau-de-la-facultat-de-belles-arts","status":"publish","type":"post","link":"https:\/\/www.ub.edu\/InfoBBAA\/vi-premi-a-la-qualitat-linguistica-dels-treballs-finals-de-grau-de-la-facultat-de-belles-arts\/","title":{"rendered":"VI Premi a la qualitat ling\u00fc\u00edstica dels Treballs Finals de Grau de la Facultat de Belles Arts"},"content":{"rendered":"\t\t<div data-elementor-type=\"wp-post\" data-elementor-id=\"34624\" class=\"elementor elementor-34624\">\n\t\t\t\t\t\t<section class=\"elementor-section elementor-top-section elementor-element elementor-element-fdcff25 elementor-section-boxed elementor-section-height-default elementor-section-height-default\" data-id=\"fdcff25\" data-element_type=\"section\">\n\t\t\t\t\t\t<div class=\"elementor-container elementor-column-gap-default\">\n\t\t\t\t\t<div class=\"elementor-column elementor-col-100 elementor-top-column elementor-element elementor-element-16fd3c4\" data-id=\"16fd3c4\" data-element_type=\"column\">\n\t\t\t<div class=\"elementor-widget-wrap elementor-element-populated\">\n\t\t\t\t\t\t<div class=\"elementor-element elementor-element-f7f2d0f elementor-widget elementor-widget-heading\" data-id=\"f7f2d0f\" data-element_type=\"widget\" data-widget_type=\"heading.default\">\n\t\t\t\t<div class=\"elementor-widget-container\">\n\t\t\t<h2 class=\"elementor-heading-title elementor-size-default\">Per\u00edode de la convocat\u00f2ria compr\u00e9s entre el 8 i el 19 de juliol (Apliaci\u00f3 dela convocatoria fins al 28 de juliol!) <\/h2>\t\t<\/div>\n\t\t\t\t<\/div>\n\t\t\t\t<div class=\"elementor-element elementor-element-7cc8161 elementor-widget elementor-widget-text-editor\" data-id=\"7cc8161\" data-element_type=\"widget\" data-widget_type=\"text-editor.default\">\n\t\t\t\t<div class=\"elementor-widget-container\">\n\t\t\t\t\t\t\t<p style=\"text-align: justify;\"><span style=\"font-family: georgia, palatino, serif; font-size: 12pt;\">La Comissi\u00f3 de Dinamitzaci\u00f3 Ling\u00fc\u00edstica de la Facultat de Belles Arts de la Universitat de Barcelona vol encoratjar els estudiants del Grau en Belles Arts, del Grau en Disseny i del Grau en Conservaci\u00f3-Restauraci\u00f3 de B\u00e9ns Culturals a <strong>utilitzar la llengua catalana en la redacci\u00f3 de la mem\u00f2ria i l\u2019exposici\u00f3 dels Treballs Finals de Grau (TFG), i alhora a millorar-ne l\u2019\u00fas.<\/strong> Per aquest motiu, convoca la <strong>sisena edici\u00f3<\/strong> d\u2019aquest premi, que reconeix la <strong>qualitat ling\u00fc\u00edstica dels TFG escrits en catal\u00e0<\/strong>.<\/span><\/p><p style=\"text-align: justify;\"><span style=\"font-family: georgia, palatino, serif; font-size: 12pt;\">El premi s\u2019adre\u00e7a a l\u2019<strong>alumnat del Grau en Belles Arts, del Grau en Disseny i del Grau en Conservaci\u00f3-Restauraci\u00f3 de B\u00e9ns Culturals que hagi redactat i presentat el TFG en catal\u00e0 en el curs 2023-2024<\/strong>. L&#8217;organitzaci\u00f3 ve donada per <strong>Comissi\u00f3 de Dinamitzaci\u00f3 Ling\u00fc\u00edstica de la Facultat de Belles Arts i Serveis Ling\u00fc\u00edstics de la Universitat de Barcelona<\/strong>. Amb el suport de la<strong> Facultat de Belles Arts i del Vicerectorat de Relacions Institucionals, Comunicaci\u00f3 i Pol\u00edtica Ling\u00fc\u00edstica de la Universitat de Barcelona.<\/strong><\/span><\/p><p style=\"text-align: justify;\"><span style=\"font-family: georgia, palatino, serif; font-size: 12pt;\">S\u2019atorgaran cinc premis individuals de<strong> 300 euros<\/strong>, distribu\u00efts de la seg\u00fcent manera: <strong>tres pel Grau en Belles Arts, un pel Grau en Conservaci\u00f3-Restauraci\u00f3 de B\u00e9ns Culturals i un pel Grau en Disseny<\/strong>. Aix\u00ed mateix, s\u2019expedir\u00e0 un diploma acreditatiu a les persones guanyadores.<\/span><\/p><p style=\"text-align: justify;\"><span style=\"font-family: georgia, palatino, serif; font-size: 12pt;\">Podran optar al premi els TFG del<strong> Grau en Belles Arts i del Grau en Conservaci\u00f3-Restauraci\u00f3 de B\u00e9ns Culturals<\/strong> que hagin obtingut una <strong>qualificaci\u00f3 final superior a 9,0<\/strong> i els TFG del <strong>Grau en Disseny<\/strong> que hagin obtingut una <strong>qualificaci\u00f3 final superior a 8,0<\/strong>.<\/span><\/p><p style=\"text-align: justify;\"><span style=\"font-family: georgia, palatino, serif; font-size: 12pt;\">Si t&#8217;interessa participar en la convocatoria llegeix<strong> les bases aqu\u00ed<\/strong> <a href=\"https:\/\/www.ub.edu\/InfoBBAA\/wp-content\/uploads\/2024\/06\/Bases_Premis-TFG-CL-BBAA_2023-24.pdf\">Bases_Premis-TFG-CL-BBAA_2023-24<\/a><\/span><\/p><p><span style=\"color: #ff0000; font-family: georgia, palatino, serif; font-size: 12pt;\"><strong>*Convocat\u00f2ria ampliada! (fins al 28 de juliol)<\/strong><\/span><\/p><p style=\"text-align: justify;\"><span style=\"font-family: georgia, palatino, serif; font-size: 12pt;\">Per a participar cal emplenar un <strong>formulari de participaci\u00f3<\/strong> (<a href=\"https:\/\/www.ub.edu\/InfoBBAA\/wp-content\/uploads\/2024\/06\/Formulari_Premis-TFG-CL-BBAA_2023-24.pdf\">Formulari_Premis-TFG-CL-BBAA_2023-24<\/a>) amb les seves dades personals i les del seu TFG, i trametre\u2019l a l\u2019adre\u00e7a de correu electr\u00f2nic de la Comissi\u00f3 (<strong>xdl.belles.arts@ub.edu<\/strong>),adjuntant una <strong>c\u00f2pia digital del seu TFG en format PDF<\/strong>.\u00a0Com a condici\u00f3 ineludible per poder optar a la convocat\u00f2ria, les persones candidates hauran d\u2019haver <\/span><br \/><span style=\"font-family: georgia, palatino, serif; font-size: 12pt;\"><strong>autoritzat l\u2019arxiu i difusi\u00f3 del seu TFG<\/strong> al <a href=\"https:\/\/diposit.ub.edu\/dspace\/\">Dip\u00f2sit Digital de la Universitat de Barcelona.<\/a><\/span><\/p><p style=\"text-align: justify;\"><span style=\"font-family: georgia, palatino, serif; font-size: 12pt;\">Per a m\u00e9s informaci\u00f3 consulta-la <a href=\"https:\/\/www.ub.edu\/enxarxats\/premis-linguistics\">aqu\u00ed<\/a>.<\/span><\/p><p style=\"text-align: justify;\"><span style=\"font-family: georgia, palatino, serif; font-size: 12pt;\">Animat i participa!<\/span><\/p>\t\t\t\t\t\t<\/div>\n\t\t\t\t<\/div>\n\t\t\t\t\t<\/div>\n\t\t<\/div>\n\t\t\t\t\t<\/div>\n\t\t<\/section>\n\t\t\t\t<\/div>\n\t\t","protected":false},"excerpt":{"rendered":"<p>Per\u00edode de la convocat\u00f2ria compr\u00e9s entre el 8 i el 19 de juliol (Apliaci\u00f3 dela convocatoria fins al 28 de juliol!) La Comissi\u00f3 de Dinamitzaci\u00f3 Ling\u00fc\u00edstica de la Facultat de Belles Arts de la Universitat de Barcelona vol encoratjar els estudiants del Grau en Belles Arts, del Grau en Disseny i del Grau en Conservaci\u00f3-Restauraci\u00f3 &#8230; <a title=\"VI Premi a la qualitat ling\u00fc\u00edstica dels Treballs Finals de Grau de la Facultat de Belles Arts\" class=\"read-more\" href=\"https:\/\/www.ub.edu\/InfoBBAA\/vi-premi-a-la-qualitat-linguistica-dels-treballs-finals-de-grau-de-la-facultat-de-belles-arts\/\">Leer m\u00e1s<\/a><\/p>\n","protected":false},"author":2,"featured_media":0,"comment_status":"closed","ping_status":"closed","sticky":false,"template":"","format":"standard","meta":{"generate_page_header":"","_monsterinsights_skip_tracking":false,"_monsterinsights_sitenote_active":false,"_monsterinsights_sitenote_note":"","_monsterinsights_sitenote_category":0,"footnotes":""},"categories":[42,43,44,34],"tags":[],"_links":{"self":[{"href":"https:\/\/www.ub.edu\/InfoBBAA\/wp-json\/wp\/v2\/posts\/34624"}],"collection":[{"href":"https:\/\/www.ub.edu\/InfoBBAA\/wp-json\/wp\/v2\/posts"}],"about":[{"href":"https:\/\/www.ub.edu\/InfoBBAA\/wp-json\/wp\/v2\/types\/post"}],"author":[{"embeddable":true,"href":"https:\/\/www.ub.edu\/InfoBBAA\/wp-json\/wp\/v2\/users\/2"}],"replies":[{"embeddable":true,"href":"https:\/\/www.ub.edu\/InfoBBAA\/wp-json\/wp\/v2\/comments?post=34624"}],"version-history":[{"count":10,"href":"https:\/\/www.ub.edu\/InfoBBAA\/wp-json\/wp\/v2\/posts\/34624\/revisions"}],"predecessor-version":[{"id":34775,"href":"https:\/\/www.ub.edu\/InfoBBAA\/wp-json\/wp\/v2\/posts\/34624\/revisions\/34775"}],"wp:attachment":[{"href":"https:\/\/www.ub.edu\/InfoBBAA\/wp-json\/wp\/v2\/media?parent=34624"}],"wp:term":[{"taxonomy":"category","embeddable":true,"href":"https:\/\/www.ub.edu\/InfoBBAA\/wp-json\/wp\/v2\/categories?post=34624"},{"taxonomy":"post_tag","embeddable":true,"href":"https:\/\/www.ub.edu\/InfoBBAA\/wp-json\/wp\/v2\/tags?post=34624"}],"curies":[{"name":"wp","href":"https:\/\/api.w.org\/{rel}","templated":true}]}}