{"id":35321,"date":"2024-11-19T10:55:13","date_gmt":"2024-11-19T08:55:13","guid":{"rendered":"https:\/\/www.ub.edu\/InfoBBAA\/?p=35321"},"modified":"2024-11-19T10:55:54","modified_gmt":"2024-11-19T08:55:54","slug":"art-i-contemporaneitat-a-menorca-art-i-educacio","status":"publish","type":"post","link":"https:\/\/www.ub.edu\/InfoBBAA\/art-i-contemporaneitat-a-menorca-art-i-educacio\/","title":{"rendered":"Art i Contemporane\u00eftat a Menorca, Art i Educaci\u00f3"},"content":{"rendered":"\t\t<div data-elementor-type=\"wp-post\" data-elementor-id=\"35321\" class=\"elementor elementor-35321\">\n\t\t\t\t\t\t<section class=\"elementor-section elementor-top-section elementor-element elementor-element-09aee73 elementor-section-boxed elementor-section-height-default elementor-section-height-default\" data-id=\"09aee73\" data-element_type=\"section\">\n\t\t\t\t\t\t<div class=\"elementor-container elementor-column-gap-default\">\n\t\t\t\t\t<div class=\"elementor-column elementor-col-100 elementor-top-column elementor-element elementor-element-0dd3eb0\" data-id=\"0dd3eb0\" data-element_type=\"column\">\n\t\t\t<div class=\"elementor-widget-wrap elementor-element-populated\">\n\t\t\t\t\t\t<div class=\"elementor-element elementor-element-860b0ac elementor-widget elementor-widget-heading\" data-id=\"860b0ac\" data-element_type=\"widget\" data-widget_type=\"heading.default\">\n\t\t\t\t<div class=\"elementor-widget-container\">\n\t\t\t<h2 class=\"elementor-heading-title elementor-size-default\">IV Jornades de Reflexi\u00f3 i Debat<\/h2>\t\t<\/div>\n\t\t\t\t<\/div>\n\t\t\t\t<section class=\"elementor-section elementor-inner-section elementor-element elementor-element-56be95c elementor-section-boxed elementor-section-height-default elementor-section-height-default\" data-id=\"56be95c\" data-element_type=\"section\">\n\t\t\t\t\t\t<div class=\"elementor-container elementor-column-gap-default\">\n\t\t\t\t\t<div class=\"elementor-column elementor-col-50 elementor-inner-column elementor-element elementor-element-0511759\" data-id=\"0511759\" data-element_type=\"column\">\n\t\t\t<div class=\"elementor-widget-wrap elementor-element-populated\">\n\t\t\t\t\t\t<div class=\"elementor-element elementor-element-d10143a elementor-widget elementor-widget-text-editor\" data-id=\"d10143a\" data-element_type=\"widget\" data-widget_type=\"text-editor.default\">\n\t\t\t\t<div class=\"elementor-widget-container\">\n\t\t\t\t\t\t\t<p style=\"text-align: justify;\"><span style=\"font-size: 12pt; font-family: georgia, palatino, serif;\">El di\u00e0leg permanent entre el sistema educatiu i l\u2019escena art\u00edstica \u00e9s l\u2019objecte d\u2019aquestes <em>IV Jornades Art i Contemporane\u00eftat<\/em> a Menorca, que conviden a la participaci\u00f3 de la comunitat art\u00edstica i l&#8217;educativa.<\/span><\/p><p style=\"text-align: justify;\"><br \/><span style=\"font-size: 12pt; font-family: georgia, palatino, serif;\">Les traject\u00f2ries art\u00edstiques requereixen una educaci\u00f3 art\u00edstica s\u00f2lida, que presenta importants reptes en totes les etapes educatives i la recerca.<\/span><br \/><span style=\"font-size: 12pt; font-family: georgia, palatino, serif;\">Alhora, <strong>l\u2019art esdev\u00e9 un instrument per replantejar les pr\u00e0ctiques educatives<\/strong> dins l&#8217;aula i per transformar i cohesionar la societat.<\/span><\/p><p style=\"text-align: justify;\"><strong><span style=\"font-size: 12pt; font-family: georgia, palatino, serif;\">Comit\u00e8 organitzador:<\/span><\/strong><br \/><span style=\"font-size: 12pt; font-family: georgia, palatino, serif;\">T\u00f3nia Coll, Miquel Antoni Pons, Am\u00e0lia P\u00e9rez-Juez, Sergi Mar\u00ed, Javier Delgado, Emili Cano, Neus Vidal, i Marta Jordi.<\/span><\/p><p><span style=\"font-size: 12pt; font-family: georgia, palatino, serif;\">A continuaci\u00f3 el fullet en digital que cont\u00e9 tota la <strong>programaci\u00f3 de les jornades<\/strong>: <a href=\"https:\/\/www.ub.edu\/InfoBBAA\/wp-content\/uploads\/2024\/11\/Fullet-IV-Jornades-Art-i-Educacio-digital.pdf\">Fullet IV Jornades Art i Educacio\u0301 (digital)<\/a><\/span><\/p><p>\u00a0<\/p>\t\t\t\t\t\t<\/div>\n\t\t\t\t<\/div>\n\t\t\t\t\t<\/div>\n\t\t<\/div>\n\t\t\t\t<div class=\"elementor-column elementor-col-50 elementor-inner-column elementor-element elementor-element-6c6f7c1\" data-id=\"6c6f7c1\" data-element_type=\"column\">\n\t\t\t<div class=\"elementor-widget-wrap elementor-element-populated\">\n\t\t\t\t\t\t<div class=\"elementor-element elementor-element-ff3f975 elementor-widget elementor-widget-image\" data-id=\"ff3f975\" data-element_type=\"widget\" data-widget_type=\"image.default\">\n\t\t\t\t<div class=\"elementor-widget-container\">\n\t\t\t\t\t\t\t\t\t\t\t\t\t<img fetchpriority=\"high\" decoding=\"async\" width=\"488\" height=\"1024\" src=\"https:\/\/www.ub.edu\/InfoBBAA\/wp-content\/uploads\/2024\/11\/Cartell-IV-Jornades-Art-i-Educacio-final-488x1024.jpg\" class=\"attachment-large size-large wp-image-35323\" alt=\"\" srcset=\"https:\/\/www.ub.edu\/InfoBBAA\/wp-content\/uploads\/2024\/11\/Cartell-IV-Jornades-Art-i-Educacio-final-488x1024.jpg 488w, https:\/\/www.ub.edu\/InfoBBAA\/wp-content\/uploads\/2024\/11\/Cartell-IV-Jornades-Art-i-Educacio-final-143x300.jpg 143w, https:\/\/www.ub.edu\/InfoBBAA\/wp-content\/uploads\/2024\/11\/Cartell-IV-Jornades-Art-i-Educacio-final-768x1613.jpg 768w, https:\/\/www.ub.edu\/InfoBBAA\/wp-content\/uploads\/2024\/11\/Cartell-IV-Jornades-Art-i-Educacio-final-731x1536.jpg 731w, https:\/\/www.ub.edu\/InfoBBAA\/wp-content\/uploads\/2024\/11\/Cartell-IV-Jornades-Art-i-Educacio-final-975x2048.jpg 975w, https:\/\/www.ub.edu\/InfoBBAA\/wp-content\/uploads\/2024\/11\/Cartell-IV-Jornades-Art-i-Educacio-final-scaled.jpg 1219w\" sizes=\"(max-width: 488px) 100vw, 488px\" \/>\t\t\t\t\t\t\t\t\t\t\t\t\t<\/div>\n\t\t\t\t<\/div>\n\t\t\t\t\t<\/div>\n\t\t<\/div>\n\t\t\t\t\t<\/div>\n\t\t<\/section>\n\t\t\t\t\t<\/div>\n\t\t<\/div>\n\t\t\t\t\t<\/div>\n\t\t<\/section>\n\t\t\t\t<\/div>\n\t\t","protected":false},"excerpt":{"rendered":"<p>IV Jornades de Reflexi\u00f3 i Debat El di\u00e0leg permanent entre el sistema educatiu i l\u2019escena art\u00edstica \u00e9s l\u2019objecte d\u2019aquestes IV Jornades Art i Contemporane\u00eftat a Menorca, que conviden a la participaci\u00f3 de la comunitat art\u00edstica i l&#8217;educativa. Les traject\u00f2ries art\u00edstiques requereixen una educaci\u00f3 art\u00edstica s\u00f2lida, que presenta importants reptes en totes les etapes educatives i &#8230; <a title=\"Art i Contemporane\u00eftat a Menorca, Art i Educaci\u00f3\" class=\"read-more\" href=\"https:\/\/www.ub.edu\/InfoBBAA\/art-i-contemporaneitat-a-menorca-art-i-educacio\/\">Leer m\u00e1s<\/a><\/p>\n","protected":false},"author":2,"featured_media":0,"comment_status":"closed","ping_status":"closed","sticky":false,"template":"","format":"standard","meta":{"generate_page_header":"","_monsterinsights_skip_tracking":false,"_monsterinsights_sitenote_active":false,"_monsterinsights_sitenote_note":"","_monsterinsights_sitenote_category":0,"footnotes":""},"categories":[39],"tags":[],"_links":{"self":[{"href":"https:\/\/www.ub.edu\/InfoBBAA\/wp-json\/wp\/v2\/posts\/35321"}],"collection":[{"href":"https:\/\/www.ub.edu\/InfoBBAA\/wp-json\/wp\/v2\/posts"}],"about":[{"href":"https:\/\/www.ub.edu\/InfoBBAA\/wp-json\/wp\/v2\/types\/post"}],"author":[{"embeddable":true,"href":"https:\/\/www.ub.edu\/InfoBBAA\/wp-json\/wp\/v2\/users\/2"}],"replies":[{"embeddable":true,"href":"https:\/\/www.ub.edu\/InfoBBAA\/wp-json\/wp\/v2\/comments?post=35321"}],"version-history":[{"count":4,"href":"https:\/\/www.ub.edu\/InfoBBAA\/wp-json\/wp\/v2\/posts\/35321\/revisions"}],"predecessor-version":[{"id":35327,"href":"https:\/\/www.ub.edu\/InfoBBAA\/wp-json\/wp\/v2\/posts\/35321\/revisions\/35327"}],"wp:attachment":[{"href":"https:\/\/www.ub.edu\/InfoBBAA\/wp-json\/wp\/v2\/media?parent=35321"}],"wp:term":[{"taxonomy":"category","embeddable":true,"href":"https:\/\/www.ub.edu\/InfoBBAA\/wp-json\/wp\/v2\/categories?post=35321"},{"taxonomy":"post_tag","embeddable":true,"href":"https:\/\/www.ub.edu\/InfoBBAA\/wp-json\/wp\/v2\/tags?post=35321"}],"curies":[{"name":"wp","href":"https:\/\/api.w.org\/{rel}","templated":true}]}}