{"id":35594,"date":"2025-01-29T11:23:01","date_gmt":"2025-01-29T09:23:01","guid":{"rendered":"https:\/\/www.ub.edu\/InfoBBAA\/?p=35594"},"modified":"2025-02-10T10:24:34","modified_gmt":"2025-02-10T08:24:34","slug":"premi-atlante-de-gravat","status":"publish","type":"post","link":"https:\/\/www.ub.edu\/InfoBBAA\/premi-atlante-de-gravat\/","title":{"rendered":"Premi Atlante de Gravat"},"content":{"rendered":"\t\t<div data-elementor-type=\"wp-post\" data-elementor-id=\"35594\" class=\"elementor elementor-35594\">\n\t\t\t\t\t\t<section class=\"elementor-section elementor-top-section elementor-element elementor-element-b886a8e elementor-section-boxed elementor-section-height-default elementor-section-height-default\" data-id=\"b886a8e\" data-element_type=\"section\">\n\t\t\t\t\t\t<div class=\"elementor-container elementor-column-gap-default\">\n\t\t\t\t\t<div class=\"elementor-column elementor-col-100 elementor-top-column elementor-element elementor-element-6a1af2a\" data-id=\"6a1af2a\" data-element_type=\"column\">\n\t\t\t<div class=\"elementor-widget-wrap elementor-element-populated\">\n\t\t\t\t\t\t<div class=\"elementor-element elementor-element-222aebb elementor-widget elementor-widget-heading\" data-id=\"222aebb\" data-element_type=\"widget\" data-widget_type=\"heading.default\">\n\t\t\t\t<div class=\"elementor-widget-container\">\n\t\t\t<h2 class=\"elementor-heading-title elementor-size-default\">XVI Premi de Gravat<\/h2>\t\t<\/div>\n\t\t\t\t<\/div>\n\t\t\t\t<div class=\"elementor-element elementor-element-fa3c29f elementor-widget elementor-widget-image\" data-id=\"fa3c29f\" data-element_type=\"widget\" data-widget_type=\"image.default\">\n\t\t\t\t<div class=\"elementor-widget-container\">\n\t\t\t\t\t\t\t\t\t\t\t\t\t<img fetchpriority=\"high\" decoding=\"async\" width=\"801\" height=\"608\" src=\"https:\/\/www.ub.edu\/InfoBBAA\/wp-content\/uploads\/2025\/01\/Premio-Atlante.png\" class=\"attachment-large size-large wp-image-35597\" alt=\"\" srcset=\"https:\/\/www.ub.edu\/InfoBBAA\/wp-content\/uploads\/2025\/01\/Premio-Atlante.png 801w, https:\/\/www.ub.edu\/InfoBBAA\/wp-content\/uploads\/2025\/01\/Premio-Atlante-300x228.png 300w, https:\/\/www.ub.edu\/InfoBBAA\/wp-content\/uploads\/2025\/01\/Premio-Atlante-768x583.png 768w\" sizes=\"(max-width: 801px) 100vw, 801px\" \/>\t\t\t\t\t\t\t\t\t\t\t\t\t<\/div>\n\t\t\t\t<\/div>\n\t\t\t\t<section class=\"elementor-section elementor-inner-section elementor-element elementor-element-aafb000 elementor-section-boxed elementor-section-height-default elementor-section-height-default\" data-id=\"aafb000\" data-element_type=\"section\">\n\t\t\t\t\t\t<div class=\"elementor-container elementor-column-gap-default\">\n\t\t\t\t\t<div class=\"elementor-column elementor-col-50 elementor-inner-column elementor-element elementor-element-b2c6663\" data-id=\"b2c6663\" data-element_type=\"column\">\n\t\t\t<div class=\"elementor-widget-wrap elementor-element-populated\">\n\t\t\t\t\t\t<div class=\"elementor-element elementor-element-3c0e26f elementor-widget elementor-widget-text-editor\" data-id=\"3c0e26f\" data-element_type=\"widget\" data-widget_type=\"text-editor.default\">\n\t\t\t\t<div class=\"elementor-widget-container\">\n\t\t\t\t\t\t\t<p style=\"text-align: justify;\"><span style=\"font-family: georgia, palatino, serif; font-size: 12pt;\">Podran participar tots els artistes nacionals i estrangers que ho desitgin. Les obres hauran d&#8217;estar executades necess\u00e0riament en <strong>qualsevol dels sistemes i t\u00e8cniques de l&#8217;art gr\u00e0fic, inclosos els procediments digitals i electrogr\u00e0fics<\/strong>, que consideri convenient l&#8217;artista.<\/span><\/p><p style=\"text-align: justify;\"><span style=\"font-family: georgia, palatino, serif; font-size: 12pt;\">S&#8217;admetran com a m\u00e0xim<strong> dues obres per autor<\/strong>. La grand\u00e0ria del paper ser\u00e0 de 38 cm x 28 cm. L&#8217;artista podr\u00e0 utilitzar les tintes i matrius que estimi convenient per a l&#8217;estampaci\u00f3 dels originals.<\/span><\/p><p style=\"text-align: justify;\"><span style=\"font-family: georgia, palatino, serif; font-size: 12pt;\">Els gravats seran <strong>in\u00e8dits i no haver estat editats ni numerats<\/strong>. Els premis atorgats comporten l&#8217;edici\u00f3 de les obres premiades en<strong> 25 exemplars i 2 proves d&#8217;artista<\/strong> i el seu lliurament a la <em>Fundacion Museo de Artes<\/em>.<\/span><\/p><p style=\"text-align: justify;\">\u00a0<\/p>\t\t\t\t\t\t<\/div>\n\t\t\t\t<\/div>\n\t\t\t\t\t<\/div>\n\t\t<\/div>\n\t\t\t\t<div class=\"elementor-column elementor-col-50 elementor-inner-column elementor-element elementor-element-017b732\" data-id=\"017b732\" data-element_type=\"column\">\n\t\t\t<div class=\"elementor-widget-wrap elementor-element-populated\">\n\t\t\t\t\t\t<div class=\"elementor-element elementor-element-71fc7d9 elementor-widget elementor-widget-text-editor\" data-id=\"71fc7d9\" data-element_type=\"widget\" data-widget_type=\"text-editor.default\">\n\t\t\t\t<div class=\"elementor-widget-container\">\n\t\t\t\t\t\t\t<p style=\"text-align: justify;\"><span style=\"font-family: georgia, palatino, serif; font-size: 12pt;\">Els Premis son els seg\u00fcents: <\/span><\/p><p style=\"text-align: justify;\"><span style=\"font-family: georgia, palatino, serif; font-size: 12pt;\"><strong>Premi Ramiro Carregal<\/strong> de gravat de<strong> 5.000\u20ac<\/strong>, <\/span><span style=\"font-family: georgia, palatino, serif; font-size: 12pt;\"><strong>3 premis<\/strong> dotats amb <strong>2.500 \u20ac<\/strong> cadascun, <\/span><strong><span style=\"font-family: georgia, palatino, serif; font-size: 12pt;\">1 premi especial Pedras de <\/span><\/strong><span style=\"font-family: georgia, palatino, serif; font-size: 12pt;\"><strong>Santiago<\/strong>, de <strong>2.500\u20ac<\/strong>, per a un artista nascut o resident a Gal\u00edcia i<strong> 1 premi especial Manuel Ayaso<\/strong> per a artistes menors de 25 anys en la data de la convocat\u00f2ria del premi, dotat amb <strong>2.000 \u20ac<\/strong>.<\/span><\/p><p style=\"text-align: justify;\"><span style=\"font-family: georgia, palatino, serif; font-size: 12pt;\"> Aquests premis estaran subjectes a les retencions marcades per llei.<\/span><\/p><p style=\"text-align: justify;\"><span style=\"font-family: georgia, palatino, serif; font-size: 12pt;\">Consulta les<strong> bases de a convocat\u00f2ria<\/strong> a continuaci\u00f3:\u00a0 <a href=\"https:\/\/www.ub.edu\/InfoBBAA\/wp-content\/uploads\/2025\/01\/Bases_XVI_Premio_Atlante.pdf\">Bases_XVI_Premio_Atlante<\/a><\/span><\/p><p style=\"text-align: justify;\"><span style=\"font-family: georgia, palatino, serif; font-size: 12pt;\"><a href=\"https:\/\/www.fundartes.gal\/premio-atlante\/\">Per a m\u00e9s informaci\u00f3 ves a l&#8217;enlla\u00e7<\/a>.<\/span><\/p>\t\t\t\t\t\t<\/div>\n\t\t\t\t<\/div>\n\t\t\t\t\t<\/div>\n\t\t<\/div>\n\t\t\t\t\t<\/div>\n\t\t<\/section>\n\t\t\t\t\t<\/div>\n\t\t<\/div>\n\t\t\t\t\t<\/div>\n\t\t<\/section>\n\t\t\t\t<\/div>\n\t\t","protected":false},"excerpt":{"rendered":"<p>XVI Premi de Gravat Podran participar tots els artistes nacionals i estrangers que ho desitgin. Les obres hauran d&#8217;estar executades necess\u00e0riament en qualsevol dels sistemes i t\u00e8cniques de l&#8217;art gr\u00e0fic, inclosos els procediments digitals i electrogr\u00e0fics, que consideri convenient l&#8217;artista. S&#8217;admetran com a m\u00e0xim dues obres per autor. La grand\u00e0ria del paper ser\u00e0 de 38 &#8230; <a title=\"Premi Atlante de Gravat\" class=\"read-more\" href=\"https:\/\/www.ub.edu\/InfoBBAA\/premi-atlante-de-gravat\/\">Leer m\u00e1s<\/a><\/p>\n","protected":false},"author":2,"featured_media":0,"comment_status":"closed","ping_status":"closed","sticky":false,"template":"","format":"standard","meta":{"generate_page_header":"","_monsterinsights_skip_tracking":false,"_monsterinsights_sitenote_active":false,"_monsterinsights_sitenote_note":"","_monsterinsights_sitenote_category":0,"footnotes":""},"categories":[34,15],"tags":[],"_links":{"self":[{"href":"https:\/\/www.ub.edu\/InfoBBAA\/wp-json\/wp\/v2\/posts\/35594"}],"collection":[{"href":"https:\/\/www.ub.edu\/InfoBBAA\/wp-json\/wp\/v2\/posts"}],"about":[{"href":"https:\/\/www.ub.edu\/InfoBBAA\/wp-json\/wp\/v2\/types\/post"}],"author":[{"embeddable":true,"href":"https:\/\/www.ub.edu\/InfoBBAA\/wp-json\/wp\/v2\/users\/2"}],"replies":[{"embeddable":true,"href":"https:\/\/www.ub.edu\/InfoBBAA\/wp-json\/wp\/v2\/comments?post=35594"}],"version-history":[{"count":8,"href":"https:\/\/www.ub.edu\/InfoBBAA\/wp-json\/wp\/v2\/posts\/35594\/revisions"}],"predecessor-version":[{"id":35604,"href":"https:\/\/www.ub.edu\/InfoBBAA\/wp-json\/wp\/v2\/posts\/35594\/revisions\/35604"}],"wp:attachment":[{"href":"https:\/\/www.ub.edu\/InfoBBAA\/wp-json\/wp\/v2\/media?parent=35594"}],"wp:term":[{"taxonomy":"category","embeddable":true,"href":"https:\/\/www.ub.edu\/InfoBBAA\/wp-json\/wp\/v2\/categories?post=35594"},{"taxonomy":"post_tag","embeddable":true,"href":"https:\/\/www.ub.edu\/InfoBBAA\/wp-json\/wp\/v2\/tags?post=35594"}],"curies":[{"name":"wp","href":"https:\/\/api.w.org\/{rel}","templated":true}]}}