{"id":35705,"date":"2025-02-21T11:24:35","date_gmt":"2025-02-21T09:24:35","guid":{"rendered":"https:\/\/www.ub.edu\/InfoBBAA\/?p=35705"},"modified":"2025-05-02T12:59:01","modified_gmt":"2025-05-02T10:59:01","slug":"biennal-dart-jove-a-vilafranca-del-penedes","status":"publish","type":"post","link":"https:\/\/www.ub.edu\/InfoBBAA\/biennal-dart-jove-a-vilafranca-del-penedes\/","title":{"rendered":"Biennal d&#8217;art jove a Vilafranca del Pened\u00e8s"},"content":{"rendered":"\t\t<div data-elementor-type=\"wp-post\" data-elementor-id=\"35705\" class=\"elementor elementor-35705\">\n\t\t\t\t\t\t<section class=\"elementor-section elementor-top-section elementor-element elementor-element-e49c0d0 elementor-section-boxed elementor-section-height-default elementor-section-height-default\" data-id=\"e49c0d0\" data-element_type=\"section\">\n\t\t\t\t\t\t<div class=\"elementor-container elementor-column-gap-default\">\n\t\t\t\t\t<div class=\"elementor-column elementor-col-100 elementor-top-column elementor-element elementor-element-646ece1\" data-id=\"646ece1\" data-element_type=\"column\">\n\t\t\t<div class=\"elementor-widget-wrap elementor-element-populated\">\n\t\t\t\t\t\t<div class=\"elementor-element elementor-element-4e079a7 elementor-widget elementor-widget-heading\" data-id=\"4e079a7\" data-element_type=\"widget\" data-widget_type=\"heading.default\">\n\t\t\t\t<div class=\"elementor-widget-container\">\n\t\t\t<h2 class=\"elementor-heading-title elementor-size-default\">\"Glops\"<\/h2>\t\t<\/div>\n\t\t\t\t<\/div>\n\t\t\t\t<section class=\"elementor-section elementor-inner-section elementor-element elementor-element-bcd1321 elementor-section-boxed elementor-section-height-default elementor-section-height-default\" data-id=\"bcd1321\" data-element_type=\"section\">\n\t\t\t\t\t\t<div class=\"elementor-container elementor-column-gap-default\">\n\t\t\t\t\t<div class=\"elementor-column elementor-col-50 elementor-inner-column elementor-element elementor-element-fb0a752\" data-id=\"fb0a752\" data-element_type=\"column\">\n\t\t\t<div class=\"elementor-widget-wrap elementor-element-populated\">\n\t\t\t\t\t\t<div class=\"elementor-element elementor-element-bf7c79e elementor-widget elementor-widget-text-editor\" data-id=\"bf7c79e\" data-element_type=\"widget\" data-widget_type=\"text-editor.default\">\n\t\t\t\t<div class=\"elementor-widget-container\">\n\t\t\t\t\t\t\t<p style=\"text-align: justify;\"><span style=\"font-family: georgia, palatino, serif; font-size: 12pt;\"><strong>Des de la Fundaci\u00f3 Pinnae, us volem informar que el passat 12 de febrer es va presentar la primera edici\u00f3 de GLOPS Biennal d&#8217;Art Jove<\/strong>, amb l&#8217;objectiu d&#8217;estimular i promoure projectes d&#8217;arts visuals entre joves artistes de tot Catalunya. GLOPS busca consolidar-se com una plataforma per impulsar el talent emergent, amb la voluntat de convertir-se en una refer\u00e8ncia en el m\u00f3n de l&#8217;art i creativitat pels joves.<\/span><\/p><p style=\"text-align: justify;\"><span style=\"font-family: georgia, palatino, serif; font-size: 12pt;\">GLOPS consta de dues modalitats:<\/span><\/p><p style=\"text-align: justify;\"><span style=\"font-family: georgia, palatino, serif; font-size: 12pt;\"><strong>Concurs sobre l&#8217;obra realitzada<\/strong><\/span><\/p><p style=\"text-align: justify;\"><span style=\"font-family: georgia, palatino, serif; font-size: 12pt;\">El concurs t\u00e9 com a objectiu seleccionar i exposar fins a una vintena de les millors obres. D\u2019entre aquestes obres que formaran part de l\u2019exposici\u00f3 central de la Biennal, <strong>el jurat n\u2019escollir\u00e0 tres<\/strong> que seran premiades econ\u00f2micament per l\u2019import de <strong>1.500 euros<\/strong> cadascuna.\u00a0<\/span><\/p><p style=\"text-align: justify;\"><span style=\"font-family: georgia, palatino, serif; font-size: 12pt;\"><strong>Resid\u00e8ncia art\u00edstica<\/strong><\/span><\/p><p style=\"text-align: justify;\"><span style=\"font-family: georgia, palatino, serif; font-size: 12pt;\">La resid\u00e8ncia art\u00edstica t\u00e9 com a objectiu generar un proc\u00e9s creatiu amb tres artistes, que ser\u00e0 exposat en el marc de la Biennal.<\/span><\/p><p style=\"text-align: justify;\"><span style=\"font-family: georgia, palatino, serif; font-size: 12pt;\">Els tres seleccionats podran gaudir d&#8217;un espai i recursos durant dos mesos per desenvolupar la seva producci\u00f3 art\u00edstica, fomentant la creativitat en un entorn inspirador. Un proc\u00e9s que s\u2019iniciar\u00e0 el setembre de 2025 i que comptar\u00e0 amb suport econ\u00f2mic, material i log\u00edstics als seus participants per part de la Biennal.<\/span><\/p><p style=\"text-align: justify;\"><span style=\"font-family: georgia, palatino, serif; font-size: 12pt;\">La Biennal est\u00e0 destinada a<strong>\u00a0joves de tot Catalunya d\u2019entre 18 i 35 anys.<\/strong>\u00a0La convocat\u00f2ria queda espec\u00edfica a les arts visuals, per\u00f2 no es limita a cap disciplina o t\u00e8cnica espec\u00edfica. Les inscripcions, tant pel concurs com per la resid\u00e8ncia, estaran obertes <strong>des del 12 de febrer fins al 18 de maig a trav\u00e9s del web oficial <\/strong><strong><u><a href=\"http:\/\/www.glops.pinnae.cat\/\">www.glops.pinnae.cat<\/a><\/u><\/strong><\/span><\/p>\t\t\t\t\t\t<\/div>\n\t\t\t\t<\/div>\n\t\t\t\t\t<\/div>\n\t\t<\/div>\n\t\t\t\t<div class=\"elementor-column elementor-col-50 elementor-inner-column elementor-element elementor-element-c0fc0aa\" data-id=\"c0fc0aa\" data-element_type=\"column\">\n\t\t\t<div class=\"elementor-widget-wrap elementor-element-populated\">\n\t\t\t\t\t\t<div class=\"elementor-element elementor-element-d1635e1 elementor-widget elementor-widget-text-editor\" data-id=\"d1635e1\" data-element_type=\"widget\" data-widget_type=\"text-editor.default\">\n\t\t\t\t<div class=\"elementor-widget-container\">\n\t\t\t\t\t\t\t<p style=\"text-align: justify;\"><span style=\"font-size: 12pt; font-family: georgia, palatino, serif;\">Els artistes seleccionats tindran l&#8217;oportunitat de formar part d&#8217;una<strong> exposici\u00f3 col\u00b7lectiva<\/strong> que es presentar\u00e0 en diversos espais culturals i sales d&#8217;art de Vilafranca del Pened\u00e8s entre novembre i desembre de 2025.<\/span><\/p><p style=\"text-align: justify;\"><span style=\"font-size: 12pt; font-family: georgia, palatino, serif;\">El jurat est\u00e0 format per experts en arts visuals, com membres de l\u2019Escola Massana i la Facultat de Belles Arts de la UB, experts en resid\u00e8ncia art\u00edstica, galeristes del territori catal\u00e0, el director de la revista Bonart i molt m\u00e9s. Els membres del jurat seran els encarregats d&#8217;avaluar les propostes i seleccionar els artistes participants en aquesta primera edici\u00f3.<\/span><\/p>\t\t\t\t\t\t<\/div>\n\t\t\t\t<\/div>\n\t\t\t\t<div class=\"elementor-element elementor-element-cb73caf elementor-widget elementor-widget-image\" data-id=\"cb73caf\" data-element_type=\"widget\" data-widget_type=\"image.default\">\n\t\t\t\t<div class=\"elementor-widget-container\">\n\t\t\t\t\t\t\t\t\t\t\t\t\t<img fetchpriority=\"high\" decoding=\"async\" width=\"721\" height=\"1024\" src=\"https:\/\/www.ub.edu\/InfoBBAA\/wp-content\/uploads\/2025\/02\/GLOPS-721x1024.jpg\" class=\"attachment-large size-large wp-image-35707\" alt=\"\" srcset=\"https:\/\/www.ub.edu\/InfoBBAA\/wp-content\/uploads\/2025\/02\/GLOPS-721x1024.jpg 721w, https:\/\/www.ub.edu\/InfoBBAA\/wp-content\/uploads\/2025\/02\/GLOPS-211x300.jpg 211w, https:\/\/www.ub.edu\/InfoBBAA\/wp-content\/uploads\/2025\/02\/GLOPS-768x1091.jpg 768w, https:\/\/www.ub.edu\/InfoBBAA\/wp-content\/uploads\/2025\/02\/GLOPS-1081x1536.jpg 1081w, https:\/\/www.ub.edu\/InfoBBAA\/wp-content\/uploads\/2025\/02\/GLOPS-1442x2048.jpg 1442w, https:\/\/www.ub.edu\/InfoBBAA\/wp-content\/uploads\/2025\/02\/GLOPS-scaled.jpg 1802w\" sizes=\"(max-width: 721px) 100vw, 721px\" \/>\t\t\t\t\t\t\t\t\t\t\t\t\t<\/div>\n\t\t\t\t<\/div>\n\t\t\t\t<div class=\"elementor-element elementor-element-77c999c elementor-widget elementor-widget-text-editor\" data-id=\"77c999c\" data-element_type=\"widget\" data-widget_type=\"text-editor.default\">\n\t\t\t\t<div class=\"elementor-widget-container\">\n\t\t\t\t\t\t\t<p style=\"text-align: justify;\"><span style=\"font-family: georgia, palatino, serif; font-size: 12pt;\">Consulta les <strong>bases de la convocat\u00f2ria<\/strong>:\u00a0<\/span><\/p><ul><li style=\"text-align: justify;\"><span style=\"font-family: georgia, palatino, serif; font-size: 12pt;\">Bases sobre el concurs d&#8217;obra realitzada:\u00a0 <a href=\"https:\/\/www.ub.edu\/InfoBBAA\/wp-content\/uploads\/2025\/02\/GLOPS_Bases_ObraRealitzada.pdf\">GLOPS_Bases_ObraRealitzada<\/a><\/span><\/li><li style=\"text-align: justify;\"><span style=\"font-family: georgia, palatino, serif; font-size: 12pt;\">Bases sobre Resid\u00e8ncia art\u00edstica: <a href=\"https:\/\/www.ub.edu\/InfoBBAA\/wp-content\/uploads\/2025\/02\/GLOPS_Bases_Residencia.pdf\">GLOPS_Bases_Resid\u00e8ncia<\/a><\/span><\/li><\/ul>\t\t\t\t\t\t<\/div>\n\t\t\t\t<\/div>\n\t\t\t\t\t<\/div>\n\t\t<\/div>\n\t\t\t\t\t<\/div>\n\t\t<\/section>\n\t\t\t\t\t<\/div>\n\t\t<\/div>\n\t\t\t\t\t<\/div>\n\t\t<\/section>\n\t\t\t\t<\/div>\n\t\t","protected":false},"excerpt":{"rendered":"<p>\u00abGlops\u00bb Des de la Fundaci\u00f3 Pinnae, us volem informar que el passat 12 de febrer es va presentar la primera edici\u00f3 de GLOPS Biennal d&#8217;Art Jove, amb l&#8217;objectiu d&#8217;estimular i promoure projectes d&#8217;arts visuals entre joves artistes de tot Catalunya. GLOPS busca consolidar-se com una plataforma per impulsar el talent emergent, amb la voluntat de &#8230; <a title=\"Biennal d&#8217;art jove a Vilafranca del Pened\u00e8s\" class=\"read-more\" href=\"https:\/\/www.ub.edu\/InfoBBAA\/biennal-dart-jove-a-vilafranca-del-penedes\/\">Leer m\u00e1s<\/a><\/p>\n","protected":false},"author":2,"featured_media":0,"comment_status":"closed","ping_status":"closed","sticky":false,"template":"","format":"standard","meta":{"generate_page_header":"","_monsterinsights_skip_tracking":false,"_monsterinsights_sitenote_active":false,"_monsterinsights_sitenote_note":"","_monsterinsights_sitenote_category":0,"footnotes":""},"categories":[18,34,22],"tags":[],"_links":{"self":[{"href":"https:\/\/www.ub.edu\/InfoBBAA\/wp-json\/wp\/v2\/posts\/35705"}],"collection":[{"href":"https:\/\/www.ub.edu\/InfoBBAA\/wp-json\/wp\/v2\/posts"}],"about":[{"href":"https:\/\/www.ub.edu\/InfoBBAA\/wp-json\/wp\/v2\/types\/post"}],"author":[{"embeddable":true,"href":"https:\/\/www.ub.edu\/InfoBBAA\/wp-json\/wp\/v2\/users\/2"}],"replies":[{"embeddable":true,"href":"https:\/\/www.ub.edu\/InfoBBAA\/wp-json\/wp\/v2\/comments?post=35705"}],"version-history":[{"count":7,"href":"https:\/\/www.ub.edu\/InfoBBAA\/wp-json\/wp\/v2\/posts\/35705\/revisions"}],"predecessor-version":[{"id":36204,"href":"https:\/\/www.ub.edu\/InfoBBAA\/wp-json\/wp\/v2\/posts\/35705\/revisions\/36204"}],"wp:attachment":[{"href":"https:\/\/www.ub.edu\/InfoBBAA\/wp-json\/wp\/v2\/media?parent=35705"}],"wp:term":[{"taxonomy":"category","embeddable":true,"href":"https:\/\/www.ub.edu\/InfoBBAA\/wp-json\/wp\/v2\/categories?post=35705"},{"taxonomy":"post_tag","embeddable":true,"href":"https:\/\/www.ub.edu\/InfoBBAA\/wp-json\/wp\/v2\/tags?post=35705"}],"curies":[{"name":"wp","href":"https:\/\/api.w.org\/{rel}","templated":true}]}}