{"id":36408,"date":"2025-05-20T12:43:58","date_gmt":"2025-05-20T10:43:58","guid":{"rendered":"https:\/\/www.ub.edu\/InfoBBAA\/?p=36408"},"modified":"2025-05-20T12:54:34","modified_gmt":"2025-05-20T10:54:34","slug":"luminic-festival-de-fotografia-de-sant-cugat-2025","status":"publish","type":"post","link":"https:\/\/www.ub.edu\/InfoBBAA\/luminic-festival-de-fotografia-de-sant-cugat-2025\/","title":{"rendered":"LUM\u00cdNIC, FESTIVAL DE FOTOGRAFIA DE SANT CUGAT 2025"},"content":{"rendered":"\t\t<div data-elementor-type=\"wp-post\" data-elementor-id=\"36408\" class=\"elementor elementor-36408\">\n\t\t\t\t\t\t<section class=\"elementor-section elementor-top-section elementor-element elementor-element-68ab51e elementor-section-boxed elementor-section-height-default elementor-section-height-default\" data-id=\"68ab51e\" data-element_type=\"section\">\n\t\t\t\t\t\t<div class=\"elementor-container elementor-column-gap-default\">\n\t\t\t\t\t<div class=\"elementor-column elementor-col-100 elementor-top-column elementor-element elementor-element-d96791a\" data-id=\"d96791a\" data-element_type=\"column\">\n\t\t\t<div class=\"elementor-widget-wrap elementor-element-populated\">\n\t\t\t\t\t\t<div class=\"elementor-element elementor-element-90a599c elementor-widget elementor-widget-heading\" data-id=\"90a599c\" data-element_type=\"widget\" data-widget_type=\"heading.default\">\n\t\t\t\t<div class=\"elementor-widget-container\">\n\t\t\t<h2 class=\"elementor-heading-title elementor-size-default\">Una alumna de la facultat, seleccionada al festival<\/h2>\t\t<\/div>\n\t\t\t\t<\/div>\n\t\t\t\t\t<\/div>\n\t\t<\/div>\n\t\t\t\t\t<\/div>\n\t\t<\/section>\n\t\t\t\t<section class=\"elementor-section elementor-top-section elementor-element elementor-element-c4dd795 elementor-section-boxed elementor-section-height-default elementor-section-height-default\" data-id=\"c4dd795\" data-element_type=\"section\">\n\t\t\t\t\t\t<div class=\"elementor-container elementor-column-gap-default\">\n\t\t\t\t\t<div class=\"elementor-column elementor-col-100 elementor-top-column elementor-element elementor-element-38f06d9\" data-id=\"38f06d9\" data-element_type=\"column\">\n\t\t\t<div class=\"elementor-widget-wrap elementor-element-populated\">\n\t\t\t\t\t\t<div class=\"elementor-element elementor-element-32763b1 elementor-widget elementor-widget-text-editor\" data-id=\"32763b1\" data-element_type=\"widget\" data-widget_type=\"text-editor.default\">\n\t\t\t\t<div class=\"elementor-widget-container\">\n\t\t\t\t\t\t\t<p><span style=\"font-size: 12pt; font-family: georgia, palatino, serif;\"><strong>LUM\u00cdNIC<\/strong> \u00e9s el festival de fotografia de <strong>Sant Cugat del Vall\u00e8s<\/strong>, que des del 2019 impulsa la fotografia d&#8217;autor. Irromp a la ciutat per estudiar el fet fotogr\u00e0fic, generant nous espais de coneixement i reflexi\u00f3, amb un car\u00e0cter inclusiu i participatiu. En una setmana d&#8217;obertura i dos mesos de recorregut, es desplega una programaci\u00f3 completa que compta amb exposicions, xerrades, tallers i taules rodones. Vehiculat en un nou fil conductor cada any, els visitants podran gaudir d&#8217;autors consagrats i emergents, tant nacionals com internacionals. Lum\u00ednic \u00e9s una plataforma que treballa tot l&#8217;any, generant sinergies amb altres agents culturals per la promoci\u00f3 de la fotografia, com escoles i universitats.<\/span><\/p>\n<p><span style=\"font-size: 12pt; font-family: georgia, palatino, serif;\">Des de la primera edici\u00f3 de Lum\u00ednic, la <strong>Facultat de Belles Arts<\/strong> hi ha presentat treballs d&#8217;estudiants de fotografia. Enguany, l&#8217;alumna seleccionada ha estat la <strong>Luc\u00eda Cruz<\/strong> amb el projecte \u00abNo soc ultra\u00bb.<\/span><\/p>\n<p><span style=\"font-size: 12pt; font-family: georgia, palatino, serif;\"><span class=\"wixui-rich-text__text\">\u00abNo soc ultra\u00bb \u00e9s un projecte audiovisual que investiga l\u2019univers ultra dins del futbol de barri, entre c\u00e0ntics, afici\u00f3 i contradicci\u00f3. A trav\u00e9s de fotografies, entrevistes i el registre de so, s\u2019endinsa en la grada per retratar-ne aspectes com els rols de g\u00e8nere, de poder i identitaris, tant a la grada com al camp. Homes i dones comparteixen un espai on conviuen la rutina, la viol\u00e8ncia i la passi\u00f3.<\/span><\/span><\/p>\n<p><span style=\"font-size: 12pt; font-family: georgia, palatino, serif;\"><span class=\"wixui-rich-text__text\">La <strong>Luc\u00eda Cruz<\/strong><\/span> <\/span><span style=\"font-size: 12pt; font-family: georgia, palatino, serif;\"><a href=\"https:\/\/www.luminicfestival.com\/exposicions\" target=\"_blank\" rel=\"noopener\">exposar\u00e0<\/a> la seva obra a <\/span><span class=\"wixui-rich-text__text\" style=\"font-family: georgia, palatino, serif; font-size: 12pt;\"><a class=\"wixui-rich-text__text\" href=\"https:\/\/www.google.com\/maps\/place\/Casa+de+Cultura+de+Sant+Cugat+del+Vall%C3%A8s\/@41.4745728,2.0844337,1225m\/data=!3m2!1e3!4b1!4m6!3m5!1s0x12a496c2f5ab519f:0x8fd338ddfa3713d!8m2!3d41.4745728!4d2.0844337!16s%2Fg%2F1tjvt1ml?entry=ttu&amp;g_ep=EgoyMDI1MDQyMy4wIKXMDSoASAFQAw%3D%3D\" target=\"_blank\" rel=\"noreferrer noopener\"><span class=\"color_15 wixui-rich-text__text\">Espai<\/span>: Casa de Cultura<\/a><\/span><span class=\"wixui-rich-text__text\" style=\"font-family: georgia, palatino, serif; font-size: 12pt;\"><span class=\"color_15 wixui-rich-text__text\">. <\/span><\/span><strong><span class=\"wixui-rich-text__text\" style=\"font-family: georgia, palatino, serif; font-size: 12pt;\"><span class=\"color_15 wixui-rich-text__text\">Horari: <\/span><\/span><\/strong><span class=\"wixui-rich-text__text\" style=\"font-family: georgia, palatino, serif; font-size: 12pt;\">Dilluns a dissabte, de 10 a 14 h i de 17 a 20 h. <\/span><span class=\"wixui-rich-text__text\" style=\"font-family: georgia, palatino, serif; font-size: 12pt;\">Diumenge tancat.<\/span><\/p>\n<p><span style=\"font-size: 12pt; font-family: georgia, palatino, serif;\"><a href=\"https:\/\/www.luminicfestival.com\/\" target=\"_blank\" rel=\"noopener\">M\u00e9s informaci\u00f3<\/a><br><\/span><\/p>\t\t\t\t\t\t<\/div>\n\t\t\t\t<\/div>\n\t\t\t\t\t<\/div>\n\t\t<\/div>\n\t\t\t\t\t<\/div>\n\t\t<\/section>\n\t\t\t\t<section class=\"elementor-section elementor-top-section elementor-element elementor-element-d4760dd elementor-section-boxed elementor-section-height-default elementor-section-height-default\" data-id=\"d4760dd\" data-element_type=\"section\">\n\t\t\t\t\t\t<div class=\"elementor-container elementor-column-gap-default\">\n\t\t\t\t\t<div class=\"elementor-column elementor-col-100 elementor-top-column elementor-element elementor-element-e9deb86\" data-id=\"e9deb86\" data-element_type=\"column\">\n\t\t\t<div class=\"elementor-widget-wrap elementor-element-populated\">\n\t\t\t\t\t\t<div class=\"elementor-element elementor-element-9fa87e6 elementor-widget elementor-widget-image\" data-id=\"9fa87e6\" data-element_type=\"widget\" data-widget_type=\"image.default\">\n\t\t\t\t<div class=\"elementor-widget-container\">\n\t\t\t\t\t\t\t\t\t\t\t\t\t<img fetchpriority=\"high\" decoding=\"async\" width=\"724\" height=\"1024\" src=\"https:\/\/www.ub.edu\/InfoBBAA\/wp-content\/uploads\/2025\/05\/luminic_cartell-2025-724x1024.jpg\" class=\"attachment-large size-large wp-image-36411\" alt=\"Luminic 2025\" srcset=\"https:\/\/www.ub.edu\/InfoBBAA\/wp-content\/uploads\/2025\/05\/luminic_cartell-2025-724x1024.jpg 724w, https:\/\/www.ub.edu\/InfoBBAA\/wp-content\/uploads\/2025\/05\/luminic_cartell-2025-212x300.jpg 212w, https:\/\/www.ub.edu\/InfoBBAA\/wp-content\/uploads\/2025\/05\/luminic_cartell-2025-768x1086.jpg 768w, https:\/\/www.ub.edu\/InfoBBAA\/wp-content\/uploads\/2025\/05\/luminic_cartell-2025-1086x1536.jpg 1086w, https:\/\/www.ub.edu\/InfoBBAA\/wp-content\/uploads\/2025\/05\/luminic_cartell-2025-1448x2048.jpg 1448w, https:\/\/www.ub.edu\/InfoBBAA\/wp-content\/uploads\/2025\/05\/luminic_cartell-2025-scaled.jpg 1810w\" sizes=\"(max-width: 724px) 100vw, 724px\" \/>\t\t\t\t\t\t\t\t\t\t\t\t\t<\/div>\n\t\t\t\t<\/div>\n\t\t\t\t\t<\/div>\n\t\t<\/div>\n\t\t\t\t\t<\/div>\n\t\t<\/section>\n\t\t\t\t<\/div>\n\t\t","protected":false},"excerpt":{"rendered":"<p>Una alumna de la facultat, seleccionada al festival LUM\u00cdNIC \u00e9s el festival de fotografia de Sant Cugat del Vall\u00e8s, que des del 2019 impulsa la fotografia d&#8217;autor. Irromp a la ciutat per estudiar el fet fotogr\u00e0fic, generant nous espais de coneixement i reflexi\u00f3, amb un car\u00e0cter inclusiu i participatiu. En una setmana d&#8217;obertura i dos &#8230; <a title=\"LUM\u00cdNIC, FESTIVAL DE FOTOGRAFIA DE SANT CUGAT 2025\" class=\"read-more\" href=\"https:\/\/www.ub.edu\/InfoBBAA\/luminic-festival-de-fotografia-de-sant-cugat-2025\/\">Leer m\u00e1s<\/a><\/p>\n","protected":false},"author":2,"featured_media":0,"comment_status":"closed","ping_status":"closed","sticky":false,"template":"","format":"standard","meta":{"generate_page_header":"","_monsterinsights_skip_tracking":false,"_monsterinsights_sitenote_active":false,"_monsterinsights_sitenote_note":"","_monsterinsights_sitenote_category":0,"footnotes":""},"categories":[39,22],"tags":[335,456,466],"_links":{"self":[{"href":"https:\/\/www.ub.edu\/InfoBBAA\/wp-json\/wp\/v2\/posts\/36408"}],"collection":[{"href":"https:\/\/www.ub.edu\/InfoBBAA\/wp-json\/wp\/v2\/posts"}],"about":[{"href":"https:\/\/www.ub.edu\/InfoBBAA\/wp-json\/wp\/v2\/types\/post"}],"author":[{"embeddable":true,"href":"https:\/\/www.ub.edu\/InfoBBAA\/wp-json\/wp\/v2\/users\/2"}],"replies":[{"embeddable":true,"href":"https:\/\/www.ub.edu\/InfoBBAA\/wp-json\/wp\/v2\/comments?post=36408"}],"version-history":[{"count":11,"href":"https:\/\/www.ub.edu\/InfoBBAA\/wp-json\/wp\/v2\/posts\/36408\/revisions"}],"predecessor-version":[{"id":36422,"href":"https:\/\/www.ub.edu\/InfoBBAA\/wp-json\/wp\/v2\/posts\/36408\/revisions\/36422"}],"wp:attachment":[{"href":"https:\/\/www.ub.edu\/InfoBBAA\/wp-json\/wp\/v2\/media?parent=36408"}],"wp:term":[{"taxonomy":"category","embeddable":true,"href":"https:\/\/www.ub.edu\/InfoBBAA\/wp-json\/wp\/v2\/categories?post=36408"},{"taxonomy":"post_tag","embeddable":true,"href":"https:\/\/www.ub.edu\/InfoBBAA\/wp-json\/wp\/v2\/tags?post=36408"}],"curies":[{"name":"wp","href":"https:\/\/api.w.org\/{rel}","templated":true}]}}