{"id":36623,"date":"2025-06-05T09:38:06","date_gmt":"2025-06-05T07:38:06","guid":{"rendered":"https:\/\/www.ub.edu\/InfoBBAA\/?p=36623"},"modified":"2025-06-05T09:51:53","modified_gmt":"2025-06-05T07:51:53","slug":"nosymmetries-2025-26-democracia","status":"publish","type":"post","link":"https:\/\/www.ub.edu\/InfoBBAA\/nosymmetries-2025-26-democracia\/","title":{"rendered":"NOSYMMETRIES \/ 2025-26 &#8211; DEMOCR\u00c0CIA?"},"content":{"rendered":"\t\t<div data-elementor-type=\"wp-post\" data-elementor-id=\"36623\" class=\"elementor elementor-36623\">\n\t\t\t\t\t\t<section class=\"elementor-section elementor-top-section elementor-element elementor-element-a1a0af8 elementor-section-boxed elementor-section-height-default elementor-section-height-default\" data-id=\"a1a0af8\" data-element_type=\"section\">\n\t\t\t\t\t\t<div class=\"elementor-container elementor-column-gap-default\">\n\t\t\t\t\t<div class=\"elementor-column elementor-col-100 elementor-top-column elementor-element elementor-element-9524f48\" data-id=\"9524f48\" data-element_type=\"column\">\n\t\t\t<div class=\"elementor-widget-wrap elementor-element-populated\">\n\t\t\t\t\t\t<div class=\"elementor-element elementor-element-71f3c8f elementor-widget elementor-widget-heading\" data-id=\"71f3c8f\" data-element_type=\"widget\" data-widget_type=\"heading.default\">\n\t\t\t\t<div class=\"elementor-widget-container\">\n\t\t\t<h2 class=\"elementor-heading-title elementor-size-default\">Convocat\u00f2ria oberta fins al 17 de juny de 2025<\/h2>\t\t<\/div>\n\t\t\t\t<\/div>\n\t\t\t\t\t<\/div>\n\t\t<\/div>\n\t\t\t\t\t<\/div>\n\t\t<\/section>\n\t\t\t\t<section class=\"elementor-section elementor-top-section elementor-element elementor-element-845f861 elementor-section-boxed elementor-section-height-default elementor-section-height-default\" data-id=\"845f861\" data-element_type=\"section\">\n\t\t\t\t\t\t<div class=\"elementor-container elementor-column-gap-default\">\n\t\t\t\t\t<div class=\"elementor-column elementor-col-100 elementor-top-column elementor-element elementor-element-8b2c1fb\" data-id=\"8b2c1fb\" data-element_type=\"column\">\n\t\t\t<div class=\"elementor-widget-wrap elementor-element-populated\">\n\t\t\t\t\t\t<div class=\"elementor-element elementor-element-72527cc elementor-widget elementor-widget-text-editor\" data-id=\"72527cc\" data-element_type=\"widget\" data-widget_type=\"text-editor.default\">\n\t\t\t\t<div class=\"elementor-widget-container\">\n\t\t\t\t\t\t\t<p><span style=\"font-family: georgia, palatino, serif; color: black; font-size: 12pt;\"><strong>NOSYMMETRIES<\/strong> \u00e9s un <strong>projecte de recerca i d\u2019activaci\u00f3 de processos art\u00edstics<\/strong> que explora l\u2019encreuament de conceptes relacionats amb les desigualtats socials, les viol\u00e8ncies i les cures. Aquestes q\u00fcestions, instigades per pol\u00edtiques basades en l\u2019amena\u00e7a i la por i accelerades pel capitalisme contemporani, incideixen directament en els drets, la identitat, el g\u00e8nere, la ra\u00e7a i la classe.<\/span><\/p><p style=\"line-height: inherit; word-break: break-word;\"><span style=\"font-family: georgia, palatino, serif; font-size: 12pt;\"><span style=\"white-space: pre-wrap;\"><span style=\"color: #282828; background: white;\">Des del 2024, <a href=\"https:\/\/www.idensitat.net\/ca\/\" target=\"_blank\" rel=\"noopener\">Idensitat<\/a>, en el marc del programa <\/span><\/span><span style=\"white-space: pre-wrap;\"><i><span style=\"color: #2d2e33; background: white;\">Conc\u00e8ntric<\/span><\/i><\/span><span style=\"white-space: pre-wrap;\"><span style=\"color: #282828; background: white;\"> de La Capella, desplega processos configurats des de la perspectiva de les pr\u00e0ctiques art\u00edstiques i la seva incid\u00e8ncia en els contextos socials i culturals. Per al <strong>per\u00edode 2025-2026<\/strong>, es proposa la creaci\u00f3 d\u2019un <strong>grup de treball<\/strong> format per <strong>set persones<\/strong>, seleccionades mitjan\u00e7ant aquesta <strong>convocat\u00f2ria p\u00fablica<\/strong>. Aquest grup articular\u00e0 un proc\u00e9s de recerca i producci\u00f3 art\u00edstica orientat al desenvolupament d\u2019un projecte propi o col\u00b7laboratiu, combinant investigaci\u00f3, producci\u00f3 i socialitzaci\u00f3 dels processos.<\/span><\/span><\/span><\/p><p style=\"line-height: inherit; word-break: break-word;\"><span style=\"white-space: pre-wrap; font-family: georgia, palatino, serif; font-size: 12pt;\"><span style=\"color: #282828; background: white;\">Sota el t\u00edtol <strong><i>Democr\u00e0cia?<\/i><\/strong> La iniciativa es concep com un espai per compartir metodologies, desplegar processos i implementar propostes que activin q\u00fcestions relacionades amb la degradaci\u00f3 de les diversitats transculturals, la p\u00e8rdua de drets i la neocolonitzaci\u00f3 dels valors democr\u00e0tics.<\/span><\/span><\/p>\t\t\t\t\t\t<\/div>\n\t\t\t\t<\/div>\n\t\t\t\t\t<\/div>\n\t\t<\/div>\n\t\t\t\t\t<\/div>\n\t\t<\/section>\n\t\t\t\t<section class=\"elementor-section elementor-top-section elementor-element elementor-element-48777bf elementor-section-boxed elementor-section-height-default elementor-section-height-default\" data-id=\"48777bf\" data-element_type=\"section\">\n\t\t\t\t\t\t<div class=\"elementor-container elementor-column-gap-default\">\n\t\t\t\t\t<div class=\"elementor-column elementor-col-100 elementor-top-column elementor-element elementor-element-ecc0c51\" data-id=\"ecc0c51\" data-element_type=\"column\">\n\t\t\t<div class=\"elementor-widget-wrap elementor-element-populated\">\n\t\t\t\t\t\t<div class=\"elementor-element elementor-element-18419f0 elementor-widget elementor-widget-image\" data-id=\"18419f0\" data-element_type=\"widget\" data-widget_type=\"image.default\">\n\t\t\t\t<div class=\"elementor-widget-container\">\n\t\t\t\t\t\t\t\t\t\t\t\t\t<img fetchpriority=\"high\" decoding=\"async\" width=\"1024\" height=\"576\" src=\"https:\/\/www.ub.edu\/InfoBBAA\/wp-content\/uploads\/2025\/06\/NOSYMMETRIES-25-26-1024x576.jpg\" class=\"attachment-large size-large wp-image-36639\" alt=\"NOSYMMETRIES\" srcset=\"https:\/\/www.ub.edu\/InfoBBAA\/wp-content\/uploads\/2025\/06\/NOSYMMETRIES-25-26-1024x576.jpg 1024w, https:\/\/www.ub.edu\/InfoBBAA\/wp-content\/uploads\/2025\/06\/NOSYMMETRIES-25-26-300x169.jpg 300w, https:\/\/www.ub.edu\/InfoBBAA\/wp-content\/uploads\/2025\/06\/NOSYMMETRIES-25-26-768x432.jpg 768w, https:\/\/www.ub.edu\/InfoBBAA\/wp-content\/uploads\/2025\/06\/NOSYMMETRIES-25-26-1536x864.jpg 1536w, https:\/\/www.ub.edu\/InfoBBAA\/wp-content\/uploads\/2025\/06\/NOSYMMETRIES-25-26-2048x1152.jpg 2048w\" sizes=\"(max-width: 1024px) 100vw, 1024px\" \/>\t\t\t\t\t\t\t\t\t\t\t\t\t<\/div>\n\t\t\t\t<\/div>\n\t\t\t\t\t<\/div>\n\t\t<\/div>\n\t\t\t\t\t<\/div>\n\t\t<\/section>\n\t\t\t\t<section class=\"elementor-section elementor-top-section elementor-element elementor-element-e81c39e elementor-section-boxed elementor-section-height-default elementor-section-height-default\" data-id=\"e81c39e\" data-element_type=\"section\">\n\t\t\t\t\t\t<div class=\"elementor-container elementor-column-gap-default\">\n\t\t\t\t\t<div class=\"elementor-column elementor-col-100 elementor-top-column elementor-element elementor-element-d7275bb\" data-id=\"d7275bb\" data-element_type=\"column\">\n\t\t\t<div class=\"elementor-widget-wrap elementor-element-populated\">\n\t\t\t\t\t\t<div class=\"elementor-element elementor-element-70b2030 elementor-widget elementor-widget-text-editor\" data-id=\"70b2030\" data-element_type=\"widget\" data-widget_type=\"text-editor.default\">\n\t\t\t\t<div class=\"elementor-widget-container\">\n\t\t\t\t\t\t\t<p><span style=\"font-family: georgia, palatino, serif; font-size: 12pt;\">Durant els mesos de <strong>juliol, setembre, octubre i desembre de 2025<\/strong>, i al <strong>gener de 2026<\/strong>, es duran a terme trobades mensuals amb la participaci\u00f3 de persones convidades. Aquestes sessions combinaran presentacions, tallers i din\u00e0miques grupals, amb l\u2019objectiu de compartir experi\u00e8ncies i coneixements, aix\u00ed com d\u2019acompanyar les participants en la definici\u00f3 d\u2019una proposta individual o col\u00b7lectiva. Un cop finalitzat aquest calendari de sessions, les propostes resultants es presentaran en una <strong>exposici\u00f3 col\u00b7lectiv<\/strong>a que tindr\u00e0 lloc p\u00fablicament al <strong>Centre d\u2019Art La Capella<\/strong>, el <strong>mar\u00e7 de 2026<\/strong>.<\/span><\/p><p><span style=\"font-family: georgia, palatino, serif; font-size: 12pt;\">Els artistes que vulguin formar part d\u2019aquest grup de treball seran remunerats i hauran de presentar una <strong>proposta<\/strong> en format de recerca i producci\u00f3 d\u2019un <strong>projecte art\u00edstic<\/strong> relacionat amb la tem\u00e0tica proposada. Idensitat participa en aquest proc\u00e9s com a agent impulsor i mediador en les diferents fases, amb l\u2019objectiu d\u2019articular la relaci\u00f3 entre imaginaci\u00f3 cr\u00edtica i creativitat social. Aquesta tasca es desenvolupa en col\u00b7laboraci\u00f3 amb les persones convidades i amb La Capella Centre d\u2019Art.<\/span><\/p><p><span style=\"font-family: georgia, palatino, serif; font-size: 12pt;\">Els artistes que participin en la convocat\u00f2ria hauran de compartir metodologia i sensibilitat en relaci\u00f3 amb el tema de les desigualtats socials, les viol\u00e8ncies o les cures, instigades per les pol\u00edtiques de l\u2019amena\u00e7a i la por.<\/span><\/p><p><span style=\"font-family: georgia, palatino, serif; font-size: 12pt;\"><strong>A QUI S&#8217;ADRE\u00c7A LA CONVOCAT\u00d2RIA?<\/strong><\/span><\/p><p><span style=\"font-family: georgia, palatino, serif; font-size: 12pt;\">La convocat\u00f2ria s&#8217;adre\u00e7a a persones de l\u2019\u00e0mbit de l\u2019art interessades a formar part del grup de treball, que vulguin i puguin assumir el comprom\u00eds d\u2019assistir a les sessions mensuals i concloure el proc\u00e9s de creaci\u00f3 proposat.<\/span><\/p><p><span style=\"font-family: georgia, palatino, serif; font-size: 12pt;\"><strong>RECURSOS QUE S\u2019OFEREIXEN<\/strong><\/span><\/p><p><span style=\"font-family: georgia, palatino, serif; font-size: 12pt;\">&#8211; <strong>1.500 euros<\/strong> en concepte d&#8217;honoraris (impostos inclosos).<\/span><br \/><span style=\"font-family: georgia, palatino, serif; font-size: 12pt;\">&#8211; Es cobriran els <strong>costos de producci\u00f3<\/strong> pel resultat del projecte de recerca fins a un m\u00e0xim de <strong>500 euros<\/strong> per cadascun dels projectes. El pressupost ser\u00e0 avaluat entre l\u2019organitzaci\u00f3 i el grup de treball, tenint en compte la l\u00f2gica del projecte.<\/span><\/p><p><span style=\"font-family: georgia, palatino, serif; font-size: 12pt;\">La convocat\u00f2ria est\u00e0 oberta fins al <strong>17 de juny de 2025<\/strong>.<\/span><\/p><p><span style=\"font-family: georgia, palatino, serif; font-size: 12pt;\">Podeu consultar les <strong>bases<\/strong> i el <strong>calendari<\/strong> al web de la<a href=\"https:\/\/www.idensitat.net\/ca\/projectes-en-proces\/nosimetries\/1844-nosymmetries-2025-2026\" target=\"_blank\" rel=\"noopener\"> convocat\u00f2ria<\/a>.<br \/><\/span><\/p>\t\t\t\t\t\t<\/div>\n\t\t\t\t<\/div>\n\t\t\t\t\t<\/div>\n\t\t<\/div>\n\t\t\t\t\t<\/div>\n\t\t<\/section>\n\t\t\t\t<\/div>\n\t\t","protected":false},"excerpt":{"rendered":"<p>Convocat\u00f2ria oberta fins al 17 de juny de 2025 NOSYMMETRIES \u00e9s un projecte de recerca i d\u2019activaci\u00f3 de processos art\u00edstics que explora l\u2019encreuament de conceptes relacionats amb les desigualtats socials, les viol\u00e8ncies i les cures. Aquestes q\u00fcestions, instigades per pol\u00edtiques basades en l\u2019amena\u00e7a i la por i accelerades pel capitalisme contemporani, incideixen directament en els &#8230; <a title=\"NOSYMMETRIES \/ 2025-26 &#8211; DEMOCR\u00c0CIA?\" class=\"read-more\" href=\"https:\/\/www.ub.edu\/InfoBBAA\/nosymmetries-2025-26-democracia\/\">Leer m\u00e1s<\/a><\/p>\n","protected":false},"author":2,"featured_media":0,"comment_status":"closed","ping_status":"closed","sticky":false,"template":"","format":"standard","meta":{"generate_page_header":"","_monsterinsights_skip_tracking":false,"_monsterinsights_sitenote_active":false,"_monsterinsights_sitenote_note":"","_monsterinsights_sitenote_category":0,"footnotes":""},"categories":[18],"tags":[59,483,487],"_links":{"self":[{"href":"https:\/\/www.ub.edu\/InfoBBAA\/wp-json\/wp\/v2\/posts\/36623"}],"collection":[{"href":"https:\/\/www.ub.edu\/InfoBBAA\/wp-json\/wp\/v2\/posts"}],"about":[{"href":"https:\/\/www.ub.edu\/InfoBBAA\/wp-json\/wp\/v2\/types\/post"}],"author":[{"embeddable":true,"href":"https:\/\/www.ub.edu\/InfoBBAA\/wp-json\/wp\/v2\/users\/2"}],"replies":[{"embeddable":true,"href":"https:\/\/www.ub.edu\/InfoBBAA\/wp-json\/wp\/v2\/comments?post=36623"}],"version-history":[{"count":4,"href":"https:\/\/www.ub.edu\/InfoBBAA\/wp-json\/wp\/v2\/posts\/36623\/revisions"}],"predecessor-version":[{"id":36642,"href":"https:\/\/www.ub.edu\/InfoBBAA\/wp-json\/wp\/v2\/posts\/36623\/revisions\/36642"}],"wp:attachment":[{"href":"https:\/\/www.ub.edu\/InfoBBAA\/wp-json\/wp\/v2\/media?parent=36623"}],"wp:term":[{"taxonomy":"category","embeddable":true,"href":"https:\/\/www.ub.edu\/InfoBBAA\/wp-json\/wp\/v2\/categories?post=36623"},{"taxonomy":"post_tag","embeddable":true,"href":"https:\/\/www.ub.edu\/InfoBBAA\/wp-json\/wp\/v2\/tags?post=36623"}],"curies":[{"name":"wp","href":"https:\/\/api.w.org\/{rel}","templated":true}]}}