{"id":37018,"date":"2025-07-28T12:58:15","date_gmt":"2025-07-28T10:58:15","guid":{"rendered":"https:\/\/www.ub.edu\/InfoBBAA\/?p=37018"},"modified":"2025-07-30T10:35:45","modified_gmt":"2025-07-30T08:35:45","slug":"exposicio-de-ricardo-guixa","status":"publish","type":"post","link":"https:\/\/www.ub.edu\/InfoBBAA\/exposicio-de-ricardo-guixa\/","title":{"rendered":"EXPOSICI\u00d3 DE RICARDO GUIX\u00c0"},"content":{"rendered":"\t\t<div data-elementor-type=\"wp-post\" data-elementor-id=\"37018\" class=\"elementor elementor-37018\">\n\t\t\t\t\t\t<section class=\"elementor-section elementor-top-section elementor-element elementor-element-ab13d30 elementor-section-boxed elementor-section-height-default elementor-section-height-default\" data-id=\"ab13d30\" data-element_type=\"section\">\n\t\t\t\t\t\t<div class=\"elementor-container elementor-column-gap-default\">\n\t\t\t\t\t<div class=\"elementor-column elementor-col-100 elementor-top-column elementor-element elementor-element-4ba502f\" data-id=\"4ba502f\" data-element_type=\"column\">\n\t\t\t<div class=\"elementor-widget-wrap elementor-element-populated\">\n\t\t\t\t\t\t<div class=\"elementor-element elementor-element-d8b90b5 elementor-widget elementor-widget-heading\" data-id=\"d8b90b5\" data-element_type=\"widget\" data-widget_type=\"heading.default\">\n\t\t\t\t<div class=\"elementor-widget-container\">\n\t\t\t<h2 class=\"elementor-heading-title elementor-size-default\">LUX BOT\u00c0NICA, a Can Trincheria (Olot)<\/h2>\t\t<\/div>\n\t\t\t\t<\/div>\n\t\t\t\t\t<\/div>\n\t\t<\/div>\n\t\t\t\t\t<\/div>\n\t\t<\/section>\n\t\t\t\t<section class=\"elementor-section elementor-top-section elementor-element elementor-element-7e723c0 elementor-section-boxed elementor-section-height-default elementor-section-height-default\" data-id=\"7e723c0\" data-element_type=\"section\">\n\t\t\t\t\t\t<div class=\"elementor-container elementor-column-gap-default\">\n\t\t\t\t\t<div class=\"elementor-column elementor-col-100 elementor-top-column elementor-element elementor-element-f3173c1\" data-id=\"f3173c1\" data-element_type=\"column\">\n\t\t\t<div class=\"elementor-widget-wrap elementor-element-populated\">\n\t\t\t\t\t\t<div class=\"elementor-element elementor-element-782e78c elementor-widget elementor-widget-text-editor\" data-id=\"782e78c\" data-element_type=\"widget\" data-widget_type=\"text-editor.default\">\n\t\t\t\t<div class=\"elementor-widget-container\">\n\t\t\t\t\t\t\t<p><span style=\"font-family: georgia, palatino, serif; font-size: 12pt;\">El pr\u00f2xim <strong>dissabte 2 d\u2019agost<\/strong>, el professor de la Facultat de Belles Arts, <strong>Ricardo Guix\u00e0<\/strong>, inaugura <em>Lux Bot\u00e0nica, <\/em>exposici\u00f3 de la beca <a href=\"https:\/\/olotfotografia.cat\/\" target=\"_blank\" rel=\"noopener\">Olot Fotografia<\/a> 2025, a la <a href=\"https:\/\/museus.olot.cat\/visita\/casa-museu-can-trincheria\/\" target=\"_blank\" rel=\"noopener\">Casa Museu Can Trincheria d\u2019Olot<\/a><\/span><span style=\"font-family: georgia, palatino, serif; font-size: 12pt;\">.<br \/><\/span><\/p><p><span style=\"font-family: georgia, palatino, serif; font-size: 12pt;\"><em>Lux Bot\u00e0nica<\/em> reinterpreta els paisatges que van inspirar l\u2019Escola paisatg\u00edstica d\u2019Olot, centrant-se en les plantes com a subjectes sensibles. Mitjan\u00e7ant fotografia cient\u00edfica, infraroja i electrogr\u00e0fica, revela una naturalesa lluminosa i espiritual, convidant-nos a repensar la nostra relaci\u00f3 amb el m\u00f3n vegetal davant l\u2019actual crisi mediambiental.<\/span><\/p>\t\t\t\t\t\t<\/div>\n\t\t\t\t<\/div>\n\t\t\t\t\t<\/div>\n\t\t<\/div>\n\t\t\t\t\t<\/div>\n\t\t<\/section>\n\t\t\t\t<section class=\"elementor-section elementor-top-section elementor-element elementor-element-de695a2 elementor-section-boxed elementor-section-height-default elementor-section-height-default\" data-id=\"de695a2\" data-element_type=\"section\">\n\t\t\t\t\t\t<div class=\"elementor-container elementor-column-gap-default\">\n\t\t\t\t\t<div class=\"elementor-column elementor-col-100 elementor-top-column elementor-element elementor-element-fd7b849\" data-id=\"fd7b849\" data-element_type=\"column\">\n\t\t\t<div class=\"elementor-widget-wrap elementor-element-populated\">\n\t\t\t\t\t\t<div class=\"elementor-element elementor-element-91cffca elementor-widget elementor-widget-image\" data-id=\"91cffca\" data-element_type=\"widget\" data-widget_type=\"image.default\">\n\t\t\t\t<div class=\"elementor-widget-container\">\n\t\t\t\t\t\t\t\t\t\t\t\t\t<img fetchpriority=\"high\" decoding=\"async\" width=\"1024\" height=\"574\" src=\"https:\/\/www.ub.edu\/InfoBBAA\/wp-content\/uploads\/2025\/07\/lux-botanica-1024x574.jpg\" class=\"attachment-large size-large wp-image-37020\" alt=\"Lux Bot\u00e0nica, Ricardo Guix\u00e0\" srcset=\"https:\/\/www.ub.edu\/InfoBBAA\/wp-content\/uploads\/2025\/07\/lux-botanica-1024x574.jpg 1024w, https:\/\/www.ub.edu\/InfoBBAA\/wp-content\/uploads\/2025\/07\/lux-botanica-300x168.jpg 300w, https:\/\/www.ub.edu\/InfoBBAA\/wp-content\/uploads\/2025\/07\/lux-botanica-768x431.jpg 768w, https:\/\/www.ub.edu\/InfoBBAA\/wp-content\/uploads\/2025\/07\/lux-botanica-1536x862.jpg 1536w, https:\/\/www.ub.edu\/InfoBBAA\/wp-content\/uploads\/2025\/07\/lux-botanica.jpg 1920w\" sizes=\"(max-width: 1024px) 100vw, 1024px\" \/>\t\t\t\t\t\t\t\t\t\t\t\t\t<\/div>\n\t\t\t\t<\/div>\n\t\t\t\t\t<\/div>\n\t\t<\/div>\n\t\t\t\t\t<\/div>\n\t\t<\/section>\n\t\t\t\t<section class=\"elementor-section elementor-top-section elementor-element elementor-element-3fbb8e3 elementor-section-boxed elementor-section-height-default elementor-section-height-default\" data-id=\"3fbb8e3\" data-element_type=\"section\">\n\t\t\t\t\t\t<div class=\"elementor-container elementor-column-gap-default\">\n\t\t\t\t\t<div class=\"elementor-column elementor-col-100 elementor-top-column elementor-element elementor-element-e2bb79b\" data-id=\"e2bb79b\" data-element_type=\"column\">\n\t\t\t<div class=\"elementor-widget-wrap elementor-element-populated\">\n\t\t\t\t\t\t<div class=\"elementor-element elementor-element-a7130b9 elementor-widget elementor-widget-text-editor\" data-id=\"a7130b9\" data-element_type=\"widget\" data-widget_type=\"text-editor.default\">\n\t\t\t\t<div class=\"elementor-widget-container\">\n\t\t\t\t\t\t\t<p><span style=\"font-family: georgia, palatino, serif; font-size: 12pt;\">La inauguraci\u00f3 de l\u2019exposici\u00f3 tindr\u00e0 lloc el <strong>dissabte 2 d\u2019agost<\/strong> a les <strong>12 h<\/strong> a Can Trincheria i es podr\u00e0 visitar fins al <strong>30 d\u2019agost<\/strong>.<\/span><\/p><p><span style=\"font-family: georgia, palatino, serif; font-size: 12pt;\"><strong>Horaris:<\/strong><\/span><\/p><ul><li><p><span style=\"font-family: georgia, palatino, serif; font-size: 12pt;\">De dimarts a divendres, de 10 a 13 h i de 16 a 19 h<\/span><\/p><\/li><li><p><span style=\"font-family: georgia, palatino, serif; font-size: 12pt;\">Dissabtes, d\u201911 a 14 h i de 16 a 19 h<\/span><\/p><\/li><li><p><span style=\"font-family: georgia, palatino, serif; font-size: 12pt;\">Diumenges i festius, d\u201911 a 14 h<\/span><\/p><\/li><li><p><span style=\"font-family: georgia, palatino, serif; font-size: 12pt;\">Dilluns tancat<\/span><\/p><\/li><\/ul><p><span style=\"font-family: georgia, palatino, serif; font-size: 12pt;\"><strong>Entrada gratu\u00efta.<\/strong><\/span><\/p><p><span style=\"font-family: georgia, palatino, serif; font-size: 12pt;\"><a href=\"https:\/\/www.olotcultura.cat\/agenda\/acte\/lux-botanica\/\" target=\"_blank\" rel=\"noopener\">M\u00e9s informaci\u00f3<\/a><\/span><\/p>\t\t\t\t\t\t<\/div>\n\t\t\t\t<\/div>\n\t\t\t\t\t<\/div>\n\t\t<\/div>\n\t\t\t\t\t<\/div>\n\t\t<\/section>\n\t\t\t\t<\/div>\n\t\t","protected":false},"excerpt":{"rendered":"<p>LUX BOT\u00c0NICA, a Can Trincheria (Olot) El pr\u00f2xim dissabte 2 d\u2019agost, el professor de la Facultat de Belles Arts, Ricardo Guix\u00e0, inaugura Lux Bot\u00e0nica, exposici\u00f3 de la beca Olot Fotografia 2025, a la Casa Museu Can Trincheria d\u2019Olot. Lux Bot\u00e0nica reinterpreta els paisatges que van inspirar l\u2019Escola paisatg\u00edstica d\u2019Olot, centrant-se en les plantes com a &#8230; <a title=\"EXPOSICI\u00d3 DE RICARDO GUIX\u00c0\" class=\"read-more\" href=\"https:\/\/www.ub.edu\/InfoBBAA\/exposicio-de-ricardo-guixa\/\">Leer m\u00e1s<\/a><\/p>\n","protected":false},"author":2,"featured_media":0,"comment_status":"closed","ping_status":"closed","sticky":false,"template":"","format":"standard","meta":{"generate_page_header":"","_monsterinsights_skip_tracking":false,"_monsterinsights_sitenote_active":false,"_monsterinsights_sitenote_note":"","_monsterinsights_sitenote_category":0,"footnotes":""},"categories":[39,22,30],"tags":[],"_links":{"self":[{"href":"https:\/\/www.ub.edu\/InfoBBAA\/wp-json\/wp\/v2\/posts\/37018"}],"collection":[{"href":"https:\/\/www.ub.edu\/InfoBBAA\/wp-json\/wp\/v2\/posts"}],"about":[{"href":"https:\/\/www.ub.edu\/InfoBBAA\/wp-json\/wp\/v2\/types\/post"}],"author":[{"embeddable":true,"href":"https:\/\/www.ub.edu\/InfoBBAA\/wp-json\/wp\/v2\/users\/2"}],"replies":[{"embeddable":true,"href":"https:\/\/www.ub.edu\/InfoBBAA\/wp-json\/wp\/v2\/comments?post=37018"}],"version-history":[{"count":4,"href":"https:\/\/www.ub.edu\/InfoBBAA\/wp-json\/wp\/v2\/posts\/37018\/revisions"}],"predecessor-version":[{"id":37023,"href":"https:\/\/www.ub.edu\/InfoBBAA\/wp-json\/wp\/v2\/posts\/37018\/revisions\/37023"}],"wp:attachment":[{"href":"https:\/\/www.ub.edu\/InfoBBAA\/wp-json\/wp\/v2\/media?parent=37018"}],"wp:term":[{"taxonomy":"category","embeddable":true,"href":"https:\/\/www.ub.edu\/InfoBBAA\/wp-json\/wp\/v2\/categories?post=37018"},{"taxonomy":"post_tag","embeddable":true,"href":"https:\/\/www.ub.edu\/InfoBBAA\/wp-json\/wp\/v2\/tags?post=37018"}],"curies":[{"name":"wp","href":"https:\/\/api.w.org\/{rel}","templated":true}]}}