{"id":37174,"date":"2025-10-01T14:53:50","date_gmt":"2025-10-01T12:53:50","guid":{"rendered":"https:\/\/www.ub.edu\/InfoBBAA\/?p=37174"},"modified":"2025-10-20T08:39:34","modified_gmt":"2025-10-20T06:39:34","slug":"sense-titol-25-promocio-2021-2025","status":"publish","type":"post","link":"https:\/\/www.ub.edu\/InfoBBAA\/sense-titol-25-promocio-2021-2025\/","title":{"rendered":"SENSE T\u00cdTOL 25: PROMOCI\u00d3 2021-2025"},"content":{"rendered":"\t\t<div data-elementor-type=\"wp-post\" data-elementor-id=\"37174\" class=\"elementor elementor-37174\">\n\t\t\t\t\t\t<section class=\"elementor-section elementor-top-section elementor-element elementor-element-49a49d2 elementor-section-boxed elementor-section-height-default elementor-section-height-default\" data-id=\"49a49d2\" data-element_type=\"section\">\n\t\t\t\t\t\t<div class=\"elementor-container elementor-column-gap-default\">\n\t\t\t\t\t<div class=\"elementor-column elementor-col-100 elementor-top-column elementor-element elementor-element-17a2a6f\" data-id=\"17a2a6f\" data-element_type=\"column\">\n\t\t\t<div class=\"elementor-widget-wrap elementor-element-populated\">\n\t\t\t\t\t\t<div class=\"elementor-element elementor-element-aa68ea2 elementor-widget elementor-widget-heading\" data-id=\"aa68ea2\" data-element_type=\"widget\" data-widget_type=\"heading.default\">\n\t\t\t\t<div class=\"elementor-widget-container\">\n\t\t\t<h2 class=\"elementor-heading-title elementor-size-default\">Del 13 al 17 d'octubre de 2025<\/h2>\t\t<\/div>\n\t\t\t\t<\/div>\n\t\t\t\t\t<\/div>\n\t\t<\/div>\n\t\t\t\t\t<\/div>\n\t\t<\/section>\n\t\t\t\t<section class=\"elementor-section elementor-top-section elementor-element elementor-element-c0dd94e elementor-section-boxed elementor-section-height-default elementor-section-height-default\" data-id=\"c0dd94e\" data-element_type=\"section\">\n\t\t\t\t\t\t<div class=\"elementor-container elementor-column-gap-default\">\n\t\t\t\t\t<div class=\"elementor-column elementor-col-100 elementor-top-column elementor-element elementor-element-07c8ae0\" data-id=\"07c8ae0\" data-element_type=\"column\">\n\t\t\t<div class=\"elementor-widget-wrap elementor-element-populated\">\n\t\t\t\t\t\t<div class=\"elementor-element elementor-element-ae46031 elementor-widget elementor-widget-image\" data-id=\"ae46031\" data-element_type=\"widget\" data-widget_type=\"image.default\">\n\t\t\t\t<div class=\"elementor-widget-container\">\n\t\t\t\t\t\t\t\t\t\t\t\t\t<img fetchpriority=\"high\" decoding=\"async\" width=\"853\" height=\"480\" src=\"https:\/\/www.ub.edu\/InfoBBAA\/wp-content\/uploads\/2025\/09\/ST25_ArtBoard.gif\" class=\"attachment-large size-large wp-image-37176\" alt=\"Sense T\u00edtol 2025\" \/>\t\t\t\t\t\t\t\t\t\t\t\t\t<\/div>\n\t\t\t\t<\/div>\n\t\t\t\t\t<\/div>\n\t\t<\/div>\n\t\t\t\t\t<\/div>\n\t\t<\/section>\n\t\t\t\t<section class=\"elementor-section elementor-top-section elementor-element elementor-element-b127df0 elementor-section-boxed elementor-section-height-default elementor-section-height-default\" data-id=\"b127df0\" data-element_type=\"section\">\n\t\t\t\t\t\t<div class=\"elementor-container elementor-column-gap-default\">\n\t\t\t\t\t<div class=\"elementor-column elementor-col-100 elementor-top-column elementor-element elementor-element-f39dd01\" data-id=\"f39dd01\" data-element_type=\"column\">\n\t\t\t<div class=\"elementor-widget-wrap elementor-element-populated\">\n\t\t\t\t\t\t<div class=\"elementor-element elementor-element-0bec20a elementor-widget elementor-widget-text-editor\" data-id=\"0bec20a\" data-element_type=\"widget\" data-widget_type=\"text-editor.default\">\n\t\t\t\t<div class=\"elementor-widget-container\">\n\t\t\t\t\t\t\t<p><span style=\"font-family: georgia, palatino, serif; font-size: 12pt;\">El pr\u00f2xim <strong>dilluns 13 d\u2019octubre<\/strong>\u00a0tindr\u00e0 lloc la<strong> inauguraci\u00f3 de l\u2019exposici\u00f3 del <em>Sense T\u00edtol 2025<\/em><\/strong>\u00a0de la <em><strong>Promoci\u00f3 2021 \u2013 2025<\/strong><\/em>. La mostra estar\u00e0 oberta al p\u00fablic <strong>fins al divendres 17 d\u2019octubre.<\/strong> Aquesta ser\u00e0 l\u2019edici\u00f3 <strong>n\u00famero 22<\/strong>\u00a0d\u2019aquesta iniciativa pionera, en un curs que estar\u00e0 emmarcat per la celebraci\u00f3 dels <strong>575 anys<\/strong> de la <strong>Universitat de Barcelona<\/strong>.<\/span><\/p><p><span style=\"font-family: georgia, palatino, serif; font-size: 12pt;\">L\u2019exposici\u00f3 acull <strong>una selecci\u00f3 dels millors TFG dels graduats<\/strong> a la promoci\u00f3 2021-2025 dels tres graus que imparteix actualment la Facultat: el <strong>Grau en Belles Arts<\/strong>, el <strong>Grau en Disseny<\/strong> i el <strong>Grau en Conservaci\u00f3-Restauraci\u00f3. <\/strong>La seva realitzaci\u00f3 \u00e9s viable gr\u00e0cies a la implicaci\u00f3 de l\u2019alumnat, el professorat i el personal t\u00e8cnic, de gesti\u00f3, administraci\u00f3 i serveis de la facultat.<\/span><\/p><p><span style=\"font-family: georgia, palatino, serif; font-size: 12pt;\">Un total de<strong> 64 treballs<\/strong> distribu\u00efts per <strong>13 espais<\/strong> en els cinc edificis que conformen el centre, s\u2019habiliten per a l\u2019ocasi\u00f3 a fi de mostrar la gran diversitat de posicionaments art\u00edstics que hi conviuen. D\u2019una banda, al mateix alumnat, i de l\u2019altra i igualment d\u2019important, al p\u00fablic espectador en general, a qui es convida a visitar-nos durant aquesta setmana.<\/span><\/p><p><span style=\"font-family: georgia, palatino, serif; font-size: 12pt;\">La creaci\u00f3 emergent ens convida a tornar a mirar q\u00fcestions que potser ten\u00edem oblidades i a considerar-ne les pr\u00f2pies de les generacions joves, que prenen la pulsi\u00f3 d\u2019una manera for\u00e7a particular a la realitat i la seva complexitat.<\/span><\/p><p><span style=\"font-family: georgia, palatino, serif; font-size: 12pt;\">Acad\u00e8micament, l\u2019experi\u00e8ncia tant per als estudiants que s\u2019inicien en l\u2019\u00e0mbit universitari com per als estudiants en curs, resulta estimulant, a fi que els permet de testar els objectius dels graus a trav\u00e9s de llurs resultats.<\/span><\/p><p><span style=\"font-family: georgia, palatino, serif; font-size: 12pt;\">El <strong>Sense T\u00edtol<\/strong> tamb\u00e9 \u00e9s una eina per nodrir el <strong>fons patrimonial de la Universitat de Barcelona<\/strong>, a trav\u00e9s del jurat del <strong>Premi<\/strong> <strong>PATRIM.<\/strong> Cada any, se seleccionen i adquireixen <strong>noves obres<\/strong> que s\u2019afegeixen a la <a href=\"https:\/\/www.ub.edu\/portal\/web\/bellesarts\/la-colleccio\">col\u00b7lecci\u00f3 de la Facultat<\/a>.<\/span><\/p><p><strong><span style=\"font-family: georgia, palatino, serif; font-size: 12pt;\">Dates importants:<\/span><\/strong><\/p><p><span style=\"font-family: georgia, palatino, serif; font-size: 12pt;\"><strong>13\/10 Inauguraci\u00f3<\/strong> de l\u2019exposici\u00f3: 12 h a la <strong>Sala d\u2019Exposicions<\/strong> i<strong> entrega del VII Premi Ling\u00fc\u00edstic<\/strong> als millors TFG en catal\u00e0<\/span><\/p><p><span style=\"font-family: georgia, palatino, serif; font-size: 12pt;\"><strong>14\/10<\/strong> <strong>Selecci\u00f3 d\u2019obres per al Premi PATRIM\u201925<\/strong><\/span><\/p><p><span style=\"font-family: georgia, palatino, serif; font-size: 12pt;\"><strong>16\/10<\/strong> <strong>Di\u00e0legs amb l\u2019alumnat<\/strong> als diferents espais expositius (mat\u00ed\/tarda)<\/span><\/p><p><span style=\"font-family: georgia, palatino, serif; font-size: 12pt;\"><strong>Horaris:<\/strong> <\/span><span style=\"font-family: georgia, palatino, serif; font-size: 12pt;\">Dilluns &#8211; dijous: 10-14 h i 15-19 h \/ <\/span><span style=\"font-family: georgia, palatino, serif; font-size: 12pt;\">Divendres: 10-14 h.<\/span><\/p><p><span style=\"font-family: georgia, palatino, serif; font-size: 12pt;\"><a href=\"https:\/\/www.ub.edu\/InfoBBAA\/wp-content\/uploads\/2025\/10\/ST25_guia-desplegable.pdf\">M\u00e9s informaci\u00f3<\/a><\/span><\/p>\t\t\t\t\t\t<\/div>\n\t\t\t\t<\/div>\n\t\t\t\t\t<\/div>\n\t\t<\/div>\n\t\t\t\t\t<\/div>\n\t\t<\/section>\n\t\t\t\t<\/div>\n\t\t","protected":false},"excerpt":{"rendered":"<p>Del 13 al 17 d&#8217;octubre de 2025 El pr\u00f2xim dilluns 13 d\u2019octubre\u00a0tindr\u00e0 lloc la inauguraci\u00f3 de l\u2019exposici\u00f3 del Sense T\u00edtol 2025\u00a0de la Promoci\u00f3 2021 \u2013 2025. La mostra estar\u00e0 oberta al p\u00fablic fins al divendres 17 d\u2019octubre. Aquesta ser\u00e0 l\u2019edici\u00f3 n\u00famero 22\u00a0d\u2019aquesta iniciativa pionera, en un curs que estar\u00e0 emmarcat per la celebraci\u00f3 dels 575 &#8230; <a title=\"SENSE T\u00cdTOL 25: PROMOCI\u00d3 2021-2025\" class=\"read-more\" href=\"https:\/\/www.ub.edu\/InfoBBAA\/sense-titol-25-promocio-2021-2025\/\">Leer m\u00e1s<\/a><\/p>\n","protected":false},"author":2,"featured_media":0,"comment_status":"closed","ping_status":"closed","sticky":false,"template":"","format":"standard","meta":{"generate_page_header":"","_monsterinsights_skip_tracking":false,"_monsterinsights_sitenote_active":false,"_monsterinsights_sitenote_note":"","_monsterinsights_sitenote_category":0,"footnotes":""},"categories":[39,42,43,44,20,26,22],"tags":[],"_links":{"self":[{"href":"https:\/\/www.ub.edu\/InfoBBAA\/wp-json\/wp\/v2\/posts\/37174"}],"collection":[{"href":"https:\/\/www.ub.edu\/InfoBBAA\/wp-json\/wp\/v2\/posts"}],"about":[{"href":"https:\/\/www.ub.edu\/InfoBBAA\/wp-json\/wp\/v2\/types\/post"}],"author":[{"embeddable":true,"href":"https:\/\/www.ub.edu\/InfoBBAA\/wp-json\/wp\/v2\/users\/2"}],"replies":[{"embeddable":true,"href":"https:\/\/www.ub.edu\/InfoBBAA\/wp-json\/wp\/v2\/comments?post=37174"}],"version-history":[{"count":28,"href":"https:\/\/www.ub.edu\/InfoBBAA\/wp-json\/wp\/v2\/posts\/37174\/revisions"}],"predecessor-version":[{"id":37332,"href":"https:\/\/www.ub.edu\/InfoBBAA\/wp-json\/wp\/v2\/posts\/37174\/revisions\/37332"}],"wp:attachment":[{"href":"https:\/\/www.ub.edu\/InfoBBAA\/wp-json\/wp\/v2\/media?parent=37174"}],"wp:term":[{"taxonomy":"category","embeddable":true,"href":"https:\/\/www.ub.edu\/InfoBBAA\/wp-json\/wp\/v2\/categories?post=37174"},{"taxonomy":"post_tag","embeddable":true,"href":"https:\/\/www.ub.edu\/InfoBBAA\/wp-json\/wp\/v2\/tags?post=37174"}],"curies":[{"name":"wp","href":"https:\/\/api.w.org\/{rel}","templated":true}]}}