{"id":37260,"date":"2025-09-29T13:26:08","date_gmt":"2025-09-29T11:26:08","guid":{"rendered":"https:\/\/www.ub.edu\/InfoBBAA\/?p=37260"},"modified":"2025-10-09T08:52:45","modified_gmt":"2025-10-09T06:52:45","slug":"premi-patrim-2025","status":"publish","type":"post","link":"https:\/\/www.ub.edu\/InfoBBAA\/premi-patrim-2025\/","title":{"rendered":"CONVOCAT\u00d2RIA: PREMI PATRIM 2025"},"content":{"rendered":"\t\t<div data-elementor-type=\"wp-post\" data-elementor-id=\"37260\" class=\"elementor elementor-37260\">\n\t\t\t\t\t\t<section class=\"elementor-section elementor-top-section elementor-element elementor-element-ec7484e elementor-section-boxed elementor-section-height-default elementor-section-height-default\" data-id=\"ec7484e\" data-element_type=\"section\">\n\t\t\t\t\t\t<div class=\"elementor-container elementor-column-gap-default\">\n\t\t\t\t\t<div class=\"elementor-column elementor-col-100 elementor-top-column elementor-element elementor-element-c2f90cf\" data-id=\"c2f90cf\" data-element_type=\"column\">\n\t\t\t<div class=\"elementor-widget-wrap elementor-element-populated\">\n\t\t\t\t\t\t<div class=\"elementor-element elementor-element-d2e32a6 elementor-widget elementor-widget-heading\" data-id=\"d2e32a6\" data-element_type=\"widget\" data-widget_type=\"heading.default\">\n\t\t\t\t<div class=\"elementor-widget-container\">\n\t\t\t<h2 class=\"elementor-heading-title elementor-size-default\">Sol\u00b7licituds obertes del 30 de setembre al 8 d'octubre de 2025<\/h2>\t\t<\/div>\n\t\t\t\t<\/div>\n\t\t\t\t\t<\/div>\n\t\t<\/div>\n\t\t\t\t\t<\/div>\n\t\t<\/section>\n\t\t\t\t<section class=\"elementor-section elementor-top-section elementor-element elementor-element-5e4ab79 elementor-section-boxed elementor-section-height-default elementor-section-height-default\" data-id=\"5e4ab79\" data-element_type=\"section\">\n\t\t\t\t\t\t<div class=\"elementor-container elementor-column-gap-default\">\n\t\t\t\t\t<div class=\"elementor-column elementor-col-100 elementor-top-column elementor-element elementor-element-56ac302\" data-id=\"56ac302\" data-element_type=\"column\">\n\t\t\t<div class=\"elementor-widget-wrap elementor-element-populated\">\n\t\t\t\t\t\t<div class=\"elementor-element elementor-element-25e058c elementor-widget elementor-widget-text-editor\" data-id=\"25e058c\" data-element_type=\"widget\" data-widget_type=\"text-editor.default\">\n\t\t\t\t<div class=\"elementor-widget-container\">\n\t\t\t\t\t\t\t<p><span style=\"font-family: georgia, palatino, serif; font-size: 12pt;\">El <strong>deg\u00e0<\/strong> de la Facultat de Belles Arts, a iniciativa del <strong>Vicerectorat de Cultura, Mem\u00f2ria i Patrimoni<\/strong>, convoca un concurs per l\u2019atorgament dels<strong> Premis PATRIM<\/strong> a les <strong>Millors Obres vinculades als Treballs Final de Grau del curs 2024-2025<\/strong>\u00a0que s\u2019exposen a l\u2019exposici\u00f3<strong> <a href=\"https:\/\/www.ub.edu\/InfoBBAA\/sense-titol-25-promocio-2021-2025\/\">Sense T\u00edtol<\/a>,<\/strong>\u00a0organitzada per la Facultat. Les obres guanyadores passaran a formar part de la <strong>Col\u00b7leci\u00f3 PATRIM\/Col\u00b7lecci\u00f3 de la Facultat de Belles Arts<\/strong>.<\/span><\/p><p><span style=\"font-family: georgia, palatino, serif; font-size: 12pt;\">Les sol\u00b7licituds s\u2019han de presentar per inst\u00e0ncia gen\u00e8rica al Registre de la Universitat, en el model normalitzat que s\u2019adjunta com annex 2 a la convocat\u00f2ria, disponible a la Seu Electr\u00f2nica de la Universitat de Barcelona o al lloc web de la Facultat de Belles Arts, degudament signades per l\u2019autor o en el seu cas, per tots els coautors, amb identificaci\u00f3 de l\u2019obra que es presenta. La inst\u00e0ncia haur\u00e0 d\u2019anar dirigida a l\u2019Oficina d\u2019Afers Generals de la Facultat de Belles Arts.<\/span><\/p><p><span style=\"font-family: georgia, palatino, serif; font-size: 12pt;\">Es concedeixen <strong>6 premis<\/strong>, cadascun per import de <strong>1.000.-\u20ac bruts<\/strong><\/span><\/p><p><span style=\"font-family: georgia, palatino, serif; font-size: 12pt;\">Poden participar en aquesta convocat\u00f2ria els alumnes que hagin defensat el treball final de grau (TFG) el curs 2024-2025 i hagin obtingut una <strong>qualificaci\u00f3 m\u00ednima d\u2019un 9<\/strong> en la part de <strong>creaci\u00f3 del TFG<\/strong>.<\/span><\/p><p><span style=\"font-family: georgia, palatino, serif; font-size: 12pt;\">Les obres han d\u2019haver format part i haver estat creades per l\u2019alumne\/a sol\u00b7licitant pel treball de fi de grau i han d\u2019haver estat exposades al <strong>\u201cSense T\u00edtol\u201d<\/strong> que organitza la Facultat de Belles Arts el mes d\u2019<strong>octubre de 2025<\/strong>.<\/span><\/p><p><span style=\"font-family: georgia, palatino, serif; font-size: 12pt;\"><strong>Termini de presentaci\u00f3<\/strong> de sol\u00b7licituds del 30 de setembre al 8 d\u2019octubre de 2025.<\/span><\/p><p><span style=\"font-family: georgia, palatino, serif; font-size: 12pt;\">Podeu consultar les <strong>bases de la convocat\u00f2ria<\/strong>: <a href=\"https:\/\/seu.ub.edu\/documentPublic\/download\/804986\">PremiPATRIM25<\/a><\/span><\/p><p><span style=\"font-family: georgia, palatino, serif; font-size: 12pt;\"><strong>Formulari de la convocat\u00f2ria<\/strong> i acc\u00e9s a la <strong>inst\u00e0ncia gen\u00e8rica<\/strong> a la\u00a0<a href=\"https:\/\/seu.ub.edu\/ajutsPublic\/showPublicacion\/804985\">seu electr\u00f2nica<\/a>.<\/span><\/p>\t\t\t\t\t\t<\/div>\n\t\t\t\t<\/div>\n\t\t\t\t\t<\/div>\n\t\t<\/div>\n\t\t\t\t\t<\/div>\n\t\t<\/section>\n\t\t\t\t<section class=\"elementor-section elementor-top-section elementor-element elementor-element-048a700 elementor-section-boxed elementor-section-height-default elementor-section-height-default\" data-id=\"048a700\" data-element_type=\"section\">\n\t\t\t\t\t\t<div class=\"elementor-container elementor-column-gap-default\">\n\t\t\t\t\t<div class=\"elementor-column elementor-col-100 elementor-top-column elementor-element elementor-element-4311b32\" data-id=\"4311b32\" data-element_type=\"column\">\n\t\t\t<div class=\"elementor-widget-wrap elementor-element-populated\">\n\t\t\t\t\t\t<div class=\"elementor-element elementor-element-d6f99ab elementor-widget elementor-widget-image\" data-id=\"d6f99ab\" data-element_type=\"widget\" data-widget_type=\"image.default\">\n\t\t\t\t<div class=\"elementor-widget-container\">\n\t\t\t\t\t\t\t\t\t\t\t\t\t<img fetchpriority=\"high\" decoding=\"async\" width=\"660\" height=\"835\" src=\"https:\/\/www.ub.edu\/InfoBBAA\/wp-content\/uploads\/2025\/09\/Premis-PATRIM-25.jpg\" class=\"attachment-large size-large wp-image-37262\" alt=\"\" srcset=\"https:\/\/www.ub.edu\/InfoBBAA\/wp-content\/uploads\/2025\/09\/Premis-PATRIM-25.jpg 660w, https:\/\/www.ub.edu\/InfoBBAA\/wp-content\/uploads\/2025\/09\/Premis-PATRIM-25-237x300.jpg 237w\" sizes=\"(max-width: 660px) 100vw, 660px\" \/>\t\t\t\t\t\t\t\t\t\t\t\t\t<\/div>\n\t\t\t\t<\/div>\n\t\t\t\t\t<\/div>\n\t\t<\/div>\n\t\t\t\t\t<\/div>\n\t\t<\/section>\n\t\t\t\t<\/div>\n\t\t","protected":false},"excerpt":{"rendered":"<p>Sol\u00b7licituds obertes del 30 de setembre al 8 d&#8217;octubre de 2025 El deg\u00e0 de la Facultat de Belles Arts, a iniciativa del Vicerectorat de Cultura, Mem\u00f2ria i Patrimoni, convoca un concurs per l\u2019atorgament dels Premis PATRIM a les Millors Obres vinculades als Treballs Final de Grau del curs 2024-2025\u00a0que s\u2019exposen a l\u2019exposici\u00f3 Sense T\u00edtol,\u00a0organitzada per &#8230; <a title=\"CONVOCAT\u00d2RIA: PREMI PATRIM 2025\" class=\"read-more\" href=\"https:\/\/www.ub.edu\/InfoBBAA\/premi-patrim-2025\/\">Leer m\u00e1s<\/a><\/p>\n","protected":false},"author":2,"featured_media":0,"comment_status":"closed","ping_status":"closed","sticky":false,"template":"","format":"standard","meta":{"generate_page_header":"","_monsterinsights_skip_tracking":false,"_monsterinsights_sitenote_active":false,"_monsterinsights_sitenote_note":"","_monsterinsights_sitenote_category":0,"footnotes":""},"categories":[44,34,27],"tags":[],"_links":{"self":[{"href":"https:\/\/www.ub.edu\/InfoBBAA\/wp-json\/wp\/v2\/posts\/37260"}],"collection":[{"href":"https:\/\/www.ub.edu\/InfoBBAA\/wp-json\/wp\/v2\/posts"}],"about":[{"href":"https:\/\/www.ub.edu\/InfoBBAA\/wp-json\/wp\/v2\/types\/post"}],"author":[{"embeddable":true,"href":"https:\/\/www.ub.edu\/InfoBBAA\/wp-json\/wp\/v2\/users\/2"}],"replies":[{"embeddable":true,"href":"https:\/\/www.ub.edu\/InfoBBAA\/wp-json\/wp\/v2\/comments?post=37260"}],"version-history":[{"count":14,"href":"https:\/\/www.ub.edu\/InfoBBAA\/wp-json\/wp\/v2\/posts\/37260\/revisions"}],"predecessor-version":[{"id":37275,"href":"https:\/\/www.ub.edu\/InfoBBAA\/wp-json\/wp\/v2\/posts\/37260\/revisions\/37275"}],"wp:attachment":[{"href":"https:\/\/www.ub.edu\/InfoBBAA\/wp-json\/wp\/v2\/media?parent=37260"}],"wp:term":[{"taxonomy":"category","embeddable":true,"href":"https:\/\/www.ub.edu\/InfoBBAA\/wp-json\/wp\/v2\/categories?post=37260"},{"taxonomy":"post_tag","embeddable":true,"href":"https:\/\/www.ub.edu\/InfoBBAA\/wp-json\/wp\/v2\/tags?post=37260"}],"curies":[{"name":"wp","href":"https:\/\/api.w.org\/{rel}","templated":true}]}}