{"id":37373,"date":"2025-10-20T12:15:30","date_gmt":"2025-10-20T10:15:30","guid":{"rendered":"https:\/\/www.ub.edu\/InfoBBAA\/?p=37373"},"modified":"2025-10-20T12:30:34","modified_gmt":"2025-10-20T10:30:34","slug":"beques-guasch-coranty-per-a-la-creacio-artistica","status":"publish","type":"post","link":"https:\/\/www.ub.edu\/InfoBBAA\/beques-guasch-coranty-per-a-la-creacio-artistica\/","title":{"rendered":"AJUTS GUASCH CORANTY PER A LA CREACI\u00d3 ART\u00cdSTICA"},"content":{"rendered":"\t\t<div data-elementor-type=\"wp-post\" data-elementor-id=\"37373\" class=\"elementor elementor-37373\">\n\t\t\t\t\t\t<section class=\"elementor-section elementor-top-section elementor-element elementor-element-db54aa3 elementor-section-boxed elementor-section-height-default elementor-section-height-default\" data-id=\"db54aa3\" data-element_type=\"section\">\n\t\t\t\t\t\t<div class=\"elementor-container elementor-column-gap-default\">\n\t\t\t\t\t<div class=\"elementor-column elementor-col-100 elementor-top-column elementor-element elementor-element-fd8315c\" data-id=\"fd8315c\" data-element_type=\"column\">\n\t\t\t<div class=\"elementor-widget-wrap elementor-element-populated\">\n\t\t\t\t\t\t<div class=\"elementor-element elementor-element-d99f97c elementor-widget elementor-widget-heading\" data-id=\"d99f97c\" data-element_type=\"widget\" data-widget_type=\"heading.default\">\n\t\t\t\t<div class=\"elementor-widget-container\">\n\t\t\t<h2 class=\"elementor-heading-title elementor-size-default\">Inscripcions obertes fins al 31 d'octubre de 2025<\/h2>\t\t<\/div>\n\t\t\t\t<\/div>\n\t\t\t\t\t<\/div>\n\t\t<\/div>\n\t\t\t\t\t<\/div>\n\t\t<\/section>\n\t\t\t\t<section class=\"elementor-section elementor-top-section elementor-element elementor-element-221c98f elementor-section-boxed elementor-section-height-default elementor-section-height-default\" data-id=\"221c98f\" data-element_type=\"section\">\n\t\t\t\t\t\t<div class=\"elementor-container elementor-column-gap-default\">\n\t\t\t\t\t<div class=\"elementor-column elementor-col-100 elementor-top-column elementor-element elementor-element-b36f7cd\" data-id=\"b36f7cd\" data-element_type=\"column\">\n\t\t\t<div class=\"elementor-widget-wrap elementor-element-populated\">\n\t\t\t\t\t\t<div class=\"elementor-element elementor-element-cd4791d elementor-widget elementor-widget-image\" data-id=\"cd4791d\" data-element_type=\"widget\" data-widget_type=\"image.default\">\n\t\t\t\t<div class=\"elementor-widget-container\">\n\t\t\t\t\t\t\t\t\t\t\t\t\t<img fetchpriority=\"high\" decoding=\"async\" width=\"340\" height=\"340\" src=\"https:\/\/www.ub.edu\/InfoBBAA\/wp-content\/uploads\/2025\/10\/26_Beques-ImatgeIG.jpg\" class=\"attachment-large size-large wp-image-37375\" alt=\"\" srcset=\"https:\/\/www.ub.edu\/InfoBBAA\/wp-content\/uploads\/2025\/10\/26_Beques-ImatgeIG.jpg 340w, https:\/\/www.ub.edu\/InfoBBAA\/wp-content\/uploads\/2025\/10\/26_Beques-ImatgeIG-300x300.jpg 300w, https:\/\/www.ub.edu\/InfoBBAA\/wp-content\/uploads\/2025\/10\/26_Beques-ImatgeIG-150x150.jpg 150w\" sizes=\"(max-width: 340px) 100vw, 340px\" \/>\t\t\t\t\t\t\t\t\t\t\t\t\t<\/div>\n\t\t\t\t<\/div>\n\t\t\t\t\t<\/div>\n\t\t<\/div>\n\t\t\t\t\t<\/div>\n\t\t<\/section>\n\t\t\t\t<section class=\"elementor-section elementor-top-section elementor-element elementor-element-2599c68 elementor-section-boxed elementor-section-height-default elementor-section-height-default\" data-id=\"2599c68\" data-element_type=\"section\">\n\t\t\t\t\t\t<div class=\"elementor-container elementor-column-gap-default\">\n\t\t\t\t\t<div class=\"elementor-column elementor-col-100 elementor-top-column elementor-element elementor-element-32e07cc\" data-id=\"32e07cc\" data-element_type=\"column\">\n\t\t\t<div class=\"elementor-widget-wrap elementor-element-populated\">\n\t\t\t\t\t\t<div class=\"elementor-element elementor-element-74e624e elementor-widget elementor-widget-text-editor\" data-id=\"74e624e\" data-element_type=\"widget\" data-widget_type=\"text-editor.default\">\n\t\t\t\t<div class=\"elementor-widget-container\">\n\t\t\t\t\t\t\t<p><span style=\"font-family: georgia, palatino, serif; font-size: 12pt;\">La <a href=\"http:\/\/guaschcoranty.com\/\" target=\"_blank\" rel=\"noopener\">Fundaci\u00f3 Guasch Coranty<\/a> aprova la <strong>convocat\u00f2ria d\u2019ajuts<\/strong> per a la <strong>creaci\u00f3 art\u00edstica 2025\/2026<\/strong> i les<\/span><br \/><span style=\"font-family: georgia, palatino, serif; font-size: 12pt;\">corresponents bases que s\u2019exposen a continuaci\u00f3, amb la finalitat de promoure, estimular i<\/span><br \/><span style=\"font-family: georgia, palatino, serif; font-size: 12pt;\">difondre les arts visuals en els graus de la Facultat de Belles Arts de la Universitat de Barcelona.<\/span><\/p><p><span style=\"font-family: georgia, palatino, serif; font-size: 12pt;\">Aquests ajuts s\u00f3n de car\u00e0cter <strong>individual<\/strong>, tot i que els projectes poden ser realitzats per un col\u00b7lectiu. En aquest darrer cas, tots els membres del col\u00b7lectiu hauran de complir els mateixos requisits i donar la conformitat a la sol\u00b7licitud, no obstant aquesta haur\u00e0 de ser presentada per un dels membres d\u2019aquest col\u00b7lectiu.<\/span><\/p><p><span style=\"font-family: georgia, palatino, serif; font-size: 12pt;\">S\u2019atorgar\u00e0 una dotaci\u00f3 econ\u00f2mica (amb la corresponent retenci\u00f3 d\u2019IRPF) als projectes seleccionats, i un <strong>acompanyament<\/strong> per part de professorat de la facultat, per tal que, en el transcurs d\u2019un m\u00e0xim<\/span><br \/><span style=\"font-family: georgia, palatino, serif; font-size: 12pt;\">d\u2019onze mesos a partir de l\u2019adjudicaci\u00f3, cada persona adjudicat\u00e0ria desenvolupi el projecte art\u00edstic.<\/span><\/p><p><span style=\"font-family: georgia, palatino, serif; font-size: 12pt;\">Es donaran fins a <strong>3 ajuts.<\/strong> Es podr\u00e0 cobrir fins al 100% del projecte, sempre que aquest import no superi els <strong>9.000\u202f\u20ac.<\/strong> El projecte final ha de ser sotm\u00e8s a la valoraci\u00f3 d\u2019un centre d\u2019art reconegut, per a la seva exposici\u00f3, segons proposta i gesti\u00f3 de les persones adjudicat\u00e0ries i ha de produir un<\/span><br \/><span style=\"font-family: georgia, palatino, serif; font-size: 12pt;\">conjunt d\u2019obra inventariable.<\/span><\/p><p><span style=\"font-family: georgia, palatino, serif; font-size: 12pt;\">En cap cas s\u2019atorga l\u2019ajut a projectes ja realitzats.<\/span><\/p><p><span style=\"font-family: georgia, palatino, serif; font-size: 12pt;\"><strong>REQUISITS<\/strong><\/span><\/p><p><span style=\"font-family: georgia, palatino, serif; font-size: 12pt;\">Pot sol\u00b7licitar un ajut qualsevol estudiant o graduat de la Facultat de Belles Arts de la Universitat de Barcelona que compleixi un dels seg\u00fcents requisits:<\/span><\/p><ul><li><span style=\"font-family: georgia, palatino, serif; font-size: 12pt;\">Ser estudiant de grau, en el darrer curs i amb un m\u00ednim de <strong>180 ECTS<\/strong> superats, el curs 2025\u2010<\/span><span style=\"font-family: georgia, palatino, serif; font-size: 12pt;\">26.<\/span><\/li><li><span style=\"font-family: georgia, palatino, serif; font-size: 12pt;\">Haver cursat durant el curs anterior (2024\u20102025) l\u2019<strong>\u00faltim curs<\/strong> del grau en Belles Arts, amb<\/span><br \/><span style=\"font-family: georgia, palatino, serif; font-size: 12pt;\">240 ECTS superats.<\/span><\/li><li><span style=\"font-family: georgia, palatino, serif; font-size: 12pt;\">Ser estudiant de <strong>m\u00e0ster oficial<\/strong> o de <strong>doctorat<\/strong> a la Facultat de Belles Arts el curs 2025\u20102026.<\/span><\/li><\/ul><p><span style=\"font-family: georgia, palatino, serif; font-size: 12pt;\">\u00c9s condici\u00f3 indispensable no estar impartint doc\u00e8ncia a la Universitat de Barcelona i no haver estat subvencionat per la Fundaci\u00f3 Guasch\u2010Coranty en edicions anteriors.<\/span><\/p><p><span style=\"font-family: georgia, palatino, serif; font-size: 12pt;\">Nom\u00e9s es podr\u00e0 presentar una proposta per persona.<\/span><\/p><p><span style=\"font-family: georgia, palatino, serif; font-size: 12pt;\">El per\u00edode per a la presentaci\u00f3 de les sol\u00b7licituds ser\u00e0 del <strong>29 de setembre<\/strong> al <strong>31 d\u2019octubre de <span style=\"font-family: georgia, palatino, serif; font-size: 12pt;\">2025<\/span><\/strong>, ambd\u00f3s inclosos.<\/span><\/p><p><a href=\"http:\/\/guaschcoranty.com\/beques\/\" target=\"_blank\" rel=\"noopener\"><span style=\"font-family: georgia, palatino, serif; font-size: 12pt;\">M\u00e9s informaci\u00f3<\/span><\/a><\/p>\t\t\t\t\t\t<\/div>\n\t\t\t\t<\/div>\n\t\t\t\t\t<\/div>\n\t\t<\/div>\n\t\t\t\t\t<\/div>\n\t\t<\/section>\n\t\t\t\t<\/div>\n\t\t","protected":false},"excerpt":{"rendered":"<p>Inscripcions obertes fins al 31 d&#8217;octubre de 2025 La Fundaci\u00f3 Guasch Coranty aprova la convocat\u00f2ria d\u2019ajuts per a la creaci\u00f3 art\u00edstica 2025\/2026 i lescorresponents bases que s\u2019exposen a continuaci\u00f3, amb la finalitat de promoure, estimular idifondre les arts visuals en els graus de la Facultat de Belles Arts de la Universitat de Barcelona. Aquests ajuts &#8230; <a title=\"AJUTS GUASCH CORANTY PER A LA CREACI\u00d3 ART\u00cdSTICA\" class=\"read-more\" href=\"https:\/\/www.ub.edu\/InfoBBAA\/beques-guasch-coranty-per-a-la-creacio-artistica\/\">Leer m\u00e1s<\/a><\/p>\n","protected":false},"author":2,"featured_media":0,"comment_status":"closed","ping_status":"closed","sticky":false,"template":"","format":"standard","meta":{"generate_page_header":"","_monsterinsights_skip_tracking":false,"_monsterinsights_sitenote_active":false,"_monsterinsights_sitenote_note":"","_monsterinsights_sitenote_category":0,"footnotes":""},"categories":[18],"tags":[],"_links":{"self":[{"href":"https:\/\/www.ub.edu\/InfoBBAA\/wp-json\/wp\/v2\/posts\/37373"}],"collection":[{"href":"https:\/\/www.ub.edu\/InfoBBAA\/wp-json\/wp\/v2\/posts"}],"about":[{"href":"https:\/\/www.ub.edu\/InfoBBAA\/wp-json\/wp\/v2\/types\/post"}],"author":[{"embeddable":true,"href":"https:\/\/www.ub.edu\/InfoBBAA\/wp-json\/wp\/v2\/users\/2"}],"replies":[{"embeddable":true,"href":"https:\/\/www.ub.edu\/InfoBBAA\/wp-json\/wp\/v2\/comments?post=37373"}],"version-history":[{"count":5,"href":"https:\/\/www.ub.edu\/InfoBBAA\/wp-json\/wp\/v2\/posts\/37373\/revisions"}],"predecessor-version":[{"id":37379,"href":"https:\/\/www.ub.edu\/InfoBBAA\/wp-json\/wp\/v2\/posts\/37373\/revisions\/37379"}],"wp:attachment":[{"href":"https:\/\/www.ub.edu\/InfoBBAA\/wp-json\/wp\/v2\/media?parent=37373"}],"wp:term":[{"taxonomy":"category","embeddable":true,"href":"https:\/\/www.ub.edu\/InfoBBAA\/wp-json\/wp\/v2\/categories?post=37373"},{"taxonomy":"post_tag","embeddable":true,"href":"https:\/\/www.ub.edu\/InfoBBAA\/wp-json\/wp\/v2\/tags?post=37373"}],"curies":[{"name":"wp","href":"https:\/\/api.w.org\/{rel}","templated":true}]}}