{"id":37389,"date":"2025-10-23T09:00:48","date_gmt":"2025-10-23T07:00:48","guid":{"rendered":"https:\/\/www.ub.edu\/InfoBBAA\/?p=37389"},"modified":"2025-10-29T11:05:03","modified_gmt":"2025-10-29T09:05:03","slug":"llico-inaugural-del-curs-academic-2025-2026-que-fa-una-conservadora-restauradora-a-un-museu-dart-contemporani","status":"publish","type":"post","link":"https:\/\/www.ub.edu\/InfoBBAA\/llico-inaugural-del-curs-academic-2025-2026-que-fa-una-conservadora-restauradora-a-un-museu-dart-contemporani\/","title":{"rendered":"LLI\u00c7\u00d3 INAUGURAL DEL CURS ACAD\u00c8MIC 2025-2026: QU\u00c8 FA UNA CONSERVADORA-RESTAURADORA A UN MUSEU D\u2019ART CONTEMPORANI?"},"content":{"rendered":"\t\t<div data-elementor-type=\"wp-post\" data-elementor-id=\"37389\" class=\"elementor elementor-37389\">\n\t\t\t\t\t\t<section class=\"elementor-section elementor-top-section elementor-element elementor-element-01acfac elementor-section-boxed elementor-section-height-default elementor-section-height-default\" data-id=\"01acfac\" data-element_type=\"section\">\n\t\t\t\t\t\t<div class=\"elementor-container elementor-column-gap-default\">\n\t\t\t\t\t<div class=\"elementor-column elementor-col-100 elementor-top-column elementor-element elementor-element-5808d4c\" data-id=\"5808d4c\" data-element_type=\"column\">\n\t\t\t<div class=\"elementor-widget-wrap elementor-element-populated\">\n\t\t\t\t\t\t<div class=\"elementor-element elementor-element-4c3aaf7 elementor-widget elementor-widget-heading\" data-id=\"4c3aaf7\" data-element_type=\"widget\" data-widget_type=\"heading.default\">\n\t\t\t\t<div class=\"elementor-widget-container\">\n\t\t\t<h2 class=\"elementor-heading-title elementor-size-default\">A c\u00e0rrec de S\u00edlvia Noguer, cap de Conservaci\u00f3-Restauraci\u00f3 del MACBA<\/h2>\t\t<\/div>\n\t\t\t\t<\/div>\n\t\t\t\t\t<\/div>\n\t\t<\/div>\n\t\t\t\t\t<\/div>\n\t\t<\/section>\n\t\t\t\t<section class=\"elementor-section elementor-top-section elementor-element elementor-element-de4e71f elementor-section-boxed elementor-section-height-default elementor-section-height-default\" data-id=\"de4e71f\" data-element_type=\"section\">\n\t\t\t\t\t\t<div class=\"elementor-container elementor-column-gap-default\">\n\t\t\t\t\t<div class=\"elementor-column elementor-col-100 elementor-top-column elementor-element elementor-element-35f5a42\" data-id=\"35f5a42\" data-element_type=\"column\">\n\t\t\t<div class=\"elementor-widget-wrap elementor-element-populated\">\n\t\t\t\t\t\t<div class=\"elementor-element elementor-element-0907852 elementor-widget elementor-widget-text-editor\" data-id=\"0907852\" data-element_type=\"widget\" data-widget_type=\"text-editor.default\">\n\t\t\t\t<div class=\"elementor-widget-container\">\n\t\t\t\t\t\t\t<p><span style=\"font-family: georgia, palatino, serif; font-size: 12pt;\">El <strong>dimecres 29 d\u2019octubre de 2025,<\/strong> a les <strong>18 h,<\/strong> tindr\u00e0 lloc la <strong>Lli\u00e7\u00f3 inaugural del curs acad\u00e8mic 2025-2026.<\/strong> Aquest any, dur\u00e0 el t\u00edtol <strong>\u00abQU\u00c8 FA UNA CONSERVADORA-RESTAURADORA A UN MUSEU D\u2019ART CONTEMPORANI?\u00bb,<\/strong> a c\u00e0rrec de <strong>S\u00edlvia Noguer,<\/strong> <strong>cap de Conservaci\u00f3-Restauraci\u00f3<\/strong> del <a href=\"https:\/\/www.macba.cat\/ca\/\" target=\"_blank\" rel=\"noopener\">Museu d\u2019Art Contemporani de Barcelona (MACBA)<\/a>, que compartir\u00e0 la seva experi\u00e8ncia com antiga estudiant de la Facultat de Belles Arts i el seu desenvolupament professional al MACBA.<\/span><\/p><ul><li><span style=\"font-family: georgia, palatino, serif; font-size: 12pt;\"><strong>Dia<\/strong>: Dimecres 29 d\u2019octubre de 2025<\/span><\/li><li><span style=\"font-family: georgia, palatino, serif; font-size: 12pt;\"><strong>Hora: <\/strong>18.00 h<\/span><\/li><li><span style=\"font-family: georgia, palatino, serif; font-size: 12pt;\"><strong>Lloc<\/strong><strong>: <\/strong>Sala d\u2019Actes de la Facultat de Belles Arts (Carrer de Pau Gargallo, 4, 08028 Barcelona)<\/span><\/li><li><span style=\"font-family: georgia, palatino, serif; font-size: 12pt;\"><strong>Organitzaci\u00f3: <\/strong>Vicedeganat de Cultura, Facultat de Belles Arts, Universitat de Barcelona<\/span><\/li><\/ul><p><span style=\"font-family: georgia, palatino, serif; font-size: 12pt;\">La lli\u00e7\u00f3 inaugural del curs acad\u00e8mic 2025-2026 en la Facultat de Belles Arts vol ser una invitaci\u00f3 a con\u00e8ixer m\u00e9s sobre el valor de cursar estudis en la Facultat de Belles Arts, i el recorregut professional que s\u2019obre a partir del grau.<\/span><\/p>\t\t\t\t\t\t<\/div>\n\t\t\t\t<\/div>\n\t\t\t\t\t<\/div>\n\t\t<\/div>\n\t\t\t\t\t<\/div>\n\t\t<\/section>\n\t\t\t\t<section class=\"elementor-section elementor-top-section elementor-element elementor-element-89fa2d8 elementor-section-boxed elementor-section-height-default elementor-section-height-default\" data-id=\"89fa2d8\" data-element_type=\"section\">\n\t\t\t\t\t\t<div class=\"elementor-container elementor-column-gap-default\">\n\t\t\t\t\t<div class=\"elementor-column elementor-col-100 elementor-top-column elementor-element elementor-element-a666972\" data-id=\"a666972\" data-element_type=\"column\">\n\t\t\t<div class=\"elementor-widget-wrap elementor-element-populated\">\n\t\t\t\t\t\t<div class=\"elementor-element elementor-element-70608a8 elementor-widget elementor-widget-image\" data-id=\"70608a8\" data-element_type=\"widget\" data-widget_type=\"image.default\">\n\t\t\t\t<div class=\"elementor-widget-container\">\n\t\t\t\t\t\t\t\t\t\t\t\t\t<img fetchpriority=\"high\" decoding=\"async\" width=\"723\" height=\"1024\" src=\"https:\/\/www.ub.edu\/InfoBBAA\/wp-content\/uploads\/2025\/10\/2025_CARTELL_Llico-Inaugural_ok.png\" class=\"attachment-large size-large wp-image-37420\" alt=\"\" srcset=\"https:\/\/www.ub.edu\/InfoBBAA\/wp-content\/uploads\/2025\/10\/2025_CARTELL_Llico-Inaugural_ok.png 723w, https:\/\/www.ub.edu\/InfoBBAA\/wp-content\/uploads\/2025\/10\/2025_CARTELL_Llico-Inaugural_ok-212x300.png 212w\" sizes=\"(max-width: 723px) 100vw, 723px\" \/>\t\t\t\t\t\t\t\t\t\t\t\t\t<\/div>\n\t\t\t\t<\/div>\n\t\t\t\t\t<\/div>\n\t\t<\/div>\n\t\t\t\t\t<\/div>\n\t\t<\/section>\n\t\t\t\t<section class=\"elementor-section elementor-top-section elementor-element elementor-element-286df48 elementor-section-boxed elementor-section-height-default elementor-section-height-default\" data-id=\"286df48\" data-element_type=\"section\">\n\t\t\t\t\t\t<div class=\"elementor-container elementor-column-gap-default\">\n\t\t\t\t\t<div class=\"elementor-column elementor-col-100 elementor-top-column elementor-element elementor-element-a17f050\" data-id=\"a17f050\" data-element_type=\"column\">\n\t\t\t<div class=\"elementor-widget-wrap elementor-element-populated\">\n\t\t\t\t\t\t<div class=\"elementor-element elementor-element-1316625 elementor-widget elementor-widget-text-editor\" data-id=\"1316625\" data-element_type=\"widget\" data-widget_type=\"text-editor.default\">\n\t\t\t\t<div class=\"elementor-widget-container\">\n\t\t\t\t\t\t\t<p><span style=\"font-family: georgia, palatino, serif; font-size: 12pt;\">S\u00edlvia Noguer \u00e9s llicenciada en Belles Arts en l\u2019especialitat de Restauraci\u00f3 per la Universitat de Barcelona. Formada en conservaci\u00f3-restauraci\u00f3 de pintura mural i conservaci\u00f3 preventiva per International Centre for the Study of the Preservation and Restoration of Cultural Property (ICCROM) i en restauraci\u00f3 de pintura sobre taula pel Getty Conservation Institute. A mitjans dels anys vuitanta va comen\u00e7ar a treballar per a artistes, galeries i col\u00b7leccionistes d\u2019art contemporani, i va entrar a formar part del Grup Espanyol de Treball sobre Conservaci\u00f3 i Restauraci\u00f3 d\u2019Art Contemporani. El 1995 obt\u00e9 una borsa del Consolat d\u2019EUA a Barcelona per a la realitzaci\u00f3 d\u2019una estada en diversos museus americans d\u2019art contemporani entre els quals es destaquen MOMA, The Phillips Collection, National Gallery of Art, Hirshhorn Museum, Philladelphia Museum of Art. Ha treballat per a diverses institucions i des de 1995 \u00e9s cap del Departament de Conservaci\u00f3-Restauraci\u00f3 del MACBA. Ha participat en projectes com ara Inside Installations. Preservation and Presentation of Installation Art i PRACTICs of Contemporary Art: The Future, ambd\u00f3s promoguts per l\u2019International Network for the Conservation of Contemporary Art (INCCA). Ha participat en activitats de difusi\u00f3 sobre conservaci\u00f3-restauraci\u00f3 d\u2019art contemporani en institucions nacionals i internacionals. Del 2020 al 2024 ha impartit classes sobre La conservaci\u00f3 preventiva dels B\u00e9ns Patrimonials com a col\u00b7laboraci\u00f3 en el m\u00e0ster universitari de Gesti\u00f3 Cultural, en l\u2019assignatura Gesti\u00f3 i comissariat d\u2019exposicions Art\u00edstiques i B\u00e9ns Patrimonials a c\u00e0rrec de la Facultat d\u2019Humanitats de la Universitat Internacional de Catalunya.<\/span><\/p>\t\t\t\t\t\t<\/div>\n\t\t\t\t<\/div>\n\t\t\t\t\t<\/div>\n\t\t<\/div>\n\t\t\t\t\t<\/div>\n\t\t<\/section>\n\t\t\t\t<\/div>\n\t\t","protected":false},"excerpt":{"rendered":"<p>A c\u00e0rrec de S\u00edlvia Noguer, cap de Conservaci\u00f3-Restauraci\u00f3 del MACBA El dimecres 29 d\u2019octubre de 2025, a les 18 h, tindr\u00e0 lloc la Lli\u00e7\u00f3 inaugural del curs acad\u00e8mic 2025-2026. Aquest any, dur\u00e0 el t\u00edtol \u00abQU\u00c8 FA UNA CONSERVADORA-RESTAURADORA A UN MUSEU D\u2019ART CONTEMPORANI?\u00bb, a c\u00e0rrec de S\u00edlvia Noguer, cap de Conservaci\u00f3-Restauraci\u00f3 del Museu d\u2019Art Contemporani &#8230; <a title=\"LLI\u00c7\u00d3 INAUGURAL DEL CURS ACAD\u00c8MIC 2025-2026: QU\u00c8 FA UNA CONSERVADORA-RESTAURADORA A UN MUSEU D\u2019ART CONTEMPORANI?\" class=\"read-more\" href=\"https:\/\/www.ub.edu\/InfoBBAA\/llico-inaugural-del-curs-academic-2025-2026-que-fa-una-conservadora-restauradora-a-un-museu-dart-contemporani\/\">Leer m\u00e1s<\/a><\/p>\n","protected":false},"author":2,"featured_media":0,"comment_status":"closed","ping_status":"closed","sticky":false,"template":"","format":"standard","meta":{"generate_page_header":"","_monsterinsights_skip_tracking":false,"_monsterinsights_sitenote_active":false,"_monsterinsights_sitenote_note":"","_monsterinsights_sitenote_category":0,"footnotes":""},"categories":[39,42,20,19],"tags":[],"_links":{"self":[{"href":"https:\/\/www.ub.edu\/InfoBBAA\/wp-json\/wp\/v2\/posts\/37389"}],"collection":[{"href":"https:\/\/www.ub.edu\/InfoBBAA\/wp-json\/wp\/v2\/posts"}],"about":[{"href":"https:\/\/www.ub.edu\/InfoBBAA\/wp-json\/wp\/v2\/types\/post"}],"author":[{"embeddable":true,"href":"https:\/\/www.ub.edu\/InfoBBAA\/wp-json\/wp\/v2\/users\/2"}],"replies":[{"embeddable":true,"href":"https:\/\/www.ub.edu\/InfoBBAA\/wp-json\/wp\/v2\/comments?post=37389"}],"version-history":[{"count":25,"href":"https:\/\/www.ub.edu\/InfoBBAA\/wp-json\/wp\/v2\/posts\/37389\/revisions"}],"predecessor-version":[{"id":37426,"href":"https:\/\/www.ub.edu\/InfoBBAA\/wp-json\/wp\/v2\/posts\/37389\/revisions\/37426"}],"wp:attachment":[{"href":"https:\/\/www.ub.edu\/InfoBBAA\/wp-json\/wp\/v2\/media?parent=37389"}],"wp:term":[{"taxonomy":"category","embeddable":true,"href":"https:\/\/www.ub.edu\/InfoBBAA\/wp-json\/wp\/v2\/categories?post=37389"},{"taxonomy":"post_tag","embeddable":true,"href":"https:\/\/www.ub.edu\/InfoBBAA\/wp-json\/wp\/v2\/tags?post=37389"}],"curies":[{"name":"wp","href":"https:\/\/api.w.org\/{rel}","templated":true}]}}