{"id":2596,"date":"2022-11-24T08:28:35","date_gmt":"2022-11-24T07:28:35","guid":{"rendered":"http:\/\/www.ub.edu\/avd\/?p=2596"},"modified":"2022-11-24T08:28:35","modified_gmt":"2022-11-24T07:28:35","slug":"etc-espais-temporalment-clausurats-recorregut-urba-des-de-cinc-projectes-artistics","status":"publish","type":"post","link":"https:\/\/www.ub.edu\/avd\/ca\/2022\/11\/24\/etc-espais-temporalment-clausurats-recorregut-urba-des-de-cinc-projectes-artistics\/","title":{"rendered":"ETC Espais Temporalment Clausurats.    Recorregut urb\u00e0 des de cinc projectes art\u00edstics."},"content":{"rendered":"<p><strong><span dir=\"ltr\" role=\"presentation\">26 de Novembre de 11.00 a 14.00h<\/span><\/strong><br role=\"presentation\" \/><strong><span dir=\"ltr\" role=\"presentation\">Punt de sortida: Fonts de Montju\u00efc (Barcelona)<\/span><span dir=\"ltr\" role=\"presentation\">.<\/span> <\/strong><\/p>\n<p><strong><span dir=\"ltr\" role=\"presentation\">Obert a tothom amb inscripci\u00f3 pr\u00e8via<\/span><\/strong><\/p>\n<p>&nbsp;<\/p>\n<p><span dir=\"ltr\" role=\"presentation\">ETC Espais Temporalment Clausurats<\/span> <span dir=\"ltr\" role=\"presentation\">\u00e9s<\/span> <span dir=\"ltr\" role=\"presentation\">un projecte<\/span> <span dir=\"ltr\" role=\"presentation\">fruit de la col\u00b7laboraci\u00f3 entre<\/span> <span dir=\"ltr\" role=\"presentation\">IDENSITAT<\/span> <span dir=\"ltr\" role=\"presentation\">i el<\/span><br role=\"presentation\" \/><span dir=\"ltr\" role=\"presentation\">grup de recerca<\/span> <span dir=\"ltr\" role=\"presentation\">IMARTE Art Ci\u00e8ncia i Tecnologia<\/span> <span dir=\"ltr\" role=\"presentation\">(Universitat de Barcelona)<\/span> <span dir=\"ltr\" role=\"presentation\">conjuntament amb el<\/span><br role=\"presentation\" \/><span dir=\"ltr\" role=\"presentation\">seminari<\/span> <span dir=\"ltr\" role=\"presentation\">Public Arts Garage<\/span><span dir=\"ltr\" role=\"presentation\">,<\/span> <span dir=\"ltr\" role=\"presentation\">impulsat per Bauhaus<\/span><span dir=\"ltr\" role=\"presentation\">&#8211;<\/span><span dir=\"ltr\" role=\"presentation\">University Weimar en el marc de<\/span> <span dir=\"ltr\" role=\"presentation\">EUR<\/span> <span dir=\"ltr\" role=\"presentation\">CAPS<\/span><span dir=\"ltr\" role=\"presentation\">.<\/span><br role=\"presentation\" \/><span dir=\"ltr\" role=\"presentation\">Creative Approaches to Public Space<\/span> <span dir=\"ltr\" role=\"presentation\">Universit\u00e9 Rennes 2<\/span><span dir=\"ltr\" role=\"presentation\">, i est\u00e0<\/span> <span dir=\"ltr\" role=\"presentation\">adre\u00e7at a estudiants de doctorat<\/span><br role=\"presentation\" \/><span dir=\"ltr\" role=\"presentation\">per<\/span> <span dir=\"ltr\" role=\"presentation\">promoure l\u2019an\u00e0lisi i la intervenci\u00f3 creativa en espais que es troben en<\/span> <span dir=\"ltr\" role=\"presentation\">transformaci\u00f3.<\/span><\/p>\n<p><br role=\"presentation\" \/><span dir=\"ltr\" role=\"presentation\">ETC<\/span> <span dir=\"ltr\" role=\"presentation\">t\u00e9 per objectiu l\u2019activaci\u00f3 de projectes de recerca art\u00edstica a partir de l\u2019<\/span><span dir=\"ltr\" role=\"presentation\">estudi<\/span> <span dir=\"ltr\" role=\"presentation\">sobre diferents<\/span><br role=\"presentation\" \/><span dir=\"ltr\" role=\"presentation\">tipologies d\u2019espais que pateixen les conseq\u00fc\u00e8ncies derivades del<\/span> <span dir=\"ltr\" role=\"presentation\">deteriorament, l\u2019abandonament,<\/span><br role=\"presentation\" \/><span dir=\"ltr\" role=\"presentation\">la desconnexi\u00f3, o tamb\u00e9 per trobar<\/span><span dir=\"ltr\" role=\"presentation\">&#8211;<\/span><span dir=\"ltr\" role=\"presentation\">se en fase de trans<\/span><span dir=\"ltr\" role=\"presentation\">ici\u00f3. Tracta<\/span> <span dir=\"ltr\" role=\"presentation\">de q\u00fcestions relacionades amb<\/span><br role=\"presentation\" \/><span dir=\"ltr\" role=\"presentation\">la transformaci\u00f3 accelerada dels usos i espais de la ciutat, com ara la vig\u00e8ncia dels escenaris<\/span><br role=\"presentation\" \/><span dir=\"ltr\" role=\"presentation\">urbans, els llocs en des\u00fas temp<\/span><span dir=\"ltr\" role=\"presentation\">oral, la seva reactivaci\u00f3, els espais liminals o l\u2019ocupaci\u00f3 ef\u00edmera<\/span><br role=\"presentation\" \/><span dir=\"ltr\" role=\"presentation\">del llocs. Ex<\/span><span dir=\"ltr\" role=\"presentation\">plorar sobre aquestes q\u00fcestions<\/span> <span dir=\"ltr\" role=\"presentation\">ens permet enriquir la mirada sobre els llocs i<\/span><br role=\"presentation\" \/><span dir=\"ltr\" role=\"presentation\">contribueix a aprofundir en el coneixement de la complexitat ecosist\u00e8mica de la ciutat<\/span><\/p>\n<p>&nbsp;<\/p>\n<p><a href=\"https:\/\/www.idensitat.net\/ca\/projectes-en-proces\/nexes-2017-2021\/1728-etc-ca\">https:\/\/www.idensitat.net\/ca\/projectes-en-proces\/nexes-2017-2021\/1728-etc-ca<\/a><\/p>\n<p><a href=\"http:\/\/www.ub.edu\/avd\/wp-content\/uploads\/2022\/11\/ETC-Espais-Temporalment-Clausurats.pdf\">ETC Espais Temporalment Clausurats<\/a><\/p>\n","protected":false},"excerpt":{"rendered":"<p>26 de Novembre de 11.00 a 14.00hPunt de sortida: Fonts de Montju\u00efc (Barcelona). Obert a tothom amb inscripci\u00f3 pr\u00e8via &nbsp; ETC Espais Temporalment Clausurats \u00e9s un projecte fruit de la col\u00b7laboraci\u00f3 entre IDENSITAT i elgrup de recerca IMARTE Art Ci\u00e8ncia i Tecnologia (Universitat de Barcelona) conjuntament amb elseminari Public Arts Garage, impulsat per Bauhaus&#8211;University Weimar [&hellip;]<\/p>\n","protected":false},"author":7,"featured_media":2598,"comment_status":"closed","ping_status":"closed","sticky":false,"template":"","format":"standard","meta":{"jetpack_post_was_ever_published":false,"_jetpack_newsletter_access":"","_jetpack_dont_email_post_to_subs":false,"_jetpack_newsletter_tier_id":0,"_jetpack_memberships_contains_paywalled_content":false,"_jetpack_memberships_contains_paid_content":false,"footnotes":"","jetpack_publicize_message":"","jetpack_publicize_feature_enabled":true,"jetpack_social_post_already_shared":true,"jetpack_social_options":{"image_generator_settings":{"template":"highway","default_image_id":0,"font":"","enabled":false},"version":2}},"categories":[1],"tags":[],"class_list":["post-2596","post","type-post","status-publish","format-standard","has-post-thumbnail","hentry","category-general"],"jetpack_publicize_connections":[],"jetpack_featured_media_url":"https:\/\/i0.wp.com\/www.ub.edu\/avd\/wp-content\/uploads\/2022\/11\/ETC-2022-11-24-082045.png?fit=1050%2C781&ssl=1","jetpack_sharing_enabled":true,"jetpack_shortlink":"https:\/\/wp.me\/p8A6Wh-FS","jetpack-related-posts":[{"id":2773,"url":"https:\/\/www.ub.edu\/avd\/ca\/2023\/07\/06\/fe-derrades-i-altres-formes-dinquietud\/","url_meta":{"origin":2596,"position":0},"title":"Fe d\u2019errades, (i altres formes d\u2019inquietud)","author":"AVD","date":"6 de juliol de 2023","format":false,"excerpt":"\u00a0 Les artistes Ainoa Gali\u0301, Anna Bueno i Sylvia Hornsveld presentem l'exposici\u00f3 Fe d\u2019errades,\u00a0(i altres formes d\u2019inquietud).\u00a0Tot i que no venim a parlar sobre res estrictament definit, si que reflexionem sobre la relacio\u0301 que reuneix a les artistes. Sobre unes formes de fer que defugen d\u2019uns sentits i pro- cessos\u2026","rel":"","context":"A &quot;General&quot;","block_context":{"text":"General","link":"https:\/\/www.ub.edu\/avd\/ca\/category\/general\/"},"img":{"alt_text":"","src":"https:\/\/i0.wp.com\/www.ub.edu\/avd\/wp-content\/uploads\/2023\/07\/IMGP1367.bajacalidad-1024x678-1.jpg?fit=1024%2C678&ssl=1&resize=350%2C200","width":350,"height":200,"srcset":"https:\/\/i0.wp.com\/www.ub.edu\/avd\/wp-content\/uploads\/2023\/07\/IMGP1367.bajacalidad-1024x678-1.jpg?fit=1024%2C678&ssl=1&resize=350%2C200 1x, https:\/\/i0.wp.com\/www.ub.edu\/avd\/wp-content\/uploads\/2023\/07\/IMGP1367.bajacalidad-1024x678-1.jpg?fit=1024%2C678&ssl=1&resize=525%2C300 1.5x, https:\/\/i0.wp.com\/www.ub.edu\/avd\/wp-content\/uploads\/2023\/07\/IMGP1367.bajacalidad-1024x678-1.jpg?fit=1024%2C678&ssl=1&resize=700%2C400 2x"},"classes":[]},{"id":2259,"url":"https:\/\/www.ub.edu\/avd\/ca\/2022\/02\/15\/lina-bo-bardi-del-vidrio-al-barro\/","url_meta":{"origin":2596,"position":1},"title":"Lina Bo Bardi, del vidrio al barro","author":"AVD","date":"15 de febrer de 2022","format":false,"excerpt":"El proper\u00a024 de febrer a les 18.30\u00a0h el Centre Obert d'Arquitectura acull la presentaci\u00f3 del documental \u201cLina Bo Bardi, del vidrio al barro\u201d, dirigit per\u00a0Josep Maria Montaner\u00a0i\u00a0Jacobo Sucari.\u00a0 A la presentaci\u00f3 del film,\u00a0que compta amb la col\u00b7laboraci\u00f3 de l'Istituto Italiano di Cultura in Spagna, el Col\u00b7legi d\u2019Arquitectes de Catalunya, la\u00a0Facultat\u2026","rel":"","context":"A &quot;General&quot;","block_context":{"text":"General","link":"https:\/\/www.ub.edu\/avd\/ca\/category\/general\/"},"img":{"alt_text":"","src":"https:\/\/i0.wp.com\/www.ub.edu\/avd\/wp-content\/uploads\/2022\/02\/Lina-Bo-Bardi-cartel-WEB.jpg?fit=842%2C1191&ssl=1&resize=350%2C200","width":350,"height":200,"srcset":"https:\/\/i0.wp.com\/www.ub.edu\/avd\/wp-content\/uploads\/2022\/02\/Lina-Bo-Bardi-cartel-WEB.jpg?fit=842%2C1191&ssl=1&resize=350%2C200 1x, https:\/\/i0.wp.com\/www.ub.edu\/avd\/wp-content\/uploads\/2022\/02\/Lina-Bo-Bardi-cartel-WEB.jpg?fit=842%2C1191&ssl=1&resize=525%2C300 1.5x, https:\/\/i0.wp.com\/www.ub.edu\/avd\/wp-content\/uploads\/2022\/02\/Lina-Bo-Bardi-cartel-WEB.jpg?fit=842%2C1191&ssl=1&resize=700%2C400 2x"},"classes":[]},{"id":2578,"url":"https:\/\/www.ub.edu\/avd\/ca\/2022\/11\/11\/jornades-imaginar-mundos-posibles-disseny-hub-barcelona\/","url_meta":{"origin":2596,"position":2},"title":"Jornades. Imaginar mundos posibles. Disseny Hub Barcelona","author":"AVD","date":"11 de novembre de 2022","format":false,"excerpt":"El Grup de Recerca Esbrina \u2014 Subjectivitats, visualitats i entorns educatius contemporanis conjuntament amb el Doctorat en Art i Educaci\u00f3 i l\u2019associaci\u00f3\u00a0CosiCosa\u00a0organitzen les Jornades \u201cImaginar mundos posibles: Potencialidades, l\u00edmites y fricciones de la ficci\u00f3n especulativa en la investigaci\u00f3n y la educaci\u00f3n\u201d que tindran lloc els dies 19 i 20 de\u2026","rel":"","context":"A &quot;General&quot;","block_context":{"text":"General","link":"https:\/\/www.ub.edu\/avd\/ca\/category\/general\/"},"img":{"alt_text":"","src":"https:\/\/i0.wp.com\/www.ub.edu\/avd\/wp-content\/uploads\/2022\/11\/vitaly-otinov-an9BEVXeii8-unsplash-thumb.jpg?fit=350%2C200&ssl=1&resize=350%2C200","width":350,"height":200},"classes":[]},{"id":2290,"url":"https:\/\/www.ub.edu\/avd\/ca\/2022\/03\/14\/al-alcance\/","url_meta":{"origin":2596,"position":3},"title":"Al alcance","author":"AVD","date":"14 de mar\u00e7 de 2022","format":false,"excerpt":"Inauguraci\u00f3 el 16 de mar\u00e7 de 19h a 21h. Dilalica c\/ Trafalgar 53, Barcelona Les obres d'Elena Aitzkoa, Esther Gat\u00f3n i Mercedes Mangran\u00e9 reunides en Al alcance tenen en com\u00fa dos conceptes: l'escala i all\u00f2 material. Una escala que a m\u00e9s de tenir a veure amb una mesura de proporci\u00f3\u2026","rel":"","context":"A &quot;General&quot;","block_context":{"text":"General","link":"https:\/\/www.ub.edu\/avd\/ca\/category\/general\/"},"img":{"alt_text":"","src":"https:\/\/i0.wp.com\/www.ub.edu\/avd\/wp-content\/uploads\/2022\/03\/invitacio%CC%81n_b.jpg?fit=1200%2C895&ssl=1&resize=350%2C200","width":350,"height":200,"srcset":"https:\/\/i0.wp.com\/www.ub.edu\/avd\/wp-content\/uploads\/2022\/03\/invitacio%CC%81n_b.jpg?fit=1200%2C895&ssl=1&resize=350%2C200 1x, https:\/\/i0.wp.com\/www.ub.edu\/avd\/wp-content\/uploads\/2022\/03\/invitacio%CC%81n_b.jpg?fit=1200%2C895&ssl=1&resize=525%2C300 1.5x, https:\/\/i0.wp.com\/www.ub.edu\/avd\/wp-content\/uploads\/2022\/03\/invitacio%CC%81n_b.jpg?fit=1200%2C895&ssl=1&resize=700%2C400 2x, https:\/\/i0.wp.com\/www.ub.edu\/avd\/wp-content\/uploads\/2022\/03\/invitacio%CC%81n_b.jpg?fit=1200%2C895&ssl=1&resize=1050%2C600 3x"},"classes":[]},{"id":2618,"url":"https:\/\/www.ub.edu\/avd\/ca\/2022\/12\/15\/presentacio-llibre-ponerse-en-el-lugar-del-otro-luz-broto\/","url_meta":{"origin":2596,"position":4},"title":"Presentaci\u00f3 llibre &#8216;Posar-se al lloc de l&#8217;altre&#8217;. Luz Broto","author":"AVD","date":"15 de desembre de 2022","format":false,"excerpt":"\u00a0 Dissabte 17 desembre 2022 12:30h Al local\u00a0 Oficina de disseny\u00a0+ IF Publications: Baixada Viladecols n.3, baixos08002, Barcelona \u00a0 \u00a0 \u00a0 Fa un any es va presentar al Museu de Granollers l'exposici\u00f3 'Posar-se al lloc de l'altre', a l'abril va arribar el lliubre que tancava l'exposici\u00f3 i al juliol va\u2026","rel":"","context":"A &quot;General&quot;","block_context":{"text":"General","link":"https:\/\/www.ub.edu\/avd\/ca\/category\/general\/"},"img":{"alt_text":"","src":"https:\/\/i0.wp.com\/www.ub.edu\/avd\/wp-content\/uploads\/2022\/12\/Ponerse-en-el-lugar-del-otro-Luzbroto.jpg?fit=1200%2C810&ssl=1&resize=350%2C200","width":350,"height":200,"srcset":"https:\/\/i0.wp.com\/www.ub.edu\/avd\/wp-content\/uploads\/2022\/12\/Ponerse-en-el-lugar-del-otro-Luzbroto.jpg?fit=1200%2C810&ssl=1&resize=350%2C200 1x, https:\/\/i0.wp.com\/www.ub.edu\/avd\/wp-content\/uploads\/2022\/12\/Ponerse-en-el-lugar-del-otro-Luzbroto.jpg?fit=1200%2C810&ssl=1&resize=525%2C300 1.5x, https:\/\/i0.wp.com\/www.ub.edu\/avd\/wp-content\/uploads\/2022\/12\/Ponerse-en-el-lugar-del-otro-Luzbroto.jpg?fit=1200%2C810&ssl=1&resize=700%2C400 2x, https:\/\/i0.wp.com\/www.ub.edu\/avd\/wp-content\/uploads\/2022\/12\/Ponerse-en-el-lugar-del-otro-Luzbroto.jpg?fit=1200%2C810&ssl=1&resize=1050%2C600 3x"},"classes":[]},{"id":2512,"url":"https:\/\/www.ub.edu\/avd\/ca\/2022\/07\/12\/estudiants-de-belles-arts-de-la-ub-dissenyaran-el-mobiliari-de-biblioteques-xineses\/","url_meta":{"origin":2596,"position":5},"title":"Estudiants de Belles Arts de la UB dissenyaran el mobiliari de biblioteques xineses","author":"administrador","date":"12 de juliol de 2022","format":false,"excerpt":"Alumnes del grau en Disseny de la Universitat de Barcelona seran els encarregats de dissenyar els mobles de Mirplay per a biblioteques de la Xina, un mercat on MIRPLAY ja hi \u00e9s present i que vol ampliar. Els projectes desenvolupats pels grups formats per \u00c8ric Arnau, Martina Figueras, Cristina D\u00edaz\u2026","rel":"","context":"A &quot;Noticies&quot;","block_context":{"text":"Noticies","link":"https:\/\/www.ub.edu\/avd\/ca\/category\/noticies\/"},"img":{"alt_text":"","src":"https:\/\/i0.wp.com\/www.ub.edu\/avd\/wp-content\/uploads\/2022\/07\/biblioteques_xineses_disseny.png?fit=856%2C606&ssl=1&resize=350%2C200","width":350,"height":200,"srcset":"https:\/\/i0.wp.com\/www.ub.edu\/avd\/wp-content\/uploads\/2022\/07\/biblioteques_xineses_disseny.png?fit=856%2C606&ssl=1&resize=350%2C200 1x, https:\/\/i0.wp.com\/www.ub.edu\/avd\/wp-content\/uploads\/2022\/07\/biblioteques_xineses_disseny.png?fit=856%2C606&ssl=1&resize=525%2C300 1.5x, https:\/\/i0.wp.com\/www.ub.edu\/avd\/wp-content\/uploads\/2022\/07\/biblioteques_xineses_disseny.png?fit=856%2C606&ssl=1&resize=700%2C400 2x"},"classes":[]}],"_links":{"self":[{"href":"https:\/\/www.ub.edu\/avd\/wp-json\/wp\/v2\/posts\/2596","targetHints":{"allow":["GET"]}}],"collection":[{"href":"https:\/\/www.ub.edu\/avd\/wp-json\/wp\/v2\/posts"}],"about":[{"href":"https:\/\/www.ub.edu\/avd\/wp-json\/wp\/v2\/types\/post"}],"author":[{"embeddable":true,"href":"https:\/\/www.ub.edu\/avd\/wp-json\/wp\/v2\/users\/7"}],"replies":[{"embeddable":true,"href":"https:\/\/www.ub.edu\/avd\/wp-json\/wp\/v2\/comments?post=2596"}],"version-history":[{"count":1,"href":"https:\/\/www.ub.edu\/avd\/wp-json\/wp\/v2\/posts\/2596\/revisions"}],"predecessor-version":[{"id":2599,"href":"https:\/\/www.ub.edu\/avd\/wp-json\/wp\/v2\/posts\/2596\/revisions\/2599"}],"wp:featuredmedia":[{"embeddable":true,"href":"https:\/\/www.ub.edu\/avd\/wp-json\/wp\/v2\/media\/2598"}],"wp:attachment":[{"href":"https:\/\/www.ub.edu\/avd\/wp-json\/wp\/v2\/media?parent=2596"}],"wp:term":[{"taxonomy":"category","embeddable":true,"href":"https:\/\/www.ub.edu\/avd\/wp-json\/wp\/v2\/categories?post=2596"},{"taxonomy":"post_tag","embeddable":true,"href":"https:\/\/www.ub.edu\/avd\/wp-json\/wp\/v2\/tags?post=2596"}],"curies":[{"name":"wp","href":"https:\/\/api.w.org\/{rel}","templated":true}]}}