{"id":870,"date":"2018-10-30T14:08:09","date_gmt":"2018-10-30T13:08:09","guid":{"rendered":"http:\/\/www.ub.edu\/avd\/?p=870"},"modified":"2021-12-17T15:43:55","modified_gmt":"2021-12-17T14:43:55","slug":"lluernia-festival-del-foc-i-de-la-llum-2018","status":"publish","type":"post","link":"https:\/\/www.ub.edu\/avd\/ca\/2018\/10\/30\/lluernia-festival-del-foc-i-de-la-llum-2018\/","title":{"rendered":"Llu\u00e8rnia.Festival del foc i de la llum.2018"},"content":{"rendered":"<p><img data-recalc-dims=\"1\" loading=\"lazy\" decoding=\"async\" data-attachment-id=\"871\" data-permalink=\"https:\/\/www.ub.edu\/avd\/ca\/2018\/10\/30\/lluernia-festival-del-foc-i-de-la-llum-2018\/inv-lluernia-18-web\/\" data-orig-file=\"https:\/\/i0.wp.com\/www.ub.edu\/avd\/wp-content\/uploads\/2018\/10\/inv-lluernia-18-web.jpg?fit=2946%2C1754&amp;ssl=1\" data-orig-size=\"2946,1754\" data-comments-opened=\"0\" data-image-meta=\"{&quot;aperture&quot;:&quot;0&quot;,&quot;credit&quot;:&quot;&quot;,&quot;camera&quot;:&quot;&quot;,&quot;caption&quot;:&quot;&quot;,&quot;created_timestamp&quot;:&quot;0&quot;,&quot;copyright&quot;:&quot;&quot;,&quot;focal_length&quot;:&quot;0&quot;,&quot;iso&quot;:&quot;0&quot;,&quot;shutter_speed&quot;:&quot;0&quot;,&quot;title&quot;:&quot;&quot;,&quot;orientation&quot;:&quot;0&quot;}\" data-image-title=\"inv-lluernia-18-web\" data-image-description=\"\" data-image-caption=\"\" data-medium-file=\"https:\/\/i0.wp.com\/www.ub.edu\/avd\/wp-content\/uploads\/2018\/10\/inv-lluernia-18-web.jpg?fit=300%2C179&amp;ssl=1\" data-large-file=\"https:\/\/i0.wp.com\/www.ub.edu\/avd\/wp-content\/uploads\/2018\/10\/inv-lluernia-18-web.jpg?fit=1024%2C610&amp;ssl=1\" class=\"alignnone size-full wp-image-871\" src=\"https:\/\/i0.wp.com\/www.ub.edu\/avd\/wp-content\/uploads\/2018\/10\/inv-lluernia-18-web.jpg?resize=2946%2C1754\" alt=\"\" width=\"2946\" height=\"1754\" srcset=\"https:\/\/i0.wp.com\/www.ub.edu\/avd\/wp-content\/uploads\/2018\/10\/inv-lluernia-18-web.jpg?w=2946&amp;ssl=1 2946w, https:\/\/i0.wp.com\/www.ub.edu\/avd\/wp-content\/uploads\/2018\/10\/inv-lluernia-18-web.jpg?resize=300%2C179&amp;ssl=1 300w, https:\/\/i0.wp.com\/www.ub.edu\/avd\/wp-content\/uploads\/2018\/10\/inv-lluernia-18-web.jpg?resize=768%2C457&amp;ssl=1 768w, https:\/\/i0.wp.com\/www.ub.edu\/avd\/wp-content\/uploads\/2018\/10\/inv-lluernia-18-web.jpg?resize=1024%2C610&amp;ssl=1 1024w, https:\/\/i0.wp.com\/www.ub.edu\/avd\/wp-content\/uploads\/2018\/10\/inv-lluernia-18-web.jpg?resize=1200%2C714&amp;ssl=1 1200w, https:\/\/i0.wp.com\/www.ub.edu\/avd\/wp-content\/uploads\/2018\/10\/inv-lluernia-18-web.jpg?w=2000&amp;ssl=1 2000w\" sizes=\"auto, (max-width: 1000px) 100vw, 1000px\" \/><\/p>\n<p>Aquest any hi participem amb Temptacions de l&#8217;\u00c0ngel: Monstres, Dimonis i Flames.<br \/>\nEns trobareu a la Pla\u00e7a M\u00f2ra.\u00a0Dissabte 10 de novembre de 2018-\u00a0de la posta de sol fins a mitja nit.<br \/>\n<a href=\"http:\/\/www.lluernia.cat\/lluernia-2017\/planol-lluernia-2017\/#\" target=\"_blank\" rel=\"noopener\">MAPA\u00a0\u00a0<\/a><a href=\"http:\/\/www.lluernia.cat\" target=\"_blank\" rel=\"noopener\">+ info<\/a><\/p>\n","protected":false},"excerpt":{"rendered":"<p>Aquest any hi participem amb Temptacions de l&#8217;\u00c0ngel: Monstres, Dimonis i Flames. Ens trobareu a la Pla\u00e7a M\u00f2ra.\u00a0Dissabte 10 de novembre de 2018-\u00a0de la posta de sol fins a mitja nit. MAPA\u00a0\u00a0+ info<\/p>\n","protected":false},"author":7,"featured_media":871,"comment_status":"closed","ping_status":"closed","sticky":false,"template":"","format":"standard","meta":{"jetpack_post_was_ever_published":false,"_jetpack_newsletter_access":"","_jetpack_dont_email_post_to_subs":false,"_jetpack_newsletter_tier_id":0,"_jetpack_memberships_contains_paywalled_content":false,"_jetpack_memberships_contains_paid_content":false,"footnotes":"","jetpack_publicize_message":"","jetpack_publicize_feature_enabled":true,"jetpack_social_post_already_shared":true,"jetpack_social_options":{"image_generator_settings":{"template":"highway","default_image_id":0,"font":"","enabled":false},"version":2}},"categories":[13,1],"tags":[],"class_list":["post-870","post","type-post","status-publish","format-standard","has-post-thumbnail","hentry","category-exposicions","category-general"],"jetpack_publicize_connections":[],"jetpack_featured_media_url":"https:\/\/i0.wp.com\/www.ub.edu\/avd\/wp-content\/uploads\/2018\/10\/inv-lluernia-18-web.jpg?fit=2946%2C1754&ssl=1","jetpack_sharing_enabled":true,"jetpack_shortlink":"https:\/\/wp.me\/p8A6Wh-e2","jetpack-related-posts":[],"_links":{"self":[{"href":"https:\/\/www.ub.edu\/avd\/wp-json\/wp\/v2\/posts\/870","targetHints":{"allow":["GET"]}}],"collection":[{"href":"https:\/\/www.ub.edu\/avd\/wp-json\/wp\/v2\/posts"}],"about":[{"href":"https:\/\/www.ub.edu\/avd\/wp-json\/wp\/v2\/types\/post"}],"author":[{"embeddable":true,"href":"https:\/\/www.ub.edu\/avd\/wp-json\/wp\/v2\/users\/7"}],"replies":[{"embeddable":true,"href":"https:\/\/www.ub.edu\/avd\/wp-json\/wp\/v2\/comments?post=870"}],"version-history":[{"count":1,"href":"https:\/\/www.ub.edu\/avd\/wp-json\/wp\/v2\/posts\/870\/revisions"}],"predecessor-version":[{"id":872,"href":"https:\/\/www.ub.edu\/avd\/wp-json\/wp\/v2\/posts\/870\/revisions\/872"}],"wp:featuredmedia":[{"embeddable":true,"href":"https:\/\/www.ub.edu\/avd\/wp-json\/wp\/v2\/media\/871"}],"wp:attachment":[{"href":"https:\/\/www.ub.edu\/avd\/wp-json\/wp\/v2\/media?parent=870"}],"wp:term":[{"taxonomy":"category","embeddable":true,"href":"https:\/\/www.ub.edu\/avd\/wp-json\/wp\/v2\/categories?post=870"},{"taxonomy":"post_tag","embeddable":true,"href":"https:\/\/www.ub.edu\/avd\/wp-json\/wp\/v2\/tags?post=870"}],"curies":[{"name":"wp","href":"https:\/\/api.w.org\/{rel}","templated":true}]}}