{"id":892,"date":"2018-11-08T12:01:50","date_gmt":"2018-11-08T11:01:50","guid":{"rendered":"http:\/\/www.ub.edu\/avd\/?p=892"},"modified":"2021-12-17T15:43:55","modified_gmt":"2021-12-17T14:43:55","slug":"documental-participativo-y-experiencia-colectiva","status":"publish","type":"post","link":"https:\/\/www.ub.edu\/avd\/ca\/2018\/11\/08\/documental-participativo-y-experiencia-colectiva\/","title":{"rendered":"\u201cDocumental participativo y experiencia colectiva&#8221;"},"content":{"rendered":"<p>El profesor Jacobo Sucari ha sido invitado al Primer Foro Mundial del Pensamiento Cr\u00edtico, congreso organizado por CLACSO (Consejo Latinoamericano de Ciencias Sociales) entre el 18 y el 23 de Noviembre, donde presentar\u00e1 una ponencia sobre \u201cDocumental participativo y experiencia colectiva\u201d. La ponencia se efect\u00faa en el \u00e1mbito del Foro sobre Comunicaci\u00f3n, pol\u00edtica y democracia.<\/p>\n<p>M\u00e1s informaci\u00f3n en <a href=\"https:\/\/www.clacso.org.ar\/conferencia2018\/\"> https:\/\/www.clacso.org.ar\/conferencia2018\/<\/a><\/p>\n","protected":false},"excerpt":{"rendered":"<p>El profesor Jacobo Sucari ha sido invitado al Primer Foro Mundial del Pensamiento Cr\u00edtico, congreso organizado por CLACSO (Consejo Latinoamericano de Ciencias Sociales) entre el 18 y el 23 de Noviembre, donde presentar\u00e1 una ponencia sobre \u201cDocumental participativo y experiencia colectiva\u201d. La ponencia se efect\u00faa en el \u00e1mbito del Foro sobre Comunicaci\u00f3n, pol\u00edtica y democracia. [&hellip;]<\/p>\n","protected":false},"author":7,"featured_media":893,"comment_status":"closed","ping_status":"closed","sticky":false,"template":"","format":"standard","meta":{"jetpack_post_was_ever_published":false,"_jetpack_newsletter_access":"","_jetpack_dont_email_post_to_subs":false,"_jetpack_newsletter_tier_id":0,"_jetpack_memberships_contains_paywalled_content":false,"_jetpack_memberships_contains_paid_content":false,"footnotes":"","jetpack_publicize_message":"","jetpack_publicize_feature_enabled":true,"jetpack_social_post_already_shared":true,"jetpack_social_options":{"image_generator_settings":{"template":"highway","default_image_id":0,"font":"","enabled":false},"version":2}},"categories":[1],"tags":[],"class_list":["post-892","post","type-post","status-publish","format-standard","has-post-thumbnail","hentry","category-general"],"jetpack_publicize_connections":[],"jetpack_featured_media_url":"https:\/\/i0.wp.com\/www.ub.edu\/avd\/wp-content\/uploads\/2018\/11\/Imagen-Foro-pensamiento-cr%C3%ADtico.jpg?fit=1091%2C567&ssl=1","jetpack_sharing_enabled":true,"jetpack_shortlink":"https:\/\/wp.me\/p8A6Wh-eo","jetpack-related-posts":[{"id":2954,"url":"https:\/\/www.ub.edu\/avd\/ca\/2024\/11\/22\/prestrena-walter-benjamin-el-aura-del-camino-un-documental-de-jacobo-sucari\/","url_meta":{"origin":892,"position":0},"title":"Prestrena &#8220;Walter Benjamin, el aura del camino&#8221; Un documental de Jacobo Sucari","author":"administrador","date":"22 de novembre de 2024","format":false,"excerpt":"Ens plau anunciar-vos la preestrena del documental \"Walter Benjam\u00edn, el aura del camino\", a c\u00e0rrec del professor Jacobo Sucari.","rel":"","context":"A &quot;General&quot;","block_context":{"text":"General","link":"https:\/\/www.ub.edu\/avd\/ca\/category\/general\/"},"img":{"alt_text":"","src":"https:\/\/i0.wp.com\/www.ub.edu\/avd\/wp-content\/uploads\/2024\/11\/Flyer-1-WEB-castellano-1.png?fit=842%2C842&ssl=1&resize=350%2C200","width":350,"height":200,"srcset":"https:\/\/i0.wp.com\/www.ub.edu\/avd\/wp-content\/uploads\/2024\/11\/Flyer-1-WEB-castellano-1.png?fit=842%2C842&ssl=1&resize=350%2C200 1x, https:\/\/i0.wp.com\/www.ub.edu\/avd\/wp-content\/uploads\/2024\/11\/Flyer-1-WEB-castellano-1.png?fit=842%2C842&ssl=1&resize=525%2C300 1.5x, https:\/\/i0.wp.com\/www.ub.edu\/avd\/wp-content\/uploads\/2024\/11\/Flyer-1-WEB-castellano-1.png?fit=842%2C842&ssl=1&resize=700%2C400 2x"},"classes":[]},{"id":2259,"url":"https:\/\/www.ub.edu\/avd\/ca\/2022\/02\/15\/lina-bo-bardi-del-vidrio-al-barro\/","url_meta":{"origin":892,"position":1},"title":"Lina Bo Bardi, del vidrio al barro","author":"AVD","date":"15 de febrer de 2022","format":false,"excerpt":"El proper\u00a024 de febrer a les 18.30\u00a0h el Centre Obert d'Arquitectura acull la presentaci\u00f3 del documental \u201cLina Bo Bardi, del vidrio al barro\u201d, dirigit per\u00a0Josep Maria Montaner\u00a0i\u00a0Jacobo Sucari.\u00a0 A la presentaci\u00f3 del film,\u00a0que compta amb la col\u00b7laboraci\u00f3 de l'Istituto Italiano di Cultura in Spagna, el Col\u00b7legi d\u2019Arquitectes de Catalunya, la\u00a0Facultat\u2026","rel":"","context":"A &quot;General&quot;","block_context":{"text":"General","link":"https:\/\/www.ub.edu\/avd\/ca\/category\/general\/"},"img":{"alt_text":"","src":"https:\/\/i0.wp.com\/www.ub.edu\/avd\/wp-content\/uploads\/2022\/02\/Lina-Bo-Bardi-cartel-WEB.jpg?fit=842%2C1191&ssl=1&resize=350%2C200","width":350,"height":200,"srcset":"https:\/\/i0.wp.com\/www.ub.edu\/avd\/wp-content\/uploads\/2022\/02\/Lina-Bo-Bardi-cartel-WEB.jpg?fit=842%2C1191&ssl=1&resize=350%2C200 1x, https:\/\/i0.wp.com\/www.ub.edu\/avd\/wp-content\/uploads\/2022\/02\/Lina-Bo-Bardi-cartel-WEB.jpg?fit=842%2C1191&ssl=1&resize=525%2C300 1.5x, https:\/\/i0.wp.com\/www.ub.edu\/avd\/wp-content\/uploads\/2022\/02\/Lina-Bo-Bardi-cartel-WEB.jpg?fit=842%2C1191&ssl=1&resize=700%2C400 2x"},"classes":[]},{"id":2290,"url":"https:\/\/www.ub.edu\/avd\/ca\/2022\/03\/14\/al-alcance\/","url_meta":{"origin":892,"position":2},"title":"Al alcance","author":"AVD","date":"14 de mar\u00e7 de 2022","format":false,"excerpt":"Inauguraci\u00f3 el 16 de mar\u00e7 de 19h a 21h. Dilalica c\/ Trafalgar 53, Barcelona Les obres d'Elena Aitzkoa, Esther Gat\u00f3n i Mercedes Mangran\u00e9 reunides en Al alcance tenen en com\u00fa dos conceptes: l'escala i all\u00f2 material. Una escala que a m\u00e9s de tenir a veure amb una mesura de proporci\u00f3\u2026","rel":"","context":"A &quot;General&quot;","block_context":{"text":"General","link":"https:\/\/www.ub.edu\/avd\/ca\/category\/general\/"},"img":{"alt_text":"","src":"https:\/\/i0.wp.com\/www.ub.edu\/avd\/wp-content\/uploads\/2022\/03\/invitacio%CC%81n_b.jpg?fit=1200%2C895&ssl=1&resize=350%2C200","width":350,"height":200,"srcset":"https:\/\/i0.wp.com\/www.ub.edu\/avd\/wp-content\/uploads\/2022\/03\/invitacio%CC%81n_b.jpg?fit=1200%2C895&ssl=1&resize=350%2C200 1x, https:\/\/i0.wp.com\/www.ub.edu\/avd\/wp-content\/uploads\/2022\/03\/invitacio%CC%81n_b.jpg?fit=1200%2C895&ssl=1&resize=525%2C300 1.5x, https:\/\/i0.wp.com\/www.ub.edu\/avd\/wp-content\/uploads\/2022\/03\/invitacio%CC%81n_b.jpg?fit=1200%2C895&ssl=1&resize=700%2C400 2x, https:\/\/i0.wp.com\/www.ub.edu\/avd\/wp-content\/uploads\/2022\/03\/invitacio%CC%81n_b.jpg?fit=1200%2C895&ssl=1&resize=1050%2C600 3x"},"classes":[]},{"id":2634,"url":"https:\/\/www.ub.edu\/avd\/ca\/2023\/02\/28\/desplacaments-voluntaris-i-un-espai-comu\/","url_meta":{"origin":892,"position":3},"title":"DESPLA\u00c7AMENTS VOLUNTARIS (I UN ESPAI COM\u00da)","author":"AVD","date":"28 de febrer de 2023","format":false,"excerpt":"Exposici\u00f3 d\u2019artistes acabats de graduar en belles arts (2021\/2022) Mart\u00ed Aguilar Narc\u00eds Farriols Carla Gibert Juliana Hoyos\u00a0 \u00a0 De l\u20191 de mar\u00e7 al 21 d\u2019abril de 2023 Inauguraci\u00f3: 1 de mar\u00e7 a les 19 h Fundaci\u00f3 Fel\u00edcia Fuster C\/ Camps i Fabr\u00e9s, 3-11, baixos, 08006 - Barcelona \u00a0 L\u2019exposici\u00f3 \u00abDespla\u00e7aments\u2026","rel":"","context":"A &quot;General&quot;","block_context":{"text":"General","link":"https:\/\/www.ub.edu\/avd\/ca\/category\/general\/"},"img":{"alt_text":"","src":"https:\/\/i0.wp.com\/www.ub.edu\/avd\/wp-content\/uploads\/2023\/02\/desplacaments-voluntaria-scaled.jpg?fit=846%2C1200&ssl=1&resize=350%2C200","width":350,"height":200,"srcset":"https:\/\/i0.wp.com\/www.ub.edu\/avd\/wp-content\/uploads\/2023\/02\/desplacaments-voluntaria-scaled.jpg?fit=846%2C1200&ssl=1&resize=350%2C200 1x, https:\/\/i0.wp.com\/www.ub.edu\/avd\/wp-content\/uploads\/2023\/02\/desplacaments-voluntaria-scaled.jpg?fit=846%2C1200&ssl=1&resize=525%2C300 1.5x, https:\/\/i0.wp.com\/www.ub.edu\/avd\/wp-content\/uploads\/2023\/02\/desplacaments-voluntaria-scaled.jpg?fit=846%2C1200&ssl=1&resize=700%2C400 2x"},"classes":[]},{"id":2799,"url":"https:\/\/www.ub.edu\/avd\/ca\/2024\/01\/08\/sobre-natura-exposicio-a-palma\/","url_meta":{"origin":892,"position":4},"title":"Sobre Natura. Exposici\u00f3 a Palma","author":"AVD","date":"8 de gener de 2024","format":false,"excerpt":"","rel":"","context":"A &quot;General&quot;","block_context":{"text":"General","link":"https:\/\/www.ub.edu\/avd\/ca\/category\/general\/"},"img":{"alt_text":"","src":"https:\/\/i0.wp.com\/www.ub.edu\/avd\/wp-content\/uploads\/2024\/01\/BRAC.jpg?fit=1200%2C862&ssl=1&resize=350%2C200","width":350,"height":200,"srcset":"https:\/\/i0.wp.com\/www.ub.edu\/avd\/wp-content\/uploads\/2024\/01\/BRAC.jpg?fit=1200%2C862&ssl=1&resize=350%2C200 1x, https:\/\/i0.wp.com\/www.ub.edu\/avd\/wp-content\/uploads\/2024\/01\/BRAC.jpg?fit=1200%2C862&ssl=1&resize=525%2C300 1.5x, https:\/\/i0.wp.com\/www.ub.edu\/avd\/wp-content\/uploads\/2024\/01\/BRAC.jpg?fit=1200%2C862&ssl=1&resize=700%2C400 2x, https:\/\/i0.wp.com\/www.ub.edu\/avd\/wp-content\/uploads\/2024\/01\/BRAC.jpg?fit=1200%2C862&ssl=1&resize=1050%2C600 3x"},"classes":[]},{"id":2265,"url":"https:\/\/www.ub.edu\/avd\/ca\/2022\/02\/18\/jornada-sobre-art-i-intel%c2%b7ligencia-artificial\/","url_meta":{"origin":892,"position":5},"title":"JORNADA SOBRE ART I INTEL\u00b7LIG\u00c8NCIA ARTIFICIAL","author":"AVD","date":"18 de febrer de 2022","format":false,"excerpt":"Nous reptes, nous imaginaris14 de mar\u00e7 de 2022Sala d\u2019actes de la Facultat de Belles Arts de la Universitat de Barcelona Al projecte \u201cPo\u00e8tiques liminals al m\u00f3n contemporani: creaci\u00f3, formaci\u00f3 i comprom\u00eds social\u201d (PID2019-104628RB-I00) un dels objectius \u00e9s explorar i analitzar les noves eines digitals des del punt de vista de\u2026","rel":"","context":"A &quot;General&quot;","block_context":{"text":"General","link":"https:\/\/www.ub.edu\/avd\/ca\/category\/general\/"},"img":{"alt_text":"","src":"https:\/\/i0.wp.com\/www.ub.edu\/avd\/wp-content\/uploads\/2022\/02\/pilar-rosado-retrat-1.jpg?fit=800%2C800&ssl=1&resize=350%2C200","width":350,"height":200,"srcset":"https:\/\/i0.wp.com\/www.ub.edu\/avd\/wp-content\/uploads\/2022\/02\/pilar-rosado-retrat-1.jpg?fit=800%2C800&ssl=1&resize=350%2C200 1x, https:\/\/i0.wp.com\/www.ub.edu\/avd\/wp-content\/uploads\/2022\/02\/pilar-rosado-retrat-1.jpg?fit=800%2C800&ssl=1&resize=525%2C300 1.5x, https:\/\/i0.wp.com\/www.ub.edu\/avd\/wp-content\/uploads\/2022\/02\/pilar-rosado-retrat-1.jpg?fit=800%2C800&ssl=1&resize=700%2C400 2x"},"classes":[]}],"_links":{"self":[{"href":"https:\/\/www.ub.edu\/avd\/wp-json\/wp\/v2\/posts\/892","targetHints":{"allow":["GET"]}}],"collection":[{"href":"https:\/\/www.ub.edu\/avd\/wp-json\/wp\/v2\/posts"}],"about":[{"href":"https:\/\/www.ub.edu\/avd\/wp-json\/wp\/v2\/types\/post"}],"author":[{"embeddable":true,"href":"https:\/\/www.ub.edu\/avd\/wp-json\/wp\/v2\/users\/7"}],"replies":[{"embeddable":true,"href":"https:\/\/www.ub.edu\/avd\/wp-json\/wp\/v2\/comments?post=892"}],"version-history":[{"count":1,"href":"https:\/\/www.ub.edu\/avd\/wp-json\/wp\/v2\/posts\/892\/revisions"}],"predecessor-version":[{"id":894,"href":"https:\/\/www.ub.edu\/avd\/wp-json\/wp\/v2\/posts\/892\/revisions\/894"}],"wp:featuredmedia":[{"embeddable":true,"href":"https:\/\/www.ub.edu\/avd\/wp-json\/wp\/v2\/media\/893"}],"wp:attachment":[{"href":"https:\/\/www.ub.edu\/avd\/wp-json\/wp\/v2\/media?parent=892"}],"wp:term":[{"taxonomy":"category","embeddable":true,"href":"https:\/\/www.ub.edu\/avd\/wp-json\/wp\/v2\/categories?post=892"},{"taxonomy":"post_tag","embeddable":true,"href":"https:\/\/www.ub.edu\/avd\/wp-json\/wp\/v2\/tags?post=892"}],"curies":[{"name":"wp","href":"https:\/\/api.w.org\/{rel}","templated":true}]}}