{"id":959,"date":"2019-02-13T12:51:43","date_gmt":"2019-02-13T11:51:43","guid":{"rendered":"http:\/\/www.ub.edu\/avd\/?p=959"},"modified":"2021-12-17T15:43:55","modified_gmt":"2021-12-17T14:43:55","slug":"workshop","status":"publish","type":"post","link":"https:\/\/www.ub.edu\/avd\/ca\/2019\/02\/13\/workshop\/","title":{"rendered":"Workshop Carolina Bonfim"},"content":{"rendered":"","protected":false},"excerpt":{"rendered":"","protected":false},"author":7,"featured_media":960,"comment_status":"closed","ping_status":"closed","sticky":false,"template":"","format":"standard","meta":{"jetpack_post_was_ever_published":false,"_jetpack_newsletter_access":"","_jetpack_dont_email_post_to_subs":false,"_jetpack_newsletter_tier_id":0,"_jetpack_memberships_contains_paywalled_content":false,"_jetpack_memberships_contains_paid_content":false,"footnotes":"","jetpack_publicize_message":"","jetpack_publicize_feature_enabled":true,"jetpack_social_post_already_shared":true,"jetpack_social_options":{"image_generator_settings":{"template":"highway","default_image_id":0,"font":"","enabled":false},"version":2}},"categories":[1],"tags":[],"class_list":["post-959","post","type-post","status-publish","format-standard","has-post-thumbnail","hentry","category-general"],"jetpack_publicize_connections":[],"jetpack_featured_media_url":"https:\/\/i0.wp.com\/www.ub.edu\/avd\/wp-content\/uploads\/2019\/02\/flyer_carolina_bonfim.jpg?fit=3298%2C2263&ssl=1","jetpack_sharing_enabled":true,"jetpack_shortlink":"https:\/\/wp.me\/s8A6Wh-workshop","jetpack-related-posts":[{"id":2279,"url":"https:\/\/www.ub.edu\/avd\/ca\/2022\/03\/02\/8m-ableton-education-tour\/","url_meta":{"origin":959,"position":0},"title":"8M Ableton Education Tour","author":"AVD","date":"2 de mar\u00e7 de 2022","format":false,"excerpt":"ABLETON EDUCATION TOUR 8M DIA INTERNACIONAL DE LA DONA\u00a0 11.03.2022\u00a0 12h AULA MIR\u00d3 Edifici Parx\u00eds, Facultat de Belles Arts La Comissi\u00f3 d'Igualtat, la Comissi\u00f3 de tecnologies i el Vicedeganat de Cultura de la Facultat de Belles Arts de la Universitat de Barcelona us convidem a celebrar el 8M Dia Internacional\u2026","rel":"","context":"A &quot;General&quot;","block_context":{"text":"General","link":"https:\/\/www.ub.edu\/avd\/ca\/category\/general\/"},"img":{"alt_text":"","src":"https:\/\/i0.wp.com\/www.ub.edu\/avd\/wp-content\/uploads\/2022\/03\/8M-Ableton-Education-Tour-1.jpeg?fit=1200%2C675&ssl=1&resize=350%2C200","width":350,"height":200,"srcset":"https:\/\/i0.wp.com\/www.ub.edu\/avd\/wp-content\/uploads\/2022\/03\/8M-Ableton-Education-Tour-1.jpeg?fit=1200%2C675&ssl=1&resize=350%2C200 1x, https:\/\/i0.wp.com\/www.ub.edu\/avd\/wp-content\/uploads\/2022\/03\/8M-Ableton-Education-Tour-1.jpeg?fit=1200%2C675&ssl=1&resize=525%2C300 1.5x, https:\/\/i0.wp.com\/www.ub.edu\/avd\/wp-content\/uploads\/2022\/03\/8M-Ableton-Education-Tour-1.jpeg?fit=1200%2C675&ssl=1&resize=700%2C400 2x, https:\/\/i0.wp.com\/www.ub.edu\/avd\/wp-content\/uploads\/2022\/03\/8M-Ableton-Education-Tour-1.jpeg?fit=1200%2C675&ssl=1&resize=1050%2C600 3x"},"classes":[]},{"id":2745,"url":"https:\/\/www.ub.edu\/avd\/ca\/2023\/06\/07\/queme-la-puerta-al-salir-exposicio-projectes-finals-del-master-de-produccio-i-recerca-artistica-linia-dart-i-tecnologia-de-la-imatge\/","url_meta":{"origin":959,"position":1},"title":"Queme la puerta al salir. Exposici\u00f3 projectes finals del m\u00e0ster de Producci\u00f3 i Recerca Art\u00edstica (l\u00ednia d\u2019Art i Tecnologia de la Imatge)","author":"AVD","date":"7 de juny de 2023","format":false,"excerpt":"La Capella (C\/ Hospital, 56 - 08001 Barcelona) Del 13 al 25 de juny de 2023 Inauguraci\u00f3 dimarts 13, 19:00h \u00a0 Andrea Carolina Carri\u00f3n Salinas \/ Juliana Soto Vallejo \/ Lissette Jim\u00e9nez D\u00edaz \/ Pau Bueno \/ Carme Planas i Viladoms \u00a0 Aquesta exposici\u00f3 recull els projectes finals del m\u00e0ster\u2026","rel":"","context":"A &quot;General&quot;","block_context":{"text":"General","link":"https:\/\/www.ub.edu\/avd\/ca\/category\/general\/"},"img":{"alt_text":"","src":"https:\/\/i0.wp.com\/www.ub.edu\/avd\/wp-content\/uploads\/2023\/06\/QuemeLaPuertaAlSalir.jpg?fit=1200%2C675&ssl=1&resize=350%2C200","width":350,"height":200,"srcset":"https:\/\/i0.wp.com\/www.ub.edu\/avd\/wp-content\/uploads\/2023\/06\/QuemeLaPuertaAlSalir.jpg?fit=1200%2C675&ssl=1&resize=350%2C200 1x, https:\/\/i0.wp.com\/www.ub.edu\/avd\/wp-content\/uploads\/2023\/06\/QuemeLaPuertaAlSalir.jpg?fit=1200%2C675&ssl=1&resize=525%2C300 1.5x, https:\/\/i0.wp.com\/www.ub.edu\/avd\/wp-content\/uploads\/2023\/06\/QuemeLaPuertaAlSalir.jpg?fit=1200%2C675&ssl=1&resize=700%2C400 2x, https:\/\/i0.wp.com\/www.ub.edu\/avd\/wp-content\/uploads\/2023\/06\/QuemeLaPuertaAlSalir.jpg?fit=1200%2C675&ssl=1&resize=1050%2C600 3x"},"classes":[]}],"_links":{"self":[{"href":"https:\/\/www.ub.edu\/avd\/wp-json\/wp\/v2\/posts\/959","targetHints":{"allow":["GET"]}}],"collection":[{"href":"https:\/\/www.ub.edu\/avd\/wp-json\/wp\/v2\/posts"}],"about":[{"href":"https:\/\/www.ub.edu\/avd\/wp-json\/wp\/v2\/types\/post"}],"author":[{"embeddable":true,"href":"https:\/\/www.ub.edu\/avd\/wp-json\/wp\/v2\/users\/7"}],"replies":[{"embeddable":true,"href":"https:\/\/www.ub.edu\/avd\/wp-json\/wp\/v2\/comments?post=959"}],"version-history":[{"count":4,"href":"https:\/\/www.ub.edu\/avd\/wp-json\/wp\/v2\/posts\/959\/revisions"}],"predecessor-version":[{"id":965,"href":"https:\/\/www.ub.edu\/avd\/wp-json\/wp\/v2\/posts\/959\/revisions\/965"}],"wp:featuredmedia":[{"embeddable":true,"href":"https:\/\/www.ub.edu\/avd\/wp-json\/wp\/v2\/media\/960"}],"wp:attachment":[{"href":"https:\/\/www.ub.edu\/avd\/wp-json\/wp\/v2\/media?parent=959"}],"wp:term":[{"taxonomy":"category","embeddable":true,"href":"https:\/\/www.ub.edu\/avd\/wp-json\/wp\/v2\/categories?post=959"},{"taxonomy":"post_tag","embeddable":true,"href":"https:\/\/www.ub.edu\/avd\/wp-json\/wp\/v2\/tags?post=959"}],"curies":[{"name":"wp","href":"https:\/\/api.w.org\/{rel}","templated":true}]}}