{"id":3309,"date":"2026-03-03T07:48:27","date_gmt":"2026-03-03T07:48:27","guid":{"rendered":"https:\/\/www.ub.edu\/beat\/?p=3309"},"modified":"2026-03-25T10:22:15","modified_gmt":"2026-03-25T10:22:15","slug":"3309-2","status":"publish","type":"post","link":"https:\/\/www.ub.edu\/beat\/3309-2\/","title":{"rendered":"TEST \u00bfQu\u00e9 son las balanzas fiscales 2?"},"content":{"rendered":"[vc_row type=&#8221;in_container&#8221; full_screen_row_position=&#8221;middle&#8221; scene_position=&#8221;center&#8221; text_color=&#8221;dark&#8221; text_align=&#8221;left&#8221; overlay_strength=&#8221;0.3&#8243;][vc_column column_padding=&#8221;no-extra-padding&#8221; column_padding_position=&#8221;all&#8221; background_color_opacity=&#8221;1&#8243; background_hover_color_opacity=&#8221;1&#8243; column_shadow=&#8221;none&#8221; width=&#8221;1\/1&#8243; tablet_text_alignment=&#8221;default&#8221; phone_text_alignment=&#8221;default&#8221; column_border_width=&#8221;none&#8221; column_border_style=&#8221;solid&#8221;][vc_column_text]\n<h3>Es la diferencia entre ingresos y gastos p\u00fablicos en un determinado territorio, o, dicho de otra manera, una balanza fiscal es la diferencia entre la inversi\u00f3n del gobierno en una comunidad frente a los impuestos que dicha comunidad aporta al conjunto del Estado.<\/h3>\n<p>En una balanza fiscal,<strong>\u00a0el resultado (saldo) lo obtenemos al restarle al gasto y a la inversi\u00f3n que el Estado hace en una comunidad, los ingresos que aporta esa comunidad aut\u00f3noma al Estado (v\u00eda impuestos)<\/strong>. Pero existe una encendida pol\u00e9mica sobre los saldos (resultados) de las balanzas fiscales, \u00bfpor qu\u00e9?<\/p>\n<h2>\u00bfQu\u00e9 enfoque es mejor?<\/h2>\n<p>En primer lugar, porque<strong>\u00a0hay al menos dos enfoques con los que se puede calcular esa resta (balanza fiscal)<\/strong>. Mientras que el llamado \u201cenfoque del flujo monetario\u201d, intenta medir cu\u00e1l es el efecto que provoca el gasto del sector p\u00fablico en el territorio donde se efect\u00faa, el \u201cenfoque del beneficio o carga-beneficio\u201d, trata de cuantificar c\u00f3mo mejora el bienestar de los ciudadanos de un territorio gracias al gasto p\u00fablico. Los dos enfoques son correctamente calculados e igualmente v\u00e1lidos, el problema es el resultado de la operaci\u00f3n.<\/p>\n<p>Por ejemplo, si el Estado construye una carretera para unir dos comunidades pasando por otras regiones, seg\u00fan\u00a0<strong>el primer enfoque<\/strong>, el gasto se repartir\u00eda en funci\u00f3n del coste de la carretera en cada comunidad. Sin embargo,\u00a0<strong>el segundo enfoque<\/strong>\u00a0medir\u00eda el beneficio generado en las regiones ahora conectadas. Ambos son v\u00e1lidos y, puede que tambi\u00e9n complementarios, pero los resultados (saldos) que se obtienen con cada uno de ellos pueden variar de forma significativa.<\/p>\n<h2>El dif\u00edcil reparto<\/h2>\n<section class=\"component_related_content rs_skip\">\n<div class=\"col-md-5 col-sm-6 col-12\">\n<article class=\"mod_noticia f_1x1 t_sph \">\n<div class=\"mod_noticia_box row\">\n<div class=\"groupInfo_sph col-12\">\n<div class=\"noticia_InfoHeader_sph\">\n<div class=\"iconCircle\"><\/div>\n<h4 class=\"notTituloDest\"><a href=\"https:\/\/www.bbva.com\/es\/necesario-mejorar-nuestras-reglas-fiscales\/\">Necesario mejorar nuestras reglas fiscales<\/a><\/h4>\n<\/div>\n<\/div>\n<\/div>\n<\/article>\n<\/div>\n<\/section>\n<p>Por otro lado, porque\u00a0<strong>es dif\u00edcil repartir algunos gastos del Estado<\/strong>, bien porque afecten a m\u00e1s de una regi\u00f3n, bien porque no sean f\u00e1cilmente asignables. Distribuir la inversi\u00f3n estatal es complicada y trae mucha\u00a0<a href=\"http:\/\/granadablogs.com\/labatidora\/2017\/08\/03\/la-discordia-de-las-balanzas-fiscales\/\" target=\"_blank\" rel=\"noopener noreferrer\">controversia\u00a0<\/a>entre algunas autonom\u00edas.<\/p>\n<p>Un ejemplo de ello ser\u00eda a qui\u00e9n corresponder\u00edan los intereses de la deuda del Estado. \u00bfQu\u00e9 criterio es el m\u00e1s adecuado para repartirlos? Se trata de una cuesti\u00f3n abierta y, en funci\u00f3n de la metodolog\u00eda adoptada, como por ejemplo un sistema solidario, los resultados (saldos de las balanzas fiscales) pueden variar.<\/p>\n<p>En cualquier caso, parece l\u00f3gico que en un pa\u00eds como Espa\u00f1a con un\u00a0<strong>sistema fiscal progresivo<\/strong> (esto es, que debe pagar m\u00e1s el que m\u00e1s tiene), las regiones en las que residen las personas y empresas con m\u00e1s recursos, sean las que m\u00e1s aporten al conjunto (redistribuci\u00f3n de la renta) y, por lo tanto, registren una balanza fiscal negativa. La cuesti\u00f3n radica en cu\u00e1nta renta deben y\/o pueden aportar las comunidades m\u00e1s ricas al resto de territorios para esta redistribuci\u00f3n.<\/p>\n<h4>Links<\/h4>\n<ul>\n<li><a href=\"http:\/\/www.meh.es\/Documentacion\/Publico\/GabineteMinistro\/Varios\/BalanzasFiscalesCCAA.pdf\" target=\"_blank\" rel=\"noopener noreferrer\">Balanzas Fiscales para todas las CC.AA. Ministerio de Econom\u00eda y Hacienda.<\/a><\/li>\n<li><a href=\"http:\/\/economia.gencat.cat\/web\/.content\/70_analisi_finances_publiques_financament_autonomic\/arxius\/estadistiques-informes\/El_pressupost_de_les_administracions_publiques_a_Catalunya_per_al_2015\/Presupuesto-Cataluna-documento-castellano.pdf\" target=\"_blank\" rel=\"noopener noreferrer\">Balanza Fiscal de Catalu\u00f1a con el sector p\u00fablico central. Generalitat de Catalu\u00f1a.<\/a><\/li>\n<li><a href=\"http:\/\/www.minhafp.gob.es\/Documentacion\/Publico\/GabineteMinistro\/Varios\/Metodologia_BalanzasFiscales.pdf\" target=\"_blank\" rel=\"noopener noreferrer\">Informe sobre metodolog\u00eda de c\u00e1lculo de las balanzas fiscales. Instituto de Estudios Fiscales.<\/a><\/li>\n<\/ul>\n[\/vc_column_text][\/vc_column][\/vc_row]\n","protected":false},"excerpt":{"rendered":"<p>[vc_row type=&#8221;in_container&#8221; full_screen_row_position=&#8221;middle&#8221; scene_position=&#8221;center&#8221; text_color=&#8221;dark&#8221; text_align=&#8221;left&#8221; overlay_strength=&#8221;0.3&#8243;][vc_column column_padding=&#8221;no-extra-padding&#8221; column_padding_position=&#8221;all&#8221; background_color_opacity=&#8221;1&#8243; background_hover_color_opacity=&#8221;1&#8243; column_shadow=&#8221;none&#8221; width=&#8221;1\/1&#8243; tablet_text_alignment=&#8221;default&#8221; phone_text_alignment=&#8221;default&#8221; column_border_width=&#8221;none&#8221; column_border_style=&#8221;solid&#8221;][vc_column_text] Es la diferencia entre ingresos y gastos p\u00fablicos en un determinado territorio, o,&#8230;<\/p>\n","protected":false},"author":2,"featured_media":3423,"comment_status":"closed","ping_status":"closed","sticky":false,"template":"","format":"standard","meta":{"footnotes":""},"categories":[72],"tags":[],"class_list":["post-3309","post","type-post","status-publish","format-standard","has-post-thumbnail","hentry","category-articles"],"aioseo_notices":[],"_links":{"self":[{"href":"https:\/\/www.ub.edu\/beat\/wp-json\/wp\/v2\/posts\/3309","targetHints":{"allow":["GET"]}}],"collection":[{"href":"https:\/\/www.ub.edu\/beat\/wp-json\/wp\/v2\/posts"}],"about":[{"href":"https:\/\/www.ub.edu\/beat\/wp-json\/wp\/v2\/types\/post"}],"author":[{"embeddable":true,"href":"https:\/\/www.ub.edu\/beat\/wp-json\/wp\/v2\/users\/2"}],"replies":[{"embeddable":true,"href":"https:\/\/www.ub.edu\/beat\/wp-json\/wp\/v2\/comments?post=3309"}],"version-history":[{"count":4,"href":"https:\/\/www.ub.edu\/beat\/wp-json\/wp\/v2\/posts\/3309\/revisions"}],"predecessor-version":[{"id":3345,"href":"https:\/\/www.ub.edu\/beat\/wp-json\/wp\/v2\/posts\/3309\/revisions\/3345"}],"wp:featuredmedia":[{"embeddable":true,"href":"https:\/\/www.ub.edu\/beat\/wp-json\/wp\/v2\/media\/3423"}],"wp:attachment":[{"href":"https:\/\/www.ub.edu\/beat\/wp-json\/wp\/v2\/media?parent=3309"}],"wp:term":[{"taxonomy":"category","embeddable":true,"href":"https:\/\/www.ub.edu\/beat\/wp-json\/wp\/v2\/categories?post=3309"},{"taxonomy":"post_tag","embeddable":true,"href":"https:\/\/www.ub.edu\/beat\/wp-json\/wp\/v2\/tags?post=3309"}],"curies":[{"name":"wp","href":"https:\/\/api.w.org\/{rel}","templated":true}]}}