{"id":830,"date":"2015-11-15T14:28:50","date_gmt":"2015-11-15T12:28:50","guid":{"rendered":"http:\/\/www.ub.edu\/brainlab\/?p=830"},"modified":"2025-05-02T14:49:23","modified_gmt":"2025-05-02T12:49:23","slug":"feedback-auditivo","status":"publish","type":"post","link":"https:\/\/www.ub.edu\/brainlab\/feedback-auditivo\/","title":{"rendered":"Comienza un nuevo experimento"},"content":{"rendered":"<p><strong>Experimento sobre <em>feedback<\/em> auditivo durante la lectura<\/strong><\/p>\n<p>Requerimos participantes para un experimento de potenciales evocados con electroencefalograf\u00eda (EEG), en el que evaluaremos el efecto del <em>feedback<\/em> auditivo durante la lectura en la respuesta cerebral evocada y la calidad de la voz. Est\u00e1 remunerado con 25\u20ac por unas 3 horas y media. Es requisito para poder participar tener entre 18 y 35 a\u00f1os, NO tener formaci\u00f3n musical reglada, no haber padecido ning\u00fan trastorno neurol\u00f3gico o psiqui\u00e1trico, as\u00ed como no tener problemas de audici\u00f3n.<\/p>\n<p>El experimento incluir\u00e1 las siguientes tareas: 1) discriminaci\u00f3n de palabras en una frase con entorno ac\u00fastico ruidoso; 2) discriminaci\u00f3n visual de vocales y consonantes mientras escuch\u00e1is unos sonidos distractores que se os presentan a trav\u00e9s de auriculares; 3) lectura en voz alta de un libro de vuestra elecci\u00f3n (en catal\u00e1n o castellano). Durante las dos primeras tareas, se realizar\u00e1 un electroencefalograma y, durante la tercera, se grabar\u00e1 la voz y se registrar\u00e1 ritmo card\u00edaco y actividad electrodermal.<\/p>\n<p>Aqu\u00ed debajo ten\u00e9is el enlace de doodle para apuntaros la fecha que os vaya mejor. Por favor, adjuntar el correo electr\u00f3nico junto a vuestro nombre para que pueda contactaros unos d\u00edas antes del experimento y confirmar vuestra participaci\u00f3n. Es importante que si os apunt\u00e1is es por que est\u00e1is completamente seguros de que pod\u00e9is venir. Si se acaban las plazas, apuntaros sin seleccionar ninguna opci\u00f3n e indicar en el campo de texto vuestra disponibilidad.<\/p>\n<p><a href=\"http:\/\/doodle.com\/poll\/b53c9y427ebvg9at\">http:\/\/doodle.com\/poll\/b53c9y427ebvg9at<\/a><\/p>\n","protected":false},"excerpt":{"rendered":"<p>Experimento sobre feedback auditivo durante la lectura Requerimos participantes para un experimento de potenciales evocados con electroencefalograf\u00eda (EEG), en el que evaluaremos el efecto del feedback auditivo durante la lectura en la respuesta cerebral evocada y la calidad de la voz. Est\u00e1 remunerado con 25\u20ac por unas 3 horas y media. Es requisito para poder participar tener entre 18 y  [&#8230;]<\/p>\n","protected":false},"author":3,"featured_media":2169,"comment_status":"closed","ping_status":"closed","sticky":false,"template":"","format":"standard","meta":{"_acf_changed":false,"footnotes":""},"categories":[18],"tags":[],"class_list":["post-830","post","type-post","status-publish","format-standard","has-post-thumbnail","hentry","category--participate-in-our-experiments-"],"acf":[],"yoast_head":"<!-- This site is optimized with the Yoast SEO plugin v26.1.1 - https:\/\/yoast.com\/wordpress\/plugins\/seo\/ -->\n<title>Comienza un nuevo experimento - Brainlab<\/title>\n<meta name=\"robots\" content=\"index, follow, max-snippet:-1, max-image-preview:large, max-video-preview:-1\" \/>\n<link rel=\"canonical\" href=\"https:\/\/www.ub.edu\/brainlab\/feedback-auditivo\/\" \/>\n<meta property=\"og:locale\" content=\"en_US\" \/>\n<meta property=\"og:type\" content=\"article\" \/>\n<meta property=\"og:title\" content=\"Comienza un nuevo experimento - Brainlab\" \/>\n<meta property=\"og:description\" content=\"Experimento sobre feedback auditivo durante la lectura Requerimos participantes para un experimento de potenciales evocados con electroencefalograf\u00eda (EEG), en el que evaluaremos el efecto del feedback auditivo durante la lectura en la respuesta cerebral evocada y la calidad de la voz. Est\u00e1 remunerado con 25\u20ac por unas 3 horas y media. Es requisito para poder participar tener entre 18 y [...]\" \/>\n<meta property=\"og:url\" content=\"https:\/\/www.ub.edu\/brainlab\/feedback-auditivo\/\" \/>\n<meta property=\"og:site_name\" content=\"Brainlab\" \/>\n<meta property=\"article:published_time\" content=\"2015-11-15T12:28:50+00:00\" \/>\n<meta property=\"article:modified_time\" content=\"2025-05-02T12:49:23+00:00\" \/>\n<meta property=\"og:image\" content=\"https:\/\/www.ub.edu\/brainlab\/wp-content\/uploads\/2024\/09\/news.jpg\" \/>\n\t<meta property=\"og:image:width\" content=\"800\" \/>\n\t<meta property=\"og:image:height\" content=\"464\" \/>\n\t<meta property=\"og:image:type\" content=\"image\/jpeg\" \/>\n<meta name=\"author\" content=\"brainLabAdmin\" \/>\n<meta name=\"twitter:card\" content=\"summary_large_image\" \/>\n<meta name=\"twitter:label1\" content=\"Written by\" \/>\n\t<meta name=\"twitter:data1\" content=\"brainLabAdmin\" \/>\n\t<meta name=\"twitter:label2\" content=\"Est. reading time\" \/>\n\t<meta name=\"twitter:data2\" content=\"1 minute\" \/>\n<script type=\"application\/ld+json\" class=\"yoast-schema-graph\">{\"@context\":\"https:\/\/schema.org\",\"@graph\":[{\"@type\":\"WebPage\",\"@id\":\"https:\/\/www.ub.edu\/brainlab\/feedback-auditivo\/\",\"url\":\"https:\/\/www.ub.edu\/brainlab\/feedback-auditivo\/\",\"name\":\"Comienza un nuevo experimento - Brainlab\",\"isPartOf\":{\"@id\":\"https:\/\/www.ub.edu\/brainlab\/#website\"},\"primaryImageOfPage\":{\"@id\":\"https:\/\/www.ub.edu\/brainlab\/feedback-auditivo\/#primaryimage\"},\"image\":{\"@id\":\"https:\/\/www.ub.edu\/brainlab\/feedback-auditivo\/#primaryimage\"},\"thumbnailUrl\":\"https:\/\/www.ub.edu\/brainlab\/wp-content\/uploads\/2024\/09\/news.jpg\",\"datePublished\":\"2015-11-15T12:28:50+00:00\",\"dateModified\":\"2025-05-02T12:49:23+00:00\",\"author\":{\"@id\":\"https:\/\/www.ub.edu\/brainlab\/#\/schema\/person\/ac0d165cf8df2069bb3bef31da8817dc\"},\"breadcrumb\":{\"@id\":\"https:\/\/www.ub.edu\/brainlab\/feedback-auditivo\/#breadcrumb\"},\"inLanguage\":\"en-US\",\"potentialAction\":[{\"@type\":\"ReadAction\",\"target\":[\"https:\/\/www.ub.edu\/brainlab\/feedback-auditivo\/\"]}]},{\"@type\":\"ImageObject\",\"inLanguage\":\"en-US\",\"@id\":\"https:\/\/www.ub.edu\/brainlab\/feedback-auditivo\/#primaryimage\",\"url\":\"https:\/\/www.ub.edu\/brainlab\/wp-content\/uploads\/2024\/09\/news.jpg\",\"contentUrl\":\"https:\/\/www.ub.edu\/brainlab\/wp-content\/uploads\/2024\/09\/news.jpg\",\"width\":800,\"height\":464},{\"@type\":\"BreadcrumbList\",\"@id\":\"https:\/\/www.ub.edu\/brainlab\/feedback-auditivo\/#breadcrumb\",\"itemListElement\":[{\"@type\":\"ListItem\",\"position\":1,\"name\":\"Home\",\"item\":\"https:\/\/www.ub.edu\/brainlab\/\"},{\"@type\":\"ListItem\",\"position\":2,\"name\":\"Comienza un nuevo experimento\"}]},{\"@type\":\"WebSite\",\"@id\":\"https:\/\/www.ub.edu\/brainlab\/#website\",\"url\":\"https:\/\/www.ub.edu\/brainlab\/\",\"name\":\"Brainlab\",\"description\":\"\",\"potentialAction\":[{\"@type\":\"SearchAction\",\"target\":{\"@type\":\"EntryPoint\",\"urlTemplate\":\"https:\/\/www.ub.edu\/brainlab\/?s={search_term_string}\"},\"query-input\":{\"@type\":\"PropertyValueSpecification\",\"valueRequired\":true,\"valueName\":\"search_term_string\"}}],\"inLanguage\":\"en-US\"},{\"@type\":\"Person\",\"@id\":\"https:\/\/www.ub.edu\/brainlab\/#\/schema\/person\/ac0d165cf8df2069bb3bef31da8817dc\",\"name\":\"brainLabAdmin\",\"image\":{\"@type\":\"ImageObject\",\"inLanguage\":\"en-US\",\"@id\":\"https:\/\/www.ub.edu\/brainlab\/#\/schema\/person\/image\/\",\"url\":\"https:\/\/secure.gravatar.com\/avatar\/?s=96&d=mm&r=g\",\"contentUrl\":\"https:\/\/secure.gravatar.com\/avatar\/?s=96&d=mm&r=g\",\"caption\":\"brainLabAdmin\"},\"url\":\"https:\/\/www.ub.edu\/brainlab\/author\/brainlabadmin\/\"}]}<\/script>\n<!-- \/ Yoast SEO plugin. -->","yoast_head_json":{"title":"Comienza un nuevo experimento - Brainlab","robots":{"index":"index","follow":"follow","max-snippet":"max-snippet:-1","max-image-preview":"max-image-preview:large","max-video-preview":"max-video-preview:-1"},"canonical":"https:\/\/www.ub.edu\/brainlab\/feedback-auditivo\/","og_locale":"en_US","og_type":"article","og_title":"Comienza un nuevo experimento - Brainlab","og_description":"Experimento sobre feedback auditivo durante la lectura Requerimos participantes para un experimento de potenciales evocados con electroencefalograf\u00eda (EEG), en el que evaluaremos el efecto del feedback auditivo durante la lectura en la respuesta cerebral evocada y la calidad de la voz. Est\u00e1 remunerado con 25\u20ac por unas 3 horas y media. Es requisito para poder participar tener entre 18 y [...]","og_url":"https:\/\/www.ub.edu\/brainlab\/feedback-auditivo\/","og_site_name":"Brainlab","article_published_time":"2015-11-15T12:28:50+00:00","article_modified_time":"2025-05-02T12:49:23+00:00","og_image":[{"width":800,"height":464,"url":"https:\/\/www.ub.edu\/brainlab\/wp-content\/uploads\/2024\/09\/news.jpg","type":"image\/jpeg"}],"author":"brainLabAdmin","twitter_card":"summary_large_image","twitter_misc":{"Written by":"brainLabAdmin","Est. reading time":"1 minute"},"schema":{"@context":"https:\/\/schema.org","@graph":[{"@type":"WebPage","@id":"https:\/\/www.ub.edu\/brainlab\/feedback-auditivo\/","url":"https:\/\/www.ub.edu\/brainlab\/feedback-auditivo\/","name":"Comienza un nuevo experimento - Brainlab","isPartOf":{"@id":"https:\/\/www.ub.edu\/brainlab\/#website"},"primaryImageOfPage":{"@id":"https:\/\/www.ub.edu\/brainlab\/feedback-auditivo\/#primaryimage"},"image":{"@id":"https:\/\/www.ub.edu\/brainlab\/feedback-auditivo\/#primaryimage"},"thumbnailUrl":"https:\/\/www.ub.edu\/brainlab\/wp-content\/uploads\/2024\/09\/news.jpg","datePublished":"2015-11-15T12:28:50+00:00","dateModified":"2025-05-02T12:49:23+00:00","author":{"@id":"https:\/\/www.ub.edu\/brainlab\/#\/schema\/person\/ac0d165cf8df2069bb3bef31da8817dc"},"breadcrumb":{"@id":"https:\/\/www.ub.edu\/brainlab\/feedback-auditivo\/#breadcrumb"},"inLanguage":"en-US","potentialAction":[{"@type":"ReadAction","target":["https:\/\/www.ub.edu\/brainlab\/feedback-auditivo\/"]}]},{"@type":"ImageObject","inLanguage":"en-US","@id":"https:\/\/www.ub.edu\/brainlab\/feedback-auditivo\/#primaryimage","url":"https:\/\/www.ub.edu\/brainlab\/wp-content\/uploads\/2024\/09\/news.jpg","contentUrl":"https:\/\/www.ub.edu\/brainlab\/wp-content\/uploads\/2024\/09\/news.jpg","width":800,"height":464},{"@type":"BreadcrumbList","@id":"https:\/\/www.ub.edu\/brainlab\/feedback-auditivo\/#breadcrumb","itemListElement":[{"@type":"ListItem","position":1,"name":"Home","item":"https:\/\/www.ub.edu\/brainlab\/"},{"@type":"ListItem","position":2,"name":"Comienza un nuevo experimento"}]},{"@type":"WebSite","@id":"https:\/\/www.ub.edu\/brainlab\/#website","url":"https:\/\/www.ub.edu\/brainlab\/","name":"Brainlab","description":"","potentialAction":[{"@type":"SearchAction","target":{"@type":"EntryPoint","urlTemplate":"https:\/\/www.ub.edu\/brainlab\/?s={search_term_string}"},"query-input":{"@type":"PropertyValueSpecification","valueRequired":true,"valueName":"search_term_string"}}],"inLanguage":"en-US"},{"@type":"Person","@id":"https:\/\/www.ub.edu\/brainlab\/#\/schema\/person\/ac0d165cf8df2069bb3bef31da8817dc","name":"brainLabAdmin","image":{"@type":"ImageObject","inLanguage":"en-US","@id":"https:\/\/www.ub.edu\/brainlab\/#\/schema\/person\/image\/","url":"https:\/\/secure.gravatar.com\/avatar\/?s=96&d=mm&r=g","contentUrl":"https:\/\/secure.gravatar.com\/avatar\/?s=96&d=mm&r=g","caption":"brainLabAdmin"},"url":"https:\/\/www.ub.edu\/brainlab\/author\/brainlabadmin\/"}]}},"_links":{"self":[{"href":"https:\/\/www.ub.edu\/brainlab\/wp-json\/wp\/v2\/posts\/830","targetHints":{"allow":["GET"]}}],"collection":[{"href":"https:\/\/www.ub.edu\/brainlab\/wp-json\/wp\/v2\/posts"}],"about":[{"href":"https:\/\/www.ub.edu\/brainlab\/wp-json\/wp\/v2\/types\/post"}],"author":[{"embeddable":true,"href":"https:\/\/www.ub.edu\/brainlab\/wp-json\/wp\/v2\/users\/3"}],"replies":[{"embeddable":true,"href":"https:\/\/www.ub.edu\/brainlab\/wp-json\/wp\/v2\/comments?post=830"}],"version-history":[{"count":2,"href":"https:\/\/www.ub.edu\/brainlab\/wp-json\/wp\/v2\/posts\/830\/revisions"}],"predecessor-version":[{"id":2638,"href":"https:\/\/www.ub.edu\/brainlab\/wp-json\/wp\/v2\/posts\/830\/revisions\/2638"}],"wp:featuredmedia":[{"embeddable":true,"href":"https:\/\/www.ub.edu\/brainlab\/wp-json\/wp\/v2\/media\/2169"}],"wp:attachment":[{"href":"https:\/\/www.ub.edu\/brainlab\/wp-json\/wp\/v2\/media?parent=830"}],"wp:term":[{"taxonomy":"category","embeddable":true,"href":"https:\/\/www.ub.edu\/brainlab\/wp-json\/wp\/v2\/categories?post=830"},{"taxonomy":"post_tag","embeddable":true,"href":"https:\/\/www.ub.edu\/brainlab\/wp-json\/wp\/v2\/tags?post=830"}],"curies":[{"name":"wp","href":"https:\/\/api.w.org\/{rel}","templated":true}]}}