{"id":1257,"date":"2021-01-09T11:41:06","date_gmt":"2021-01-09T11:41:06","guid":{"rendered":"http:\/\/www.ub.edu\/cinaf\/philipp-naucke\/"},"modified":"2021-08-30T15:25:59","modified_gmt":"2021-08-30T15:25:59","slug":"philipp-naucke","status":"publish","type":"post","link":"https:\/\/www.ub.edu\/cinaf\/philipp-naucke\/","title":{"rendered":"Philipp Naucke"},"content":{"rendered":"<p><span class=\"VIiyi\" lang=\"ca\"><span class=\"JLqJ4b ChMk0b\" data-language-for-alternatives=\"ca\" data-language-to-translate-into=\"en\" data-phrase-index=\"0\">S\u00f3c postdoctorat, investigador i professor del Departament d\u2019Antropologia Social i Cultural de la Philipps-Universit\u00e4t Marburg, Alemanya.<\/span> <span class=\"JLqJ4b ChMk0b\" data-language-for-alternatives=\"ca\" data-language-to-translate-into=\"en\" data-phrase-index=\"1\">Els meus interessos de recerca i doc\u00e8ncia inclouen l&#8217;Antropologia de la Pau i els Conflictes;<\/span> <span class=\"JLqJ4b ChMk0b\" data-language-for-alternatives=\"ca\" data-language-to-translate-into=\"en\" data-phrase-index=\"2\">Antropologia pol\u00edtica i antropologia de l\u2019Estat;<\/span> <span class=\"JLqJ4b ChMk0b\" data-language-for-alternatives=\"ca\" data-language-to-translate-into=\"en\" data-phrase-index=\"3\">Estudis de viol\u00e8ncia, despla\u00e7ament i resist\u00e8ncia.<\/span> <span class=\"JLqJ4b ChMk0b\" data-language-for-alternatives=\"ca\" data-language-to-translate-into=\"en\" data-phrase-index=\"4\">La meva investigaci\u00f3 tracta de les relacions societat-estat i l\u2019ag\u00e8ncia de civils en conflictes armats d\u2019Am\u00e8rica Llatina, especialment a Col\u00f2mbia i Guatemala.<\/span><\/span><\/p>\n<p><strong>Colaboracions amb el CINAF<\/strong><\/p>\n<p><strong>2020- 2021 <a href=\"https:\/\/www.ub.edu\/cinaf\/recerca\/projectes-de-recerca\/somniar-pau-experiencies-relats-onirics-indigenes-construccio-memoria-historica-societat-post-conflicte-america-llatina\/\">Somniar per la Pau. Experi\u00e8ncies i relats on\u00edrics ind\u00edgenes en la construcci\u00f3 de la mem\u00f2ria hist\u00f2rica i de la societat post-conflicte a Am\u00e8rica Llatina.<\/a> (2019 RICIP 00007)<\/strong><\/p>\n","protected":false},"excerpt":{"rendered":"<p>Professor<br \/>\nInstitut f\u00fcr Sozialanthropologie und Religionswissenschaft (ISAR).  <\/p>\n","protected":false},"author":1,"featured_media":1269,"comment_status":"open","ping_status":"open","sticky":false,"template":"","format":"standard","meta":{"generate_page_header":"","footnotes":""},"categories":[5,1],"tags":[],"class_list":["post-1257","post","type-post","status-publish","format-standard","has-post-thumbnail","hentry","category-colaboradors","category-membres","masonry-post","generate-columns","tablet-grid-50","mobile-grid-100","grid-parent","grid-33"],"_links":{"self":[{"href":"https:\/\/www.ub.edu\/cinaf\/wp-json\/wp\/v2\/posts\/1257"}],"collection":[{"href":"https:\/\/www.ub.edu\/cinaf\/wp-json\/wp\/v2\/posts"}],"about":[{"href":"https:\/\/www.ub.edu\/cinaf\/wp-json\/wp\/v2\/types\/post"}],"author":[{"embeddable":true,"href":"https:\/\/www.ub.edu\/cinaf\/wp-json\/wp\/v2\/users\/1"}],"replies":[{"embeddable":true,"href":"https:\/\/www.ub.edu\/cinaf\/wp-json\/wp\/v2\/comments?post=1257"}],"version-history":[{"count":6,"href":"https:\/\/www.ub.edu\/cinaf\/wp-json\/wp\/v2\/posts\/1257\/revisions"}],"predecessor-version":[{"id":2057,"href":"https:\/\/www.ub.edu\/cinaf\/wp-json\/wp\/v2\/posts\/1257\/revisions\/2057"}],"wp:featuredmedia":[{"embeddable":true,"href":"https:\/\/www.ub.edu\/cinaf\/wp-json\/wp\/v2\/media\/1269"}],"wp:attachment":[{"href":"https:\/\/www.ub.edu\/cinaf\/wp-json\/wp\/v2\/media?parent=1257"}],"wp:term":[{"taxonomy":"category","embeddable":true,"href":"https:\/\/www.ub.edu\/cinaf\/wp-json\/wp\/v2\/categories?post=1257"},{"taxonomy":"post_tag","embeddable":true,"href":"https:\/\/www.ub.edu\/cinaf\/wp-json\/wp\/v2\/tags?post=1257"}],"curies":[{"name":"wp","href":"https:\/\/api.w.org\/{rel}","templated":true}]}}