{"id":20995,"date":"2022-07-26T09:38:00","date_gmt":"2022-07-26T08:38:00","guid":{"rendered":"https:\/\/www.ub.edu\/comitedebioseguretat\/?p=20995"},"modified":"2024-02-21T19:17:05","modified_gmt":"2024-02-21T18:17:05","slug":"descobreix-per-que-cellules-ratpenats-no-sinfecten-sars-cov-2","status":"publish","type":"post","link":"https:\/\/www.ub.edu\/comitedebioseguretat\/actualitat-recerca\/descobreix-per-que-cellules-ratpenats-no-sinfecten-sars-cov-2\/","title":{"rendered":"Es descobreix per qu\u00e8 les c\u00e8l\u00b7lules dels ratpenats no s\u2019infecten de SARS-CoV-2"},"content":{"rendered":"\n<div class=\"wp-block-columns is-layout-flex wp-container-core-columns-is-layout-9d6595d7 wp-block-columns-is-layout-flex\">\n<div class=\"wp-block-column is-layout-flow wp-block-column-is-layout-flow\" style=\"flex-basis:33.33%\">\n<figure class=\"wp-block-image size-full\"><img loading=\"lazy\" decoding=\"async\" width=\"567\" height=\"425\" src=\"https:\/\/www.ub.edu\/comitedebioseguretat\/wp-content\/uploads\/2022\/07\/grup-ratpenats.jpg\" alt=\"Grup de ratpenats molt junts\" class=\"wp-image-21001\" srcset=\"https:\/\/www.ub.edu\/comitedebioseguretat\/wp-content\/uploads\/2022\/07\/grup-ratpenats.jpg 567w, https:\/\/www.ub.edu\/comitedebioseguretat\/wp-content\/uploads\/2022\/07\/grup-ratpenats-300x225.jpg 300w\" sizes=\"auto, (max-width: 567px) 100vw, 567px\" \/><\/figure>\n<\/div>\n\n\n\n<div class=\"wp-block-column is-layout-flow wp-block-column-is-layout-flow\" style=\"flex-basis:66.66%\">\n<p>L&#8217;estudi publicat a la revista <em><a href=\"https:\/\/journals.asm.org\/doi\/10.1128\/jvi.00608-22\" target=\"_blank\" rel=\"noreferrer noopener\">Journal of Virology<\/a><\/em> destaca que les c\u00e8l\u00b7lules dels ratpenats posseeixen barreres moleculars espec\u00edfiques que actuen com a defensa contra la replicaci\u00f3 del virus SARS-CoV-2. El Dr. Jordi Serra-Cobo, expert en ecoepidemiologia de la UB, va ser un col\u00b7laborador clau en aquesta investigaci\u00f3.<\/p>\n\n\n\n<p>Utilitzant c\u00e8l\u00b7lules prim\u00e0ries de diverses esp\u00e8cies de ratpenats poc explorades, com <em>Rhinolophus ferrumequinum<\/em>, <em>Myotis myotis<\/em>, <em>Eptesicus serotinus<\/em>, <em>Tadarida brasiliensis<\/em> i <em>Nyctalus noctula<\/em>, l&#8217;estudi revela que aquestes c\u00e8l\u00b7lules presenten mecanismes innats que limiten la replicaci\u00f3 del SARS-CoV-2. Aquesta troballa suggereix la possibilitat que els ratpenats podrien tenir una resist\u00e8ncia natural al virus, oferint perspectives per a futures recerques en aquest \u00e0mbit.<\/p>\n<\/div>\n<\/div>\n\n\n\n<p><a href=\"https:\/\/web.ub.edu\/web\/actualitat\/w\/es-descobreix-per-que-les-cellules-dels-ratpenats-no-sinfecten-de-sars-cov-2-\" target=\"_blank\" rel=\"noreferrer noopener\">Consulta la not\u00edcia a la p\u00e0gina de la UB<\/a>. <\/p>\n\n\n\n<p><a href=\"https:\/\/journals.asm.org\/doi\/10.1128\/jvi.00608-22\" target=\"_blank\" rel=\"noreferrer noopener\">Article de refer\u00e8ncia<\/a>.<\/p>\n","protected":false},"excerpt":{"rendered":"<p>L&#8217;estudi publicat a la revista Journal of Virology destaca que les c\u00e8l\u00b7lules dels ratpenats posseeixen barreres moleculars espec\u00edfiques que actuen com a defensa contra la replicaci\u00f3 del virus SARS-CoV-2<\/p>\n","protected":false},"author":1,"featured_media":20998,"comment_status":"closed","ping_status":"closed","sticky":false,"template":"","format":"standard","meta":{"advgb_blocks_editor_width":"","advgb_blocks_columns_visual_guide":"","footnotes":""},"categories":[53],"tags":[90,88,35],"class_list":["post-20995","post","type-post","status-publish","format-standard","has-post-thumbnail","hentry","category-actualitat-recerca","tag-covid-19","tag-ods15","tag-ods3"],"author_meta":{"display_name":"Comit\u00e8 de Bioseguretat","author_link":"https:\/\/www.ub.edu\/comitedebioseguretat\/author\/ossmau1\/"},"featured_img":"https:\/\/www.ub.edu\/comitedebioseguretat\/wp-content\/uploads\/2022\/07\/dos-rapenats-penjant-branques-arbres-300x84.jpg","coauthors":[],"tax_additional":{"categories":{"linked":["<a href=\"https:\/\/www.ub.edu\/comitedebioseguretat\/categoria\/actualitat-recerca\/\" class=\"advgb-post-tax-term\">Recerca<\/a>"],"unlinked":["<span class=\"advgb-post-tax-term\">Recerca<\/span>"]},"tags":{"linked":["<a href=\"https:\/\/www.ub.edu\/comitedebioseguretat\/categoria\/actualitat-recerca\/\" class=\"advgb-post-tax-term\">COVID-19<\/a>","<a href=\"https:\/\/www.ub.edu\/comitedebioseguretat\/categoria\/actualitat-recerca\/\" class=\"advgb-post-tax-term\">ods15<\/a>","<a href=\"https:\/\/www.ub.edu\/comitedebioseguretat\/categoria\/actualitat-recerca\/\" class=\"advgb-post-tax-term\">ods3<\/a>"],"unlinked":["<span class=\"advgb-post-tax-term\">COVID-19<\/span>","<span class=\"advgb-post-tax-term\">ods15<\/span>","<span class=\"advgb-post-tax-term\">ods3<\/span>"]}},"comment_count":"0","relative_dates":{"created":"Posted 4 anys ago","modified":"Updated 2 anys ago"},"absolute_dates":{"created":"Posted on 26 de juliol de 2022","modified":"Updated on 21 de febrer de 2024"},"absolute_dates_time":{"created":"Posted on 26 de juliol de 2022 9:38","modified":"Updated on 21 de febrer de 2024 19:17"},"featured_img_caption":"","series_order":"","_links":{"self":[{"href":"https:\/\/www.ub.edu\/comitedebioseguretat\/wp-json\/wp\/v2\/posts\/20995","targetHints":{"allow":["GET"]}}],"collection":[{"href":"https:\/\/www.ub.edu\/comitedebioseguretat\/wp-json\/wp\/v2\/posts"}],"about":[{"href":"https:\/\/www.ub.edu\/comitedebioseguretat\/wp-json\/wp\/v2\/types\/post"}],"author":[{"embeddable":true,"href":"https:\/\/www.ub.edu\/comitedebioseguretat\/wp-json\/wp\/v2\/users\/1"}],"replies":[{"embeddable":true,"href":"https:\/\/www.ub.edu\/comitedebioseguretat\/wp-json\/wp\/v2\/comments?post=20995"}],"version-history":[{"count":4,"href":"https:\/\/www.ub.edu\/comitedebioseguretat\/wp-json\/wp\/v2\/posts\/20995\/revisions"}],"predecessor-version":[{"id":21055,"href":"https:\/\/www.ub.edu\/comitedebioseguretat\/wp-json\/wp\/v2\/posts\/20995\/revisions\/21055"}],"wp:featuredmedia":[{"embeddable":true,"href":"https:\/\/www.ub.edu\/comitedebioseguretat\/wp-json\/wp\/v2\/media\/20998"}],"wp:attachment":[{"href":"https:\/\/www.ub.edu\/comitedebioseguretat\/wp-json\/wp\/v2\/media?parent=20995"}],"wp:term":[{"taxonomy":"category","embeddable":true,"href":"https:\/\/www.ub.edu\/comitedebioseguretat\/wp-json\/wp\/v2\/categories?post=20995"},{"taxonomy":"post_tag","embeddable":true,"href":"https:\/\/www.ub.edu\/comitedebioseguretat\/wp-json\/wp\/v2\/tags?post=20995"}],"curies":[{"name":"wp","href":"https:\/\/api.w.org\/{rel}","templated":true}]}}