{"id":21497,"date":"2024-03-18T09:29:31","date_gmt":"2024-03-18T08:29:31","guid":{"rendered":"https:\/\/www.ub.edu\/comitedebioseguretat\/?p=21497"},"modified":"2024-03-18T09:31:55","modified_gmt":"2024-03-18T08:31:55","slug":"iniciativa-impulsada-vicerectorat-recerca-reforcar-bioseguretat-laboratoris","status":"publish","type":"post","link":"https:\/\/www.ub.edu\/comitedebioseguretat\/actualitat-bioseguretat\/iniciativa-impulsada-vicerectorat-recerca-reforcar-bioseguretat-laboratoris\/","title":{"rendered":"Iniciativa impulsada des del Vicerectorat de Recerca per a refor\u00e7ar la bioseguretat als Laboratoris de la UB"},"content":{"rendered":"\n<div class=\"wp-block-columns is-layout-flex wp-container-core-columns-is-layout-9d6595d7 wp-block-columns-is-layout-flex\">\n<div class=\"wp-block-column is-layout-flow wp-block-column-is-layout-flow\" style=\"flex-basis:66.66%\">\n<p>Des del Vicerectorat de Recerca de la Universitat de Barcelona, s&#8217;ha iniciat una campanya destinada a implementar adequacions estructurals als laboratoris i espais de recerca de <a href=\"https:\/\/www.ub.edu\/comitedebioseguretat\/avaluacio-gestio-risc\/avaluacio-risc-biologic\/valoracio-risc-nivells-bioseguretat\/\" data-type=\"page\" data-id=\"19421\">Nivell de Contenci\u00f3 Biol\u00f2gica 2<\/a>.<\/p>\n\n\n\n<p>Aquesta iniciativa, desenvolupada en estreta col\u00b7laboraci\u00f3 amb l&#8217;Oficina de Seguretat, Salut i Medi Ambient, el Comit\u00e8 de Bioseguretat, l&#8217;\u00c0rea d&#8217;Infraestructures i Serveis Generals, i algunes de les facultats i centres de la universitat, marca un punt d&#8217;inflexi\u00f3 en la millora de les instal\u00b7lacions.<\/p>\n\n\n\n<p>L&#8217;objectiu principal \u00e9s assegurar, de manera encara m\u00e9s rigorosa, el compliment de les normatives i exig\u00e8ncies actuals en bioseguretat relatives a les instal\u00b7lacions dels laboratoris on es manipulen <a href=\"https:\/\/www.ub.edu\/comitedebioseguretat\/avaluacio-gestio-risc\/avaluacio-risc-biologic\/identificacio-perill-intrinsec-agent-biologic\/\" data-type=\"page\" data-id=\"814\">agents biol\u00f2gics de tipus 2<\/a>.<\/p>\n<\/div>\n\n\n\n<div class=\"wp-block-column is-layout-flow wp-block-column-is-layout-flow\" style=\"flex-basis:33.33%\">\n<figure class=\"wp-block-image size-full\"><img loading=\"lazy\" decoding=\"async\" width=\"1000\" height=\"500\" src=\"https:\/\/www.ub.edu\/comitedebioseguretat\/wp-content\/uploads\/2024\/03\/investigadora-laboratori-biologic.jpg\" alt=\"Investigadora treballant al laboratori, d'esquena a la c\u00e0mera, amb guants i bata\" class=\"wp-image-21501\" srcset=\"https:\/\/www.ub.edu\/comitedebioseguretat\/wp-content\/uploads\/2024\/03\/investigadora-laboratori-biologic.jpg 1000w, https:\/\/www.ub.edu\/comitedebioseguretat\/wp-content\/uploads\/2024\/03\/investigadora-laboratori-biologic-300x150.jpg 300w, https:\/\/www.ub.edu\/comitedebioseguretat\/wp-content\/uploads\/2024\/03\/investigadora-laboratori-biologic-768x384.jpg 768w\" sizes=\"auto, (max-width: 1000px) 100vw, 1000px\" \/><\/figure>\n<\/div>\n<\/div>\n\n\n\n<p>Les accions programades no nom\u00e9s enforteixen la seguretat als espais de recerca de la Universitat de Barcelona, sin\u00f3 que tamb\u00e9 tenen com a objectiu potenciar significativament la qualitat, la innovaci\u00f3 i les bones pr\u00e0ctiques tant a la recerca com a la doc\u00e8ncia. Aquest enfocament ressalta el comprom\u00eds constant de la instituci\u00f3 amb l&#8217;excel\u00b7l\u00e8ncia acad\u00e8mica i cient\u00edfica, i, per tant, la seva consolidaci\u00f3 com a referent en l&#8217;\u00e0mbit de la investigaci\u00f3 nacional i internacional.<\/p>\n","protected":false},"excerpt":{"rendered":"<p>Des del Vicerectorat de Recerca de la Universitat de Barcelona, s&#8217;ha iniciat una campanya destinada a implementar adequacions estructurals als laboratoris i espais de recerca de Nivell de Contenci\u00f3 Biol\u00f2gica 2. Aquesta iniciativa, desenvolupada en estreta col\u00b7laboraci\u00f3 amb l&#8217;Oficina de Seguretat, Salut i Medi Ambient, el Comit\u00e8 de Bioseguretat, l&#8217;\u00c0rea d&#8217;Infraestructures i Serveis Generals, i &#8230; <a title=\"Iniciativa impulsada des del Vicerectorat de Recerca per a refor\u00e7ar la bioseguretat als Laboratoris de la UB\" class=\"read-more\" href=\"https:\/\/www.ub.edu\/comitedebioseguretat\/actualitat-bioseguretat\/iniciativa-impulsada-vicerectorat-recerca-reforcar-bioseguretat-laboratoris\/\" aria-label=\"M\u00e9s informaci\u00f3 sobre Iniciativa impulsada des del Vicerectorat de Recerca per a refor\u00e7ar la bioseguretat als Laboratoris de la UB\">Llegiu m\u00e9s<\/a><\/p>\n","protected":false},"author":1,"featured_media":21498,"comment_status":"closed","ping_status":"closed","sticky":false,"template":"","format":"standard","meta":{"advgb_blocks_editor_width":"","advgb_blocks_columns_visual_guide":"","footnotes":""},"categories":[1],"tags":[35,37,86],"class_list":["post-21497","post","type-post","status-publish","format-standard","has-post-thumbnail","hentry","category-actualitat-bioseguretat","tag-ods3","tag-ods4","tag-ods9"],"author_meta":{"display_name":"Comit\u00e8 de Bioseguretat","author_link":"https:\/\/www.ub.edu\/comitedebioseguretat\/author\/ossmau1\/"},"featured_img":"https:\/\/www.ub.edu\/comitedebioseguretat\/wp-content\/uploads\/2024\/03\/recerca-coronavirus-300x71.jpg","coauthors":[],"tax_additional":{"categories":{"linked":["<a href=\"https:\/\/www.ub.edu\/comitedebioseguretat\/categoria\/actualitat-bioseguretat\/\" class=\"advgb-post-tax-term\">Bioseguretat<\/a>"],"unlinked":["<span class=\"advgb-post-tax-term\">Bioseguretat<\/span>"]},"tags":{"linked":["<a href=\"https:\/\/www.ub.edu\/comitedebioseguretat\/categoria\/actualitat-bioseguretat\/\" class=\"advgb-post-tax-term\">ods3<\/a>","<a href=\"https:\/\/www.ub.edu\/comitedebioseguretat\/categoria\/actualitat-bioseguretat\/\" class=\"advgb-post-tax-term\">ods4<\/a>","<a href=\"https:\/\/www.ub.edu\/comitedebioseguretat\/categoria\/actualitat-bioseguretat\/\" class=\"advgb-post-tax-term\">ods9<\/a>"],"unlinked":["<span class=\"advgb-post-tax-term\">ods3<\/span>","<span class=\"advgb-post-tax-term\">ods4<\/span>","<span class=\"advgb-post-tax-term\">ods9<\/span>"]}},"comment_count":"0","relative_dates":{"created":"Posted 2 anys ago","modified":"Updated 2 anys ago"},"absolute_dates":{"created":"Posted on 18 de mar\u00e7 de 2024","modified":"Updated on 18 de mar\u00e7 de 2024"},"absolute_dates_time":{"created":"Posted on 18 de mar\u00e7 de 2024 9:29","modified":"Updated on 18 de mar\u00e7 de 2024 9:31"},"featured_img_caption":"","series_order":"","_links":{"self":[{"href":"https:\/\/www.ub.edu\/comitedebioseguretat\/wp-json\/wp\/v2\/posts\/21497","targetHints":{"allow":["GET"]}}],"collection":[{"href":"https:\/\/www.ub.edu\/comitedebioseguretat\/wp-json\/wp\/v2\/posts"}],"about":[{"href":"https:\/\/www.ub.edu\/comitedebioseguretat\/wp-json\/wp\/v2\/types\/post"}],"author":[{"embeddable":true,"href":"https:\/\/www.ub.edu\/comitedebioseguretat\/wp-json\/wp\/v2\/users\/1"}],"replies":[{"embeddable":true,"href":"https:\/\/www.ub.edu\/comitedebioseguretat\/wp-json\/wp\/v2\/comments?post=21497"}],"version-history":[{"count":4,"href":"https:\/\/www.ub.edu\/comitedebioseguretat\/wp-json\/wp\/v2\/posts\/21497\/revisions"}],"predecessor-version":[{"id":21508,"href":"https:\/\/www.ub.edu\/comitedebioseguretat\/wp-json\/wp\/v2\/posts\/21497\/revisions\/21508"}],"wp:featuredmedia":[{"embeddable":true,"href":"https:\/\/www.ub.edu\/comitedebioseguretat\/wp-json\/wp\/v2\/media\/21498"}],"wp:attachment":[{"href":"https:\/\/www.ub.edu\/comitedebioseguretat\/wp-json\/wp\/v2\/media?parent=21497"}],"wp:term":[{"taxonomy":"category","embeddable":true,"href":"https:\/\/www.ub.edu\/comitedebioseguretat\/wp-json\/wp\/v2\/categories?post=21497"},{"taxonomy":"post_tag","embeddable":true,"href":"https:\/\/www.ub.edu\/comitedebioseguretat\/wp-json\/wp\/v2\/tags?post=21497"}],"curies":[{"name":"wp","href":"https:\/\/api.w.org\/{rel}","templated":true}]}}