{"id":9969,"date":"2019-12-19T11:04:20","date_gmt":"2019-12-19T11:04:20","guid":{"rendered":"https:\/\/www.ub.edu\/ossma\/?p=9969"},"modified":"2024-01-17T09:57:52","modified_gmt":"2024-01-17T08:57:52","slug":"seminari-bioseguretat","status":"publish","type":"post","link":"https:\/\/www.ub.edu\/comitedebioseguretat\/actualitat-formacio\/seminari-bioseguretat\/","title":{"rendered":"Seminari Bioseguretat"},"content":{"rendered":"\n<p>El passat dimarts 17 de desembre vam poder comptar a la Universitat de Barcelona amb la pres\u00e8ncia del<strong> Dr. Miguel Chill\u00f3n Rodriguez<\/strong>, Responsable del Laboratori de Ter\u00e0pia G\u00e8nica per a Malalties Neurodegeneratives, Director de la Unitat de Producci\u00f3 de Vectors Virals amb seu a la Universitat Aut\u00f2noma de Barcelona i investigador de reconegut prestigi en diferents camps de la Gen\u00e8tica i de la Biologia Molecular.<\/p>\n\n\n\n<p>El Dr. Chill\u00f3n va impartir un seminari sobre <strong>Agents Biol\u00f2gics i Organismes Modificats Gen\u00e8ticament com a Vectors de Ter\u00e0pia G\u00e8nica<\/strong>,&nbsp; destinada al personal t\u00e8cnic i acad\u00e8mic del Comit\u00e8 de Bioseguretat, a personal t\u00e8cnic i m\u00e8dic de l&#8217;OSSMA.<\/p>\n\n\n\n<p>Tamb\u00e9 va ser convidat al seminari <strong>el personal de les Unitats d&#8217;Experimentaci\u00f3 Animal de la UB<\/strong>, tenint en compte que la planificaci\u00f3 del Comit\u00e8 de Bioseguretat preveu la sol\u00b7licitud al Ministeri per a la Transici\u00f3 Ecol\u00f2gica, durant l&#8217;any 2020, de la seva autoritzaci\u00f3 com a instal\u00b7lacions per a l&#8217;\u00fas confinat d&#8217;organismes modificats gen\u00e8ticament.<\/p>\n\n\n\n<p>Durant tres hores el Dr. Chill\u00f3n va parlar sobre diferents aspectes de Bioseguretat relacionats amb vectors virals, i va resoldre els dubtes que els assistents li van plantejar.<\/p>\n\n\n\n<p>La formaci\u00f3 i informaci\u00f3 rebudes seran de gran ajuda, entre altres aspectes, per a <strong>la classificaci\u00f3 del nivell de risc i dels nivells de contenci\u00f3 biol\u00f2gica<\/strong> necessaris per al desenvolupament de molts projectes d&#8217;investigaci\u00f3 que es duen a terme a la Universitat, i per a la determinaci\u00f3 d&#8217;altres requeriments de bioseguretat que els investigadors i les investigadores han de considerar abans de l&#8217;inici de les activitats.<\/p>\n","protected":false},"excerpt":{"rendered":"<p>El 17 de desembre vam comptar a la UB amb la pres\u00e8ncia del Dr. Miguel Chill\u00f3n, investigador de reconegut prestigi en diferents camps de la Gen\u00e8tica i de la Biologia Molecular.<\/p>\n","protected":false},"author":1,"featured_media":18971,"comment_status":"closed","ping_status":"closed","sticky":false,"template":"","format":"standard","meta":{"advgb_blocks_editor_width":"","advgb_blocks_columns_visual_guide":"","footnotes":""},"categories":[52],"tags":[87,88,35],"class_list":["post-9969","post","type-post","status-publish","format-standard","has-post-thumbnail","hentry","category-actualitat-formacio","tag-ods14","tag-ods15","tag-ods3"],"author_meta":{"display_name":"Comit\u00e8 de Bioseguretat","author_link":"https:\/\/www.ub.edu\/comitedebioseguretat\/author\/ossmau1\/"},"featured_img":"https:\/\/www.ub.edu\/comitedebioseguretat\/wp-content\/uploads\/2019\/12\/xerrada-bioseguretat-300x121.jpg","coauthors":[],"tax_additional":{"categories":{"linked":["<a href=\"https:\/\/www.ub.edu\/comitedebioseguretat\/categoria\/actualitat-formacio\/\" class=\"advgb-post-tax-term\">Formaci\u00f3<\/a>"],"unlinked":["<span class=\"advgb-post-tax-term\">Formaci\u00f3<\/span>"]},"tags":{"linked":["<a href=\"https:\/\/www.ub.edu\/comitedebioseguretat\/categoria\/actualitat-formacio\/\" class=\"advgb-post-tax-term\">ods14<\/a>","<a href=\"https:\/\/www.ub.edu\/comitedebioseguretat\/categoria\/actualitat-formacio\/\" class=\"advgb-post-tax-term\">ods15<\/a>","<a href=\"https:\/\/www.ub.edu\/comitedebioseguretat\/categoria\/actualitat-formacio\/\" class=\"advgb-post-tax-term\">ods3<\/a>"],"unlinked":["<span class=\"advgb-post-tax-term\">ods14<\/span>","<span class=\"advgb-post-tax-term\">ods15<\/span>","<span class=\"advgb-post-tax-term\">ods3<\/span>"]}},"comment_count":"0","relative_dates":{"created":"Posted 6 anys ago","modified":"Updated 2 anys ago"},"absolute_dates":{"created":"Posted on 19 de desembre de 2019","modified":"Updated on 17 de gener de 2024"},"absolute_dates_time":{"created":"Posted on 19 de desembre de 2019 11:04","modified":"Updated on 17 de gener de 2024 9:57"},"featured_img_caption":"","series_order":"","_links":{"self":[{"href":"https:\/\/www.ub.edu\/comitedebioseguretat\/wp-json\/wp\/v2\/posts\/9969","targetHints":{"allow":["GET"]}}],"collection":[{"href":"https:\/\/www.ub.edu\/comitedebioseguretat\/wp-json\/wp\/v2\/posts"}],"about":[{"href":"https:\/\/www.ub.edu\/comitedebioseguretat\/wp-json\/wp\/v2\/types\/post"}],"author":[{"embeddable":true,"href":"https:\/\/www.ub.edu\/comitedebioseguretat\/wp-json\/wp\/v2\/users\/1"}],"replies":[{"embeddable":true,"href":"https:\/\/www.ub.edu\/comitedebioseguretat\/wp-json\/wp\/v2\/comments?post=9969"}],"version-history":[{"count":3,"href":"https:\/\/www.ub.edu\/comitedebioseguretat\/wp-json\/wp\/v2\/posts\/9969\/revisions"}],"predecessor-version":[{"id":20376,"href":"https:\/\/www.ub.edu\/comitedebioseguretat\/wp-json\/wp\/v2\/posts\/9969\/revisions\/20376"}],"wp:featuredmedia":[{"embeddable":true,"href":"https:\/\/www.ub.edu\/comitedebioseguretat\/wp-json\/wp\/v2\/media\/18971"}],"wp:attachment":[{"href":"https:\/\/www.ub.edu\/comitedebioseguretat\/wp-json\/wp\/v2\/media?parent=9969"}],"wp:term":[{"taxonomy":"category","embeddable":true,"href":"https:\/\/www.ub.edu\/comitedebioseguretat\/wp-json\/wp\/v2\/categories?post=9969"},{"taxonomy":"post_tag","embeddable":true,"href":"https:\/\/www.ub.edu\/comitedebioseguretat\/wp-json\/wp\/v2\/tags?post=9969"}],"curies":[{"name":"wp","href":"https:\/\/api.w.org\/{rel}","templated":true}]}}