{"id":2183,"date":"2024-09-24T02:35:10","date_gmt":"2024-09-24T00:35:10","guid":{"rendered":"https:\/\/www.ub.edu\/crits\/conferencia-a-carrec-de-magdalena-fuere-la-dona-kichwa-en-la-defensa-del-territori-pages-al-nord-de-lequador-2\/"},"modified":"2024-09-24T02:57:43","modified_gmt":"2024-09-24T00:57:43","slug":"conferencia-a-carrec-de-magdalena-fuere-la-dona-kichwa-en-la-defensa-del-territori-pages-al-nord-de-lequador","status":"publish","type":"post","link":"https:\/\/www.ub.edu\/crits\/es\/conferencia-a-carrec-de-magdalena-fuere-la-dona-kichwa-en-la-defensa-del-territori-pages-al-nord-de-lequador\/","title":{"rendered":"Confer\u00e8ncia a c\u00e0rrec de Magdalena Fuere \u201cLa dona kichwa en la defensa del territori pag\u00e8s al Nord de l\u2019Equador\u201d"},"content":{"rendered":"<p>El grup de recerca CRITS-UB organitza una confer\u00e8ncia el dijous 24 d\u2019octubre amb el t\u00edtol \u201cLa dona kichwa en la defensa del territori pag\u00e8s al Nord de l\u2019Equador\u201d, aprofitant que hi ser\u00e0 a Barcelona la Magdalena Fueres, una reconeguda l\u00edder ind\u00edgena de l\u2019Equador.<\/p>\n<p>Data: 24\/10\/2024<br \/>\nLloc: Aula 205 (Facultat Geografia i Hist\u00f2ria, Universitat de Barcelona)<br \/>\nHora: 18:30h<\/p>\n","protected":false},"excerpt":{"rendered":"<p>El grup de recerca CRITS-UB organitza una confer\u00e8ncia el dijous 24 d\u2019octubre amb el t\u00edtol \u201cLa dona kichwa en la defensa del territori pag\u00e8s al Nord de l\u2019Equador\u201d, aprofitant que hi ser\u00e0 a Barcelona la Magdalena Fueres, una reconeguda l\u00edder ind\u00edgena de l\u2019Equador. Data: 24\/10\/2024 Lloc: Aula 205 (Facultat Geografia i Hist\u00f2ria, Universitat de Barcelona) [&hellip;]<\/p>\n","protected":false},"author":1,"featured_media":2150,"comment_status":"open","ping_status":"open","sticky":false,"template":"","format":"standard","meta":{"_et_pb_use_builder":"","_et_pb_old_content":"","_et_gb_content_width":"","footnotes":""},"categories":[22],"tags":[],"class_list":["post-2183","post","type-post","status-publish","format-standard","has-post-thumbnail","hentry","category-activitats-es"],"_links":{"self":[{"href":"https:\/\/www.ub.edu\/crits\/es\/wp-json\/wp\/v2\/posts\/2183","targetHints":{"allow":["GET"]}}],"collection":[{"href":"https:\/\/www.ub.edu\/crits\/es\/wp-json\/wp\/v2\/posts"}],"about":[{"href":"https:\/\/www.ub.edu\/crits\/es\/wp-json\/wp\/v2\/types\/post"}],"author":[{"embeddable":true,"href":"https:\/\/www.ub.edu\/crits\/es\/wp-json\/wp\/v2\/users\/1"}],"replies":[{"embeddable":true,"href":"https:\/\/www.ub.edu\/crits\/es\/wp-json\/wp\/v2\/comments?post=2183"}],"version-history":[{"count":1,"href":"https:\/\/www.ub.edu\/crits\/es\/wp-json\/wp\/v2\/posts\/2183\/revisions"}],"predecessor-version":[{"id":2185,"href":"https:\/\/www.ub.edu\/crits\/es\/wp-json\/wp\/v2\/posts\/2183\/revisions\/2185"}],"wp:featuredmedia":[{"embeddable":true,"href":"https:\/\/www.ub.edu\/crits\/es\/wp-json\/wp\/v2\/media\/2150"}],"wp:attachment":[{"href":"https:\/\/www.ub.edu\/crits\/es\/wp-json\/wp\/v2\/media?parent=2183"}],"wp:term":[{"taxonomy":"category","embeddable":true,"href":"https:\/\/www.ub.edu\/crits\/es\/wp-json\/wp\/v2\/categories?post=2183"},{"taxonomy":"post_tag","embeddable":true,"href":"https:\/\/www.ub.edu\/crits\/es\/wp-json\/wp\/v2\/tags?post=2183"}],"curies":[{"name":"wp","href":"https:\/\/api.w.org\/{rel}","templated":true}]}}