{"id":3894,"date":"2025-10-29T13:53:51","date_gmt":"2025-10-29T11:53:51","guid":{"rendered":"https:\/\/www.ub.edu\/crits\/conferencia-a-carrec-de-andrea-villagran-derechas-y-culturas-populares-batalla-cultural-o-canalizacionvino-y-paisaje-reestructuracion-economica-reconfiguracion-de-las-form\/"},"modified":"2025-10-29T14:27:26","modified_gmt":"2025-10-29T12:27:26","slug":"conferencia-a-carrec-de-andrea-villagran-derechas-y-culturas-populares-batalla-cultural-o-canalizacionvino-y-paisaje-reestructuracion-economica-reconfiguracion-de-las-form","status":"publish","type":"post","link":"https:\/\/www.ub.edu\/crits\/conferencia-a-carrec-de-andrea-villagran-derechas-y-culturas-populares-batalla-cultural-o-canalizacionvino-y-paisaje-reestructuracion-economica-reconfiguracion-de-las-form\/","title":{"rendered":"Confer\u00e8ncia a c\u00e0rrec d&#8217;Andrea Villagr\u00e1n: &#8220;Vino y paisaje. Reestructuraci\u00f3n econ\u00f3mica, reconfiguraci\u00f3n de las formas de vida y nuevas claves de valorizaci\u00f3n en una localidad rural del norte de Argentina&#8221;"},"content":{"rendered":"<p>El proper dimecres 29\u00a0<span class=\"markg7168ynjm\" data-markjs=\"true\" data-ogac=\"\" data-ogab=\"\" data-ogsc=\"\" data-ogsb=\"\">d&#8217;<\/span>octubre hem programat una presentaci\u00f3 a c\u00e0rrec\u00a0<span class=\"markg7168ynjm\" data-markjs=\"true\" data-ogac=\"\" data-ogab=\"\" data-ogsc=\"\" data-ogsb=\"\">d&#8217;<\/span>Andrea Villagr\u00e1n, investigadora del CONICET i professora\u00a0<span class=\"markg7168ynjm\" data-markjs=\"true\" data-ogac=\"\" data-ogab=\"\" data-ogsc=\"\" data-ogsb=\"\">d&#8217;<\/span><span class=\"markok8fs8kgv\" data-markjs=\"true\" data-ogac=\"\" data-ogab=\"\" data-ogsc=\"\" data-ogsb=\"\">antropologia<\/span>\u00a0a la Universidad Nacional de Salta (Argentina) que est\u00e0 fent una estada al departament, amb el t\u00edtol &#8220;Vino y paisaje. Reestructuraci\u00f3n econ\u00f3mica, reconfiguraci\u00f3n de las formas de vida y nuevas claves de valorizaci\u00f3n en una localidad rural del norte de Argentina&#8221;.<\/p>\n<p>La convocat\u00f2ria \u00e9s a les 12h al Laboratori\u00a0<span class=\"markg7168ynjm\" data-markjs=\"true\" data-ogac=\"\" data-ogab=\"\" data-ogsc=\"\" data-ogsb=\"\">d&#8217;<\/span><span class=\"markok8fs8kgv\" data-markjs=\"true\" data-ogac=\"\" data-ogab=\"\" data-ogsc=\"\" data-ogsb=\"\">Antropologia<\/span>.<\/p>\n<p>&nbsp;<\/p>\n<p>&nbsp;<\/p>\n","protected":false},"excerpt":{"rendered":"<p>El proper dimecres 29\u00a0d&#8217;octubre hem programat una presentaci\u00f3 a c\u00e0rrec\u00a0d&#8217;Andrea Villagr\u00e1n, investigadora del CONICET i professora\u00a0d&#8217;antropologia\u00a0a la Universidad Nacional de Salta (Argentina) que est\u00e0 fent una estada al departament, amb el t\u00edtol &#8220;Vino y paisaje. Reestructuraci\u00f3n econ\u00f3mica, reconfiguraci\u00f3n de las formas de vida y nuevas claves de valorizaci\u00f3n en una localidad rural del norte de [&hellip;]<\/p>\n","protected":false},"author":1,"featured_media":3891,"comment_status":"open","ping_status":"open","sticky":false,"template":"","format":"standard","meta":{"_et_pb_use_builder":"","_et_pb_old_content":"","_et_gb_content_width":"","footnotes":""},"categories":[7],"tags":[],"class_list":["post-3894","post","type-post","status-publish","format-standard","has-post-thumbnail","hentry","category-activitats"],"_links":{"self":[{"href":"https:\/\/www.ub.edu\/crits\/wp-json\/wp\/v2\/posts\/3894","targetHints":{"allow":["GET"]}}],"collection":[{"href":"https:\/\/www.ub.edu\/crits\/wp-json\/wp\/v2\/posts"}],"about":[{"href":"https:\/\/www.ub.edu\/crits\/wp-json\/wp\/v2\/types\/post"}],"author":[{"embeddable":true,"href":"https:\/\/www.ub.edu\/crits\/wp-json\/wp\/v2\/users\/1"}],"replies":[{"embeddable":true,"href":"https:\/\/www.ub.edu\/crits\/wp-json\/wp\/v2\/comments?post=3894"}],"version-history":[{"count":3,"href":"https:\/\/www.ub.edu\/crits\/wp-json\/wp\/v2\/posts\/3894\/revisions"}],"predecessor-version":[{"id":3907,"href":"https:\/\/www.ub.edu\/crits\/wp-json\/wp\/v2\/posts\/3894\/revisions\/3907"}],"wp:featuredmedia":[{"embeddable":true,"href":"https:\/\/www.ub.edu\/crits\/wp-json\/wp\/v2\/media\/3891"}],"wp:attachment":[{"href":"https:\/\/www.ub.edu\/crits\/wp-json\/wp\/v2\/media?parent=3894"}],"wp:term":[{"taxonomy":"category","embeddable":true,"href":"https:\/\/www.ub.edu\/crits\/wp-json\/wp\/v2\/categories?post=3894"},{"taxonomy":"post_tag","embeddable":true,"href":"https:\/\/www.ub.edu\/crits\/wp-json\/wp\/v2\/tags?post=3894"}],"curies":[{"name":"wp","href":"https:\/\/api.w.org\/{rel}","templated":true}]}}