{"id":7316,"date":"2020-11-12T21:14:15","date_gmt":"2020-11-12T19:14:15","guid":{"rendered":"https:\/\/argonaut.tallerestampa.com\/?p=7316"},"modified":"2020-11-12T21:19:57","modified_gmt":"2020-11-12T19:19:57","slug":"i-civartes-2020-i-congreso-internacional-virtual-de-artes","status":"publish","type":"post","link":"https:\/\/www.ub.edu\/cuerposconectados\/i-civartes-2020-i-congreso-internacional-virtual-de-artes\/","title":{"rendered":"I CIVARTES 2020 \/I Congreso Internacional Virtual de Artes"},"content":{"rendered":"\n<figure class=\"wp-block-gallery columns-1 is-cropped wp-block-gallery-1 is-layout-flex wp-block-gallery-is-layout-flex\"><ul class=\"blocks-gallery-grid\"><li class=\"blocks-gallery-item\"><figure><img loading=\"lazy\" decoding=\"async\" width=\"1024\" height=\"648\" src=\"https:\/\/www.ub.edu\/cuerposconectados\/wp-content\/uploads\/civartes-1-1024x648.jpg\" alt=\"\" data-id=\"7317\" data-full-url=\"https:\/\/www.ub.edu\/cuerposconectados\/wp-content\/uploads\/civartes-1.jpg\" data-link=\"https:\/\/www.ub.edu\/cuerposconectados\/?attachment_id=7317\" class=\"wp-image-7317\" srcset=\"https:\/\/www.ub.edu\/cuerposconectados\/wp-content\/uploads\/civartes-1-1024x648.jpg 1024w, https:\/\/www.ub.edu\/cuerposconectados\/wp-content\/uploads\/civartes-1-370x234.jpg 370w, https:\/\/www.ub.edu\/cuerposconectados\/wp-content\/uploads\/civartes-1-768x486.jpg 768w, https:\/\/www.ub.edu\/cuerposconectados\/wp-content\/uploads\/civartes-1.jpg 1277w\" sizes=\"auto, (max-width: 1024px) 100vw, 1024px\" \/><\/figure><\/li><\/ul><\/figure>\n\n\n\n<h2 class=\"wp-block-heading\"><strong>Di\u00e1logos entre las artes pl\u00e1sticas y visuales\u00a0y\u00a0otros medios art\u00edsticos en tiempos de hibridaci\u00f3n<\/strong><\/h2>\n\n\n\n<p>La Asociaci\u00f3n Cultural\nAcci\u00f3n Social y Arte, AASA, en colaboraci\u00f3n con el Grupo de Investigaci\u00f3n HUM-\n862,&nbsp; de la Universidad de Ja\u00e9n, Espa\u00f1a, organizan el primer Congreso\nInternacional Virtual:&nbsp;I CIVA Di\u00e1logos entre las Artes Pl\u00e1sticas y\nVisuales y otros medios art\u00edsticos en tiempos de hibridaci\u00f3n los d\u00edas del 20 al\n22 de julio de 2020,&nbsp;&nbsp;un&nbsp;encuentro de artistas, investigadores,\neducadores, profesionales y estudiantes de las artes que tienen algo que contar\ndentro de un marco en el que lo h\u00edbrido sustituye lo establecido.<\/p>\n\n\n\n<p>Vivimos en un mundo en el que las artes contempor\u00e1neas ofrecen una perspectiva divergente de creaci\u00f3n. Una perspectiva de hibridaci\u00f3n en la que nuevos medios aparecen como la performance, el videoarte, el videoensayo,\u00a0 la foto-performance, etc creando un espacio intermedia donde se puede generar infinidad de pr\u00e1cticas e infinidad de miradas para contar y compartir, para dialogar e intercambiar y este congreso es ese di\u00e1logo, una mirada m\u00e1s. En definitiva, se trata de difundir investigaciones, experiencias, pr\u00e1cticas cuyo eje central sea el medio art\u00edstico como medio de comunicaci\u00f3n, intercambiando, debatiendo, reflexionando, generando esos di\u00e1logos que las artes provocan en una sinergia que nutre la\u00a0 la pr\u00e1ctica art\u00edstica.<\/p>\n\n\n\n<h2 class=\"wp-block-heading\">&#8212;&#8212;&#8212;&#8212;&#8212;&#8212;&#8212;&#8212;&#8212;&#8212;&#8212;&#8212;&#8212;&#8212;&#8212;&#8212;&#8212;&#8212;<\/h2>\n\n\n\n<h2 class=\"wp-block-heading\">Diego Marchante Hueso<\/h2>\n\n\n\n<h2 class=\"wp-block-heading\">Gendernaut. Queering the archive\u00a0I  <\/h2>\n\n\n\n<p>Gendernaut es un t\u00e9rmino ingl\u00e9s que\npodr\u00edamos traducir como \u201cgeneronauta\u201d, navegador del g\u00e9nero, y que invoca a los\nargonautas de Jas\u00f3n. Queer, a su vez, significa raro, extra\u00f1o, fuera de la\nnorma. El t\u00e9rmino aparece por primera vez en el documental Gendernats: A\njourney through shifting identities (1999), dirigido por Monika Treut, para\nrefererirse a aquellas personas que viajan a trav\u00e9s de identidades de g\u00e9nero\ncambiantes. La creciente aparici\u00f3n de archivos implicados con la recuperaci\u00f3n\nde la memoria hist\u00f3rica feminista y LGTBI han motivado a este navegante del\ng\u00e9nero a realizar una serie de viajes transespaciales y transtemporales al\nfondo de estos archivos, donde ha observado la necesidad de crear herramientas\nabiertas que permitan visualizar la complejidad de los an\u00e1lisis hist\u00f3ricos m\u00e1s\nall\u00e1 del concepto de cronolog\u00eda cl\u00e1sico. Con la creaci\u00f3n de los proyectos\nArchivo T. Un archivo transfeminista y queer y Arxiva FF. Una arxiva del\nmoviment feminista a Catalunya hemos articulado una extensa investigaci\u00f3n\nhist\u00f3rica que podemos navegar mediante una diversidad de hilos tem\u00e1ticos que\nlos movimientos feministas, queer y trans han ido hilando durante las \u00faltimas\ncuatro d\u00e9cadas en nuestro contexto.<\/p>\n\n\n\n<p><strong>22 JULIO &#8211; 16:15 a 17:15:<\/strong>&nbsp;\u00abPuntos\ny Contrapuntos. Identidades y cuerpos: De lo \u201cnormal\u201d a lo Queer\u00bb<\/p>\n\n\n\n<p>LINK DE LA WEB  <a href=\"https:\/\/www.civartes.com\/\">https:\/\/www.civartes.com<\/a> <\/p>\n\n\n\n<p><\/p>\n\n\n\n<p>LINK THE ISSUE CON LAS ACTAS<\/p>\n\n\n\n<figure class=\"wp-block-embed-issuu wp-block-embed is-type-rich is-provider-issuu\"><div class=\"wp-block-embed__wrapper\">\n<div data-url=\"https:\/\/issuu.com\/civartes\/docs\/libro_de_resu_menes_civartes_i\" style=\"width: 820px; height: 582px;\" class=\"issuuembed\"><\/div><script type=\"text\/javascript\" src=\"\/\/e.issuu.com\/embed.js\" async=\"true\"><\/script>\n<\/div><\/figure>\n","protected":false},"excerpt":{"rendered":"<p>Di\u00e1logos entre las artes pl\u00e1sticas y visuales\u00a0y\u00a0otros medios art\u00edsticos en tiempos de hibridaci\u00f3n La Asociaci\u00f3n Cultural Acci\u00f3n Social y Arte, AASA, en colaboraci\u00f3n con el Grupo de Investigaci\u00f3n HUM- 862,&nbsp; de la Universidad de Ja\u00e9n, Espa\u00f1a, organizan el primer Congreso Internacional Virtual:&nbsp;I CIVA Di\u00e1logos entre las Artes Pl\u00e1sticas y Visuales y otros medios art\u00edsticos en [&hellip;]<\/p>\n","protected":false},"author":4,"featured_media":7318,"comment_status":"open","ping_status":"open","sticky":false,"template":"","format":"standard","meta":{"inline_featured_image":false,"_themeisle_gutenberg_block_has_review":false,"footnotes":""},"categories":[1],"tags":[],"class_list":["post-7316","post","type-post","status-publish","format-standard","has-post-thumbnail","hentry","category-general"],"_links":{"self":[{"href":"https:\/\/www.ub.edu\/cuerposconectados\/wp-json\/wp\/v2\/posts\/7316","targetHints":{"allow":["GET"]}}],"collection":[{"href":"https:\/\/www.ub.edu\/cuerposconectados\/wp-json\/wp\/v2\/posts"}],"about":[{"href":"https:\/\/www.ub.edu\/cuerposconectados\/wp-json\/wp\/v2\/types\/post"}],"author":[{"embeddable":true,"href":"https:\/\/www.ub.edu\/cuerposconectados\/wp-json\/wp\/v2\/users\/4"}],"replies":[{"embeddable":true,"href":"https:\/\/www.ub.edu\/cuerposconectados\/wp-json\/wp\/v2\/comments?post=7316"}],"version-history":[{"count":9,"href":"https:\/\/www.ub.edu\/cuerposconectados\/wp-json\/wp\/v2\/posts\/7316\/revisions"}],"predecessor-version":[{"id":7327,"href":"https:\/\/www.ub.edu\/cuerposconectados\/wp-json\/wp\/v2\/posts\/7316\/revisions\/7327"}],"wp:featuredmedia":[{"embeddable":true,"href":"https:\/\/www.ub.edu\/cuerposconectados\/wp-json\/wp\/v2\/media\/7318"}],"wp:attachment":[{"href":"https:\/\/www.ub.edu\/cuerposconectados\/wp-json\/wp\/v2\/media?parent=7316"}],"wp:term":[{"taxonomy":"category","embeddable":true,"href":"https:\/\/www.ub.edu\/cuerposconectados\/wp-json\/wp\/v2\/categories?post=7316"},{"taxonomy":"post_tag","embeddable":true,"href":"https:\/\/www.ub.edu\/cuerposconectados\/wp-json\/wp\/v2\/tags?post=7316"}],"curies":[{"name":"wp","href":"https:\/\/api.w.org\/{rel}","templated":true}]}}