{"id":9732,"date":"2025-10-04T11:30:09","date_gmt":"2025-10-04T09:30:09","guid":{"rendered":"https:\/\/www.ub.edu\/cuerposconectados\/?p=9732"},"modified":"2025-11-17T08:26:33","modified_gmt":"2025-11-17T06:26:33","slug":"xx-simposio-de-arte-contemporaneo-interfaces-de-futuro","status":"publish","type":"post","link":"https:\/\/www.ub.edu\/cuerposconectados\/xx-simposio-de-arte-contemporaneo-interfaces-de-futuro\/","title":{"rendered":"XX Simposio de Arte Contempor\u00e1neo: Interfaces de futuro. Brasil 2025"},"content":{"rendered":"\n<figure class=\"wp-block-image size-large\"><img loading=\"lazy\" decoding=\"async\" width=\"1024\" height=\"451\" src=\"https:\/\/www.ub.edu\/cuerposconectados\/wp-content\/uploads\/Interfaces-de-futuro-1024x451.jpg\" alt=\"\" class=\"wp-image-9733\" srcset=\"https:\/\/www.ub.edu\/cuerposconectados\/wp-content\/uploads\/Interfaces-de-futuro-1024x451.jpg 1024w, https:\/\/www.ub.edu\/cuerposconectados\/wp-content\/uploads\/Interfaces-de-futuro-370x163.jpg 370w, https:\/\/www.ub.edu\/cuerposconectados\/wp-content\/uploads\/Interfaces-de-futuro-768x338.jpg 768w, https:\/\/www.ub.edu\/cuerposconectados\/wp-content\/uploads\/Interfaces-de-futuro.jpg 1112w\" sizes=\"auto, (max-width: 1024px) 100vw, 1024px\" \/><\/figure>\n\n\n\n<p> <\/p>\n\n\n\n<p>El 28 de agosto de 2025, <strong>Laura Baigorri <\/strong>present\u00f3 la ponencia <strong><em>Despedidas de Artistas: Uso Cr\u00edtico da IA na Arte<\/em><\/strong> en la 20\u00aa edici\u00f3n del Simposio de Arte Contempor\u00e1neo que tuvo lugar del 27 al 29 de agosto , reuniendo a 11 ponentes y 2 conferenciantes para reflexionar sobre los caminos del arte contempor\u00e1neo y discutir el tema Interfaces de Futuro. Actividad oganizada por LABART. Laborat\u00f3rio de Pesquisa em Arte Contempor\u00e2nea, Tecnologia e M\u00eddias Digitais, Universidad Federal de Santa Mar\u00eda, en Brasil. <\/p>\n\n\n\n<p>Transmisi\u00f3n en vivo en\u00a0<a href=\"https:\/\/m.youtube.com\/c\/LabartUFSM\" target=\"_blank\" rel=\"noreferrer noopener\">el canal de YouTube de LABART<\/a> y <a href=\"https:\/\/www.youtube.com\/watch?v=5T796i_ukYM\">v\u00eddeo del d\u00eda 28 de agosto de 2025<\/a>. <\/p>\n\n\n<div class=\"wp-block-image\">\n<figure class=\"aligncenter size-full\"><img loading=\"lazy\" decoding=\"async\" width=\"585\" height=\"835\" src=\"https:\/\/www.ub.edu\/cuerposconectados\/wp-content\/uploads\/Interfaces-de-futuro3.jpg\" alt=\"\" class=\"wp-image-9734\" srcset=\"https:\/\/www.ub.edu\/cuerposconectados\/wp-content\/uploads\/Interfaces-de-futuro3.jpg 585w, https:\/\/www.ub.edu\/cuerposconectados\/wp-content\/uploads\/Interfaces-de-futuro3-235x335.jpg 235w\" sizes=\"auto, (max-width: 585px) 100vw, 585px\" \/><\/figure>\n<\/div>","protected":false},"excerpt":{"rendered":"<p>El 28 de agosto de 2025, Laura Baigorri present\u00f3 la ponencia Despedidas de Artistas: Uso Cr\u00edtico da IA na Arte en la 20\u00aa edici\u00f3n del Simposio de Arte Contempor\u00e1neo que tuvo lugar del 27 al 29 de agosto , reuniendo a 11 ponentes y 2 conferenciantes para reflexionar sobre los caminos del arte contempor\u00e1neo y [&hellip;]<\/p>\n","protected":false},"author":4,"featured_media":9735,"comment_status":"open","ping_status":"open","sticky":false,"template":"","format":"standard","meta":{"inline_featured_image":false,"_themeisle_gutenberg_block_has_review":false,"footnotes":""},"categories":[1],"tags":[],"class_list":["post-9732","post","type-post","status-publish","format-standard","has-post-thumbnail","hentry","category-general"],"_links":{"self":[{"href":"https:\/\/www.ub.edu\/cuerposconectados\/wp-json\/wp\/v2\/posts\/9732","targetHints":{"allow":["GET"]}}],"collection":[{"href":"https:\/\/www.ub.edu\/cuerposconectados\/wp-json\/wp\/v2\/posts"}],"about":[{"href":"https:\/\/www.ub.edu\/cuerposconectados\/wp-json\/wp\/v2\/types\/post"}],"author":[{"embeddable":true,"href":"https:\/\/www.ub.edu\/cuerposconectados\/wp-json\/wp\/v2\/users\/4"}],"replies":[{"embeddable":true,"href":"https:\/\/www.ub.edu\/cuerposconectados\/wp-json\/wp\/v2\/comments?post=9732"}],"version-history":[{"count":5,"href":"https:\/\/www.ub.edu\/cuerposconectados\/wp-json\/wp\/v2\/posts\/9732\/revisions"}],"predecessor-version":[{"id":9812,"href":"https:\/\/www.ub.edu\/cuerposconectados\/wp-json\/wp\/v2\/posts\/9732\/revisions\/9812"}],"wp:featuredmedia":[{"embeddable":true,"href":"https:\/\/www.ub.edu\/cuerposconectados\/wp-json\/wp\/v2\/media\/9735"}],"wp:attachment":[{"href":"https:\/\/www.ub.edu\/cuerposconectados\/wp-json\/wp\/v2\/media?parent=9732"}],"wp:term":[{"taxonomy":"category","embeddable":true,"href":"https:\/\/www.ub.edu\/cuerposconectados\/wp-json\/wp\/v2\/categories?post=9732"},{"taxonomy":"post_tag","embeddable":true,"href":"https:\/\/www.ub.edu\/cuerposconectados\/wp-json\/wp\/v2\/tags?post=9732"}],"curies":[{"name":"wp","href":"https:\/\/api.w.org\/{rel}","templated":true}]}}