{"id":9763,"date":"2025-10-30T15:10:21","date_gmt":"2025-10-30T13:10:21","guid":{"rendered":"https:\/\/www.ub.edu\/cuerposconectados\/?p=9763"},"modified":"2025-10-30T15:11:14","modified_gmt":"2025-10-30T13:11:14","slug":"exposicion-susurros-bulla-y-paradojas-tentativas-para-una-politica-de-la-enunciacion-centre-dart-santa-monica-2025","status":"publish","type":"post","link":"https:\/\/www.ub.edu\/cuerposconectados\/exposicion-susurros-bulla-y-paradojas-tentativas-para-una-politica-de-la-enunciacion-centre-dart-santa-monica-2025\/","title":{"rendered":"Exposici\u00f3n \u00abSusurros, Bulla y Paradojas\u00bb. Centre d&#8217;Art Santa M\u00f2nica 2025"},"content":{"rendered":"\n<figure class=\"wp-block-image size-large\"><img loading=\"lazy\" decoding=\"async\" width=\"1024\" height=\"439\" src=\"https:\/\/www.ub.edu\/cuerposconectados\/wp-content\/uploads\/xiuxiueigs-bullici-paradoxes-banner-home-CAST-1024x439.jpg\" alt=\"\" class=\"wp-image-9765\" srcset=\"https:\/\/www.ub.edu\/cuerposconectados\/wp-content\/uploads\/xiuxiueigs-bullici-paradoxes-banner-home-CAST-1024x439.jpg 1024w, https:\/\/www.ub.edu\/cuerposconectados\/wp-content\/uploads\/xiuxiueigs-bullici-paradoxes-banner-home-CAST-370x159.jpg 370w, https:\/\/www.ub.edu\/cuerposconectados\/wp-content\/uploads\/xiuxiueigs-bullici-paradoxes-banner-home-CAST-768x329.jpg 768w, https:\/\/www.ub.edu\/cuerposconectados\/wp-content\/uploads\/xiuxiueigs-bullici-paradoxes-banner-home-CAST-1536x659.jpg 1536w, https:\/\/www.ub.edu\/cuerposconectados\/wp-content\/uploads\/xiuxiueigs-bullici-paradoxes-banner-home-CAST.jpg 2048w\" sizes=\"auto, (max-width: 1024px) 100vw, 1024px\" \/><\/figure>\n\n\n\n<p>12.11.2025 \u2013 01.02.2026 | Exposici\u00f3n<\/p>\n\n\n\n<p><strong>Inauguraci\u00f3n:&nbsp;<\/strong>12 noviembre 2025, 19h<\/p>\n\n\n\n<p><strong>Participantes:\u00a0<\/strong>Julie Zhen, Daniela Xaiet, Danie Valencia Sep\u00falveda, Khalil Talhaoui, Youssef Taki, Antoine Silvestre, Mellow Sheng, Firas Shehaden, Alys Salvador, Quimera Rosa (Ce Quimera i Kina Madno), Luc\u00eda G. Romero, Candela Quiros, Purita Pelayo, Sol Prado, Alessandra Pomarico i Nikolay Oleynikov, Norma P\u00e9rez\/Muerte a la Norma, Luciana Pe\u00f1a, Miguel Parra Urrutia, Lizette Nin, Nadia Nadesan, Mafe Moscoso, Karo Moret-Miranda, Hache Mau, <strong>Diego Marchante<\/strong>, Mabel Llevat, Kleo la Faraona, Espai Kapwa (Marlon B. Quintero i Gemma Ferre\u00f3n), Felix Kalmenson, Equipo Jeleton (Gelen Alc\u00e1ntara S\u00e1nchez i Jesusi Arpal Moya), Nadia Jabr, Queer in Palestine, .gore (Fe\u00f1a Errada i Roma Mur\u00faa), Nancy Gar\u00edn, Helios F. Garc\u00e9s, Andrea Ganuza, Antonio Gagliano, Etc\u00e9tera (Loreto Gar\u00edn Guzm\u00e1n i Federico Zukerfeld), Fembloc, Mario Espinoza Pino, Ainhoa Nadia Douhaibi, Frau Diamanda, Thais de Menezes, Jero de los Santos, Susana Pilar Delahante, Radia Cava-ret (Violeta Ospina, Samu C\u00e9spedes, Patricia del Razo i Yazel Parra Nahmens), Colectivo Cat\u00e0rsia (Gemma Ferre\u00f3n, Mercedes Saya Ros\u00e9s i Cinthya Fung), Aurora Carmenate D\u00edaz, Berjer B. Capati, Camilo Brodsky B., Ingrid Blanco, Rub\u00e9n H. Berm\u00fadez, Miguel Benlloch, Samira Badran, Aimar Arriola, Asmaa Aouattah, Salma Amazian, Efr\u00e9n \u00c1lvarez, Taher Ali<\/p>\n\n\n\n<p><a href=\"https:\/\/www.santamonica.cat\/es\/exposicions-i-activitats\/exposicions\/2025\/xiuxiueigs-bullici-paradoxes\">https:\/\/www.santamonica.cat\/es\/exposicions-i-activitats\/exposicions\/2025\/xiuxiueigs-bullici-paradoxes<\/a><\/p>\n\n\n\n<h2 class=\"wp-block-heading\">Texto curatorial<\/h2>\n\n\n\n<p><em>Susurros, Bulla y Paradojas. Tentativas para una pol\u00edtica de la enunciaci\u00f3n&nbsp;<\/em>da continuidad a una serie de conversaciones, desde los contextos en los que vivimos, sobre las maneras en que habitamos las paradojas de la enunciaci\u00f3n y la representaci\u00f3n.<\/p>\n\n\n\n<p>Artistas, escritoras, agentes colaboradores, espacios de activismo y pensamiento cr\u00edtico, as\u00ed como el propio ecosistema del Santa M\u00f2nica, confluyen para interpretar textos y oralidades, revisitar obras existentes y tensar las narrativas dominantes compartiendo maneras de hacer y tramas de complicidad. El proyecto da lugar a cierta polifon\u00eda acompasada \u2014sostenida entre muches, siempre incompleta\u2014, atravesada por la fuerza de las preguntas y los relatos que hoy pueden movilizarnos.<\/p>\n\n\n\n<p>Para ello, reunimos a una colectividad en la que convergen pr\u00e1cticas art\u00edsticas, metodolog\u00edas editoriales, actividades p\u00fablicas y grupos de trabajo orientados a la materialidad de las enunciaciones. Estos \u00e1mbitos encuentran, en su intercambio significativo, imaginarios, experiencias y saberes para disputar la sensaci\u00f3n de agotamiento, o de supuesta imposibilidad.<\/p>\n\n\n\n<h2 class=\"wp-block-heading\">La exposici\u00f3n<\/h2>\n\n\n\n<p>Compuesta por trabajos que van de la gr\u00e1fica a la performance, pasando por el audiovisual, el textil, las genealog\u00edas o la instalaci\u00f3n, la exposici\u00f3n agrupa a artistas que sostienen desde hace tiempo estas conversaciones.<\/p>\n\n\n\n<p>Incluye un conjunto de obras que, en su mayor\u00eda, no son de nueva producci\u00f3n, priorizando as\u00ed una ecolog\u00eda de gestos y materiales que busca distanciarse de la espectacularizaci\u00f3n de lo nuevo, y dar lugar a formas largas de distribuci\u00f3n para producciones art\u00edsticas ya existentes.<\/p>\n\n\n\n<p>Propone tambi\u00e9n que las obras, entendidas como agentes, atesoran una biograf\u00eda pol\u00edtica, una trayectoria vital que desborda en ocasiones la descripci\u00f3n curatorial o la explicaci\u00f3n fundacional de las artistas.<\/p>\n\n\n\n<h2 class=\"wp-block-heading\">Las publicaciones<\/h2>\n\n\n\n<p>Como parte de las reflexiones que abrazan el proyecto, surge la necesidad de generar un Grupo de interpretaci\u00f3n\/traducci\u00f3n. Muchas de las referencias, lecturas y materiales fundamentales para el di\u00e1logo sobre la representaci\u00f3n est\u00e1n traducidas a idiomas dominantes. Por esta raz\u00f3n, el Grupo de interpretaci\u00f3n\/traducci\u00f3n posibilita el intercambio y la circulaci\u00f3n en curso de saberes diversos, en idiomas como el \u00e1rabe, el filipino (baybayin, tagalo), el amazigh y el pretugu\u00eas. Este ejercicio reactiva un trueque epistemol\u00f3gico entre los sures \u2014territoriales y conceptuales\u2014 que siempre ha estado presente, y que hace parte de las genealog\u00edas invisibilizadas en el norte global.<\/p>\n\n\n\n<p>Los resultados del trabajo del grupo ser\u00e1n recogidos en&nbsp;<em>Susurros, Bulla y Paradojas. Tentativas para una pol\u00edtica de la enunciaci\u00f3n<\/em>&nbsp;la primera de las dos publicaciones que hemos pensado para este proyecto, que incluir\u00e1 los textos interpretados\/traducidos, as\u00ed como materiales visuales provenientes de la exposici\u00f3n.<\/p>\n\n\n\n<p>La segunda publicaci\u00f3n&nbsp;<em>Pr\u00f3logos a contratiempo (1848-2048),<\/em>&nbsp;abraza un gesto especulativo. Pensando en c\u00f3mo nuestros lugares de enunciaci\u00f3n se han recuperado y reinterpretado hist\u00f3ricamente, hemos propuesto un juego para imaginar cu\u00e1les ser\u00edan hoy los posibles pr\u00f3logos al Manifiesto Comunista. Nos interesa sacar al Manifiesto de su condici\u00f3n de reliquia o fetiche, y explorar la potencia que ha tenido como herramienta emancipadora para muchos contextos. En un momento caracterizado por la falta de horizontes, podemos pensar en saltos de ficci\u00f3n que nos revitalicen y que den continuidad a preguntas significativas..<\/p>\n\n\n\n<h2 class=\"wp-block-heading\">Reflexionando (imaginando) entre todes<\/h2>\n\n\n\n<p>Otro de los \u00e1mbitos centrales del proyecto es su programa p\u00fablico, que re\u00fane talleres, performances y charlas con diferentes agentes que vienen activando y sentipensando este marco de reflexiones. El programa p\u00fablico, en colaboraci\u00f3n con los Gremios de las M\u00f2niques y Grupos de investigaci\u00f3n del centro, est\u00e1 concebido como otra oportunidad de apertura a la audiencia, ofreciendo tambi\u00e9n la posibilidad de un espacio relacional para conversar sobre dudas e ideas que puedan aparecer durante todo el proceso de trabajo.<\/p>\n\n\n\n<h2 class=\"wp-block-heading\">Artistas y obra expuesta<\/h2>\n\n\n\n<ul class=\"wp-block-list\">\n<li>Youssef Taki \u2013<em>\u00a0Habitar el borde\u00a0<\/em><\/li>\n\n\n\n<li>Firas Shehadeh \u2013<em>\u00a0Like An Event In A Dream Dreamt By Another\u2014Rehearsal\u00a0<\/em><\/li>\n\n\n\n<li>Jero de los Santos \u2013\u00a0<em>Karmenstein\u00a0<\/em><\/li>\n\n\n\n<li>Luc\u00eda G. Romero -?<em>Cura sana?<\/em><\/li>\n\n\n\n<li>Quimera Rosa (Ce Quimera i Kina Madno) -?<em>Trans*Plant<\/em><\/li>\n\n\n\n<li>Mercedes Saya Ros\u00e9s \u2013\u00a0<em>Casa-cajas de mu\u00f1ecas<\/em><\/li>\n\n\n\n<li>Radia Cava-ret (Violeta Ospina, Samu C\u00e9spedes, Patricia del Razo i Yazel Parra Nahmens) -?<em>KONGA Karaoke Inmigrante<\/em><\/li>\n\n\n\n<li>Sol Prado \u2013\u00a0<em>????????\/Cerrado<\/em><\/li>\n\n\n\n<li>Purita Pelayo \u2013\u00a0<em>Archivo LGTBIQ+, Purita Pelayo del Ecuador<\/em><\/li>\n\n\n\n<li>Miguel Parra Urrutia -?<em>AQU\u00cd \/ Utop\u00edas neo-barrocas \/ Alta Costura<\/em><\/li>\n\n\n\n<li>Lizette Nin \u2013\u00a0<em>Or\u00ed Od\u00e9. El vuelo de la golondrina<\/em><\/li>\n\n\n\n<li><strong>Diego Marchante \u2013\u00a0<em>Transcyborgllera. Hackeando el archivo desde una perspectiva feminista y queer<\/em><\/strong><em><strong>; Archiva Qu(ia)r.<\/strong><\/em><\/li>\n\n\n\n<li>.gore? (Fe\u00f1a Errada i Roma Mur\u00faa) \u2013\u00a0<em>Punto de Informaci\u00f3n para Travestis y Trabajadoras Sexuales Migrantes. Barcelona 1975-2075<\/em><\/li>\n\n\n\n<li>Cinthya Fung?-\u00a0<em>sPAIN<\/em><\/li>\n\n\n\n<li>Gemma Ferre\u00f3n Rivera \u2013<em>\u00a0Balikbayan Box<\/em><\/li>\n\n\n\n<li>Etc\u00e9tera (Loreto Gar\u00edn Guzm\u00e1n i Federico Zukerfeld) \u2013\u00a0<em>Manifesto Errorista \/ Muro de errores<\/em><\/li>\n\n\n\n<li>Equipo Jeleton (Gelen Alc\u00e1ntara S\u00e1nchez i Jesusi Arpal Moya) \u2013\u00a0<em>Jeleton como fanz\u00edn<\/em><\/li>\n\n\n\n<li>Frau Diamanda \u2013\u00a0<em>TRAVESTORY<\/em><\/li>\n\n\n\n<li>Susana Pilar Delahante -?<em>Achievement<\/em><\/li>\n\n\n\n<li>Miguel Benlloch \u2013\u00a0<em>Tipotropotropos<\/em><\/li>\n\n\n\n<li>Rub\u00e9n H. Berm\u00fadez \u2013\u00a0<em>Y t\u00fa, \u00bfpor qu\u00e9 eres negro?<\/em><\/li>\n\n\n\n<li>Samira Badran -?\u00a0<em>Geograf\u00eda de la Memoria \/ Memoria Colectiva<\/em><\/li>\n\n\n\n<li>Efr\u00e9n Alv\u00e1rez \u2013\u00a0<em>Propaganda por el acto de recordar<\/em><\/li>\n<\/ul>\n\n\n\n<h2 class=\"wp-block-heading\">Actividades de la exposici\u00f3n<\/h2>\n\n\n\n<p><a href=\"https:\/\/www.santamonica.cat\/es\/exposicions-i-activitats\/exposicions\/2025\/xiuxiueigs-bullici-paradoxes\/activitats\">https:\/\/www.santamonica.cat\/es\/exposicions-i-activitats\/exposicions\/2025\/xiuxiueigs-bullici-paradoxes\/activitats<\/a><\/p>\n","protected":false},"excerpt":{"rendered":"<p>12.11.2025 \u2013 01.02.2026 | Exposici\u00f3n Inauguraci\u00f3n:&nbsp;12 noviembre 2025, 19h Participantes:\u00a0Julie Zhen, Daniela Xaiet, Danie Valencia Sep\u00falveda, Khalil Talhaoui, Youssef Taki, Antoine Silvestre, Mellow Sheng, Firas Shehaden, Alys Salvador, Quimera Rosa (Ce Quimera i Kina Madno), Luc\u00eda G. Romero, Candela Quiros, Purita Pelayo, Sol Prado, Alessandra Pomarico i Nikolay Oleynikov, Norma P\u00e9rez\/Muerte a la Norma, Luciana [&hellip;]<\/p>\n","protected":false},"author":7,"featured_media":9764,"comment_status":"open","ping_status":"open","sticky":false,"template":"","format":"standard","meta":{"inline_featured_image":false,"_themeisle_gutenberg_block_has_review":false,"footnotes":""},"categories":[1],"tags":[],"class_list":["post-9763","post","type-post","status-publish","format-standard","has-post-thumbnail","hentry","category-general"],"_links":{"self":[{"href":"https:\/\/www.ub.edu\/cuerposconectados\/wp-json\/wp\/v2\/posts\/9763","targetHints":{"allow":["GET"]}}],"collection":[{"href":"https:\/\/www.ub.edu\/cuerposconectados\/wp-json\/wp\/v2\/posts"}],"about":[{"href":"https:\/\/www.ub.edu\/cuerposconectados\/wp-json\/wp\/v2\/types\/post"}],"author":[{"embeddable":true,"href":"https:\/\/www.ub.edu\/cuerposconectados\/wp-json\/wp\/v2\/users\/7"}],"replies":[{"embeddable":true,"href":"https:\/\/www.ub.edu\/cuerposconectados\/wp-json\/wp\/v2\/comments?post=9763"}],"version-history":[{"count":2,"href":"https:\/\/www.ub.edu\/cuerposconectados\/wp-json\/wp\/v2\/posts\/9763\/revisions"}],"predecessor-version":[{"id":9767,"href":"https:\/\/www.ub.edu\/cuerposconectados\/wp-json\/wp\/v2\/posts\/9763\/revisions\/9767"}],"wp:featuredmedia":[{"embeddable":true,"href":"https:\/\/www.ub.edu\/cuerposconectados\/wp-json\/wp\/v2\/media\/9764"}],"wp:attachment":[{"href":"https:\/\/www.ub.edu\/cuerposconectados\/wp-json\/wp\/v2\/media?parent=9763"}],"wp:term":[{"taxonomy":"category","embeddable":true,"href":"https:\/\/www.ub.edu\/cuerposconectados\/wp-json\/wp\/v2\/categories?post=9763"},{"taxonomy":"post_tag","embeddable":true,"href":"https:\/\/www.ub.edu\/cuerposconectados\/wp-json\/wp\/v2\/tags?post=9763"}],"curies":[{"name":"wp","href":"https:\/\/api.w.org\/{rel}","templated":true}]}}