{"id":9789,"date":"2025-11-16T18:24:44","date_gmt":"2025-11-16T16:24:44","guid":{"rendered":"https:\/\/www.ub.edu\/cuerposconectados\/?p=9789"},"modified":"2025-11-16T18:53:48","modified_gmt":"2025-11-16T16:53:48","slug":"narrar-el-futuro-festival-de-cine-y-nuevos-medios-bogota","status":"publish","type":"post","link":"https:\/\/www.ub.edu\/cuerposconectados\/narrar-el-futuro-festival-de-cine-y-nuevos-medios-bogota\/","title":{"rendered":"Narrar el Futuro. Festival de Cine &amp; Nuevos medios. Bogot\u00e1 2025"},"content":{"rendered":"<div class=\"wp-block-image\">\n<figure class=\"aligncenter size-full is-resized\"><img loading=\"lazy\" decoding=\"async\" width=\"901\" height=\"791\" src=\"https:\/\/www.ub.edu\/cuerposconectados\/wp-content\/uploads\/Narrar-el-futuro.jpg\" alt=\"\" class=\"wp-image-9790\" style=\"width:629px;height:auto\" srcset=\"https:\/\/www.ub.edu\/cuerposconectados\/wp-content\/uploads\/Narrar-el-futuro.jpg 901w, https:\/\/www.ub.edu\/cuerposconectados\/wp-content\/uploads\/Narrar-el-futuro-370x325.jpg 370w, https:\/\/www.ub.edu\/cuerposconectados\/wp-content\/uploads\/Narrar-el-futuro-768x674.jpg 768w\" sizes=\"auto, (max-width: 901px) 100vw, 901px\" \/><\/figure>\n<\/div>\n\n\n<p><\/p>\n\n\n\n<p>El v\u00eddeo <strong><em>Farewells to artists: an ethical trilogy<\/em><\/strong> (2025) de Laura Baigorri forma parte de la Selecci\u00f3n Oficial del <a href=\"https:\/\/narrarelfuturo.com\/\"><strong>NarrarelFuturo: Festival de Cine &amp; Nuevos Medios <\/strong><\/a> que tuvo lugar del 16 al 21 de septiembre de 2025 en Bogot\u00e1 (Colombia). Se exhibi\u00f3 en la Cinemateca de Bogot\u00e1 el 17 de septiembre en el programa Cortos. <\/p>\n\n\n\n<p><strong>NarrarelFuturo<\/strong> es un punto de encuentro de exhibici\u00f3n, formaci\u00f3n e industria en el que se re\u00fanen profesionales de la industria nacional e internacional interesados en la realizaci\u00f3n cinematogr\u00e1fica y audiovisual en sus m\u00e1s recientes e interesantes tendencias narrativas y t\u00e9cnicas dentro del entorno digital; el transmedia, el documental web e interactivo, la realidad virtual (VR\/AR\/XR), las webseries, la inteligencia artificial, los futurismos, las narrativas sonoras, las narrativas y la financiaci\u00f3n colectiva, el video vertical y otros conceptos del cine y los nuevos medios son algunos de los ejes tem\u00e1ticos del Festival. <em>Ecos de otros mundos posibles<\/em> propone escuchar la revoluci\u00f3n silenciosa que recorre el audiovisual contempor\u00e1neo. En la \u00faltima d\u00e9cada el cine y los nuevos medios pasaron de narrar hechos lineales a invocar territorios de experiencia: realidades mixtas que interpelan la percepci\u00f3n, inteligencias artificiales que reescriben la imagen y protocolos descentralizados que redistribuyen autor\u00eda y memoria. Este cambio coincide con una crisis global de informaci\u00f3n y con urgencias clim\u00e1ticas y sociales que exigen imaginar alternativas. Los relatos ya no persiguen verosimilitud sino viabilidad: configuran futuros practicables a partir de datos medioambientales, saberes ancestrales y algoritmos generativos.<\/p>\n\n\n<div class=\"wp-block-image\">\n<figure class=\"aligncenter size-large is-resized\"><img loading=\"lazy\" decoding=\"async\" width=\"1024\" height=\"700\" src=\"https:\/\/www.ub.edu\/cuerposconectados\/wp-content\/uploads\/NarrarElFuturo-2025-LAURELES-Relatos-del-Futuro-Fondos-claros-1024x700.png\" alt=\"\" class=\"wp-image-9792\" style=\"width:370px;height:auto\" srcset=\"https:\/\/www.ub.edu\/cuerposconectados\/wp-content\/uploads\/NarrarElFuturo-2025-LAURELES-Relatos-del-Futuro-Fondos-claros-1024x700.png 1024w, https:\/\/www.ub.edu\/cuerposconectados\/wp-content\/uploads\/NarrarElFuturo-2025-LAURELES-Relatos-del-Futuro-Fondos-claros-370x253.png 370w, https:\/\/www.ub.edu\/cuerposconectados\/wp-content\/uploads\/NarrarElFuturo-2025-LAURELES-Relatos-del-Futuro-Fondos-claros-768x525.png 768w, https:\/\/www.ub.edu\/cuerposconectados\/wp-content\/uploads\/NarrarElFuturo-2025-LAURELES-Relatos-del-Futuro-Fondos-claros.png 1076w\" sizes=\"auto, (max-width: 1024px) 100vw, 1024px\" \/><\/figure>\n<\/div>\n\n\n<p><\/p>\n","protected":false},"excerpt":{"rendered":"<p>El v\u00eddeo Farewells to artists: an ethical trilogy (2025) de Laura Baigorri forma parte de la Selecci\u00f3n Oficial del NarrarelFuturo: Festival de Cine &amp; Nuevos Medios que tuvo lugar del 16 al 21 de septiembre de 2025 en Bogot\u00e1 (Colombia). Se exhibi\u00f3 en la Cinemateca de Bogot\u00e1 el 17 de septiembre en el programa Cortos. [&hellip;]<\/p>\n","protected":false},"author":4,"featured_media":9790,"comment_status":"open","ping_status":"open","sticky":false,"template":"","format":"standard","meta":{"inline_featured_image":false,"_themeisle_gutenberg_block_has_review":false,"footnotes":""},"categories":[1],"tags":[],"class_list":["post-9789","post","type-post","status-publish","format-standard","has-post-thumbnail","hentry","category-general"],"_links":{"self":[{"href":"https:\/\/www.ub.edu\/cuerposconectados\/wp-json\/wp\/v2\/posts\/9789","targetHints":{"allow":["GET"]}}],"collection":[{"href":"https:\/\/www.ub.edu\/cuerposconectados\/wp-json\/wp\/v2\/posts"}],"about":[{"href":"https:\/\/www.ub.edu\/cuerposconectados\/wp-json\/wp\/v2\/types\/post"}],"author":[{"embeddable":true,"href":"https:\/\/www.ub.edu\/cuerposconectados\/wp-json\/wp\/v2\/users\/4"}],"replies":[{"embeddable":true,"href":"https:\/\/www.ub.edu\/cuerposconectados\/wp-json\/wp\/v2\/comments?post=9789"}],"version-history":[{"count":3,"href":"https:\/\/www.ub.edu\/cuerposconectados\/wp-json\/wp\/v2\/posts\/9789\/revisions"}],"predecessor-version":[{"id":9805,"href":"https:\/\/www.ub.edu\/cuerposconectados\/wp-json\/wp\/v2\/posts\/9789\/revisions\/9805"}],"wp:featuredmedia":[{"embeddable":true,"href":"https:\/\/www.ub.edu\/cuerposconectados\/wp-json\/wp\/v2\/media\/9790"}],"wp:attachment":[{"href":"https:\/\/www.ub.edu\/cuerposconectados\/wp-json\/wp\/v2\/media?parent=9789"}],"wp:term":[{"taxonomy":"category","embeddable":true,"href":"https:\/\/www.ub.edu\/cuerposconectados\/wp-json\/wp\/v2\/categories?post=9789"},{"taxonomy":"post_tag","embeddable":true,"href":"https:\/\/www.ub.edu\/cuerposconectados\/wp-json\/wp\/v2\/tags?post=9789"}],"curies":[{"name":"wp","href":"https:\/\/api.w.org\/{rel}","templated":true}]}}