{"id":17613,"date":"2022-05-30T11:33:00","date_gmt":"2022-05-30T11:33:00","guid":{"rendered":"https:\/\/www.ub.edu\/cultural\/?p=17613"},"modified":"2022-05-30T11:33:00","modified_gmt":"2022-05-30T11:33:00","slug":"ultimos-estudios-y-articulos-sobre-genero-y-cultura","status":"publish","type":"post","link":"https:\/\/www.ub.edu\/cultural\/ultimos-estudios-y-articulos-sobre-genero-y-cultura\/","title":{"rendered":"\u00daltimos estudios y art\u00edculos sobre g\u00e9nero y cultura."},"content":{"rendered":"<p><img loading=\"lazy\" decoding=\"async\" class=\"aligncenter size-full wp-image-17637\" src=\"https:\/\/www.ub.edu\/cultural\/wp-content\/uploads\/2022\/05\/malena-gonzalez-serena-IwJj1LY9fs4-unsplash.jpg\" alt=\"\u00daltimos estudios y art\u00edculos sobre g\u00e9nero y cultura.\" width=\"1920\" height=\"1280\" srcset=\"https:\/\/www.ub.edu\/cultural\/wp-content\/uploads\/2022\/05\/malena-gonzalez-serena-IwJj1LY9fs4-unsplash.jpg 1920w, https:\/\/www.ub.edu\/cultural\/wp-content\/uploads\/2022\/05\/malena-gonzalez-serena-IwJj1LY9fs4-unsplash-330x220.jpg 330w, https:\/\/www.ub.edu\/cultural\/wp-content\/uploads\/2022\/05\/malena-gonzalez-serena-IwJj1LY9fs4-unsplash-1024x683.jpg 1024w, https:\/\/www.ub.edu\/cultural\/wp-content\/uploads\/2022\/05\/malena-gonzalez-serena-IwJj1LY9fs4-unsplash-768x512.jpg 768w, https:\/\/www.ub.edu\/cultural\/wp-content\/uploads\/2022\/05\/malena-gonzalez-serena-IwJj1LY9fs4-unsplash-1536x1024.jpg 1536w\" sizes=\"(max-width: 1920px) 100vw, 1920px\" \/><\/p>\n<p><span style=\"font-size: 14pt;\">Es bien sabido que <strong>la cuesti\u00f3n de g\u00e9nero es uno de los aspcectos transversales y de actualidad en las industrias creativas y culturales.<\/strong> No solo en la investigaci\u00f3n, sino tambi\u00e9n a la hora de realizar proyectos y dise\u00f1ar pol\u00edticas p\u00fablicas.<\/span><\/p>\n<p><span style=\"font-size: 14pt;\">En las \u00faltimas semanas, han sido publicados v<strong>arios art\u00edculos y estudios que abordan el g\u00e9nero desde muy diferentes perspectivas<\/strong>. Os los compartimos en esta publicaci\u00f3n. \u00a0En todos ellos participa, -como coordinadora o autora-\u00a0 Anna Villarroya, profesora del <a href=\"http:\/\/ub.edu\/cultural\/\">Programa de Gesti\u00f3 Cultural de la Universitat de Barcelona<\/a>.\u00a0 Aqu\u00ed van:<\/span><\/p>\n<h1><span style=\"font-size: 18pt; color: #0071cd;\"><strong><em>1- Monogr\u00e0fic Cultura i g\u00e8neres. Arts i professions. <\/em><\/strong><strong>Debats, revista de cultura, pol\u00edtica i societat. Coordinado por Marta Casals y\u00a0 <\/strong><strong>Anna Villarroya<\/strong><\/span><\/h1>\n<p><span style=\"font-size: 14pt;\">El primero de los dos n\u00fameros especiales que se centrar\u00e1n en la tem\u00e1tica de la cultura y los g\u00e9neros en la sociedad contempor\u00e1nea, poniendo \u00e9nfasis especialmente en el an\u00e1lisis de las desigualdades de g\u00e9nero en el \u00e1mbito cultural. En este monogr\u00e1fico, <strong>se analizan las escenas art\u00edsticas musicales, teatrales y de danza<\/strong> de diferentes pa\u00edses (Bangladesh, Bolivia, Brasil, Espa\u00f1a, Francia y Italia); <strong>las problem\u00e1ticas asociadas al trabajo cultural y art\u00edstico<\/strong>; <strong>y la brecha de g\u00e9nero existente<\/strong> en el acceso a recursos, bienes y servicios culturales y el rol de g\u00e9nero en la profesionalizaci\u00f3n de disciplinas del campo de la cultura. Los art\u00edculos son:<\/span><\/p>\n<p style=\"padding-left: 40px;\"><span style=\"font-size: 14pt;\">&#8211; Tino Carre\u00f1o y Anna Villarroya, \u201c<strong><em>Las desigualdades de g\u00e9nero en el mercado laboral de las artes esc\u00e9nicas<\/em><\/strong>\u201d, muestra, a partir de un an\u00e1lisis de encuesta, las desigualdades de g\u00e9nero que se manifiestan en el \u00e1mbito remunerativo en el sector de las artes esc\u00e9nicas en Espa\u00f1a.<\/span><\/p>\n<p style=\"padding-left: 40px;\"><span style=\"font-size: 14pt;\"><em>&#8211; <strong>Actrices j\u00f3venes en el entorno laboral: un an\u00e1lisis de las desigualdades de g\u00e9nero y poder en el sector teatral italiano<\/strong><\/em><strong>\u201d<\/strong>, de Emanuela Naclerio, que, a partir de un an\u00e1lisis cualitativo, analiza las experiencias de las j\u00f3venes actrices en el \u00e1mbito esc\u00e9nico italiano, considerando aspectos tanto est\u00e9ticos como emocionales relacionados con el trabajo teatral.<\/span><\/p>\n<p style=\"padding-left: 40px;\"><span style=\"font-size: 14pt;\"><em>&#8211; &#8220;<strong>El lugar de las mujeres en los teatros de S\u00e3o Paulo: de dramaturgas a int\u00e9rpretes<\/strong><\/em>\u201d se centra en la escena art\u00edstica teatral de la ciudad de S\u00e3o Paulo (Brasil) y pone el foco en las desigualdades en la ocupaci\u00f3n que sufren las mujeres.<\/span><\/p>\n<p style=\"padding-left: 40px;\"><span style=\"font-size: 14pt;\"><em>&#8211; <strong>&#8220;La paradoja del g\u00e9nero: la profesionalizaci\u00f3n de una forma de artes marciales tradicionales, Lathi Khela, en el contexto sociocultural de Bangladesh<\/strong><\/em><strong>\u201d<\/strong>, en el cual presenta una investigaci\u00f3n autoetnogr\u00e0fica sobre la tradici\u00f3n de la danza de artes marciales Lathi Khela, en Bangladesh.<\/span><\/p>\n<p style=\"padding-left: 40px;\"><span style=\"font-size: 14pt;\"><em>&#8211; <strong>&#8220;Macha Caporal: saltando brechas, encarnando resistencias<\/strong><\/em><strong>\u201d<\/strong>, centrada en la pr\u00e1ctica performativa llevada a cabo por los colectivos femeninos que se apropian de los movimientos y el vestuario del personaje masculino Macha Caporal, perteneciendo a la danza Caporales, tradicional de Bolivia.<\/span><\/p>\n<p style=\"padding-left: 40px;\"><span style=\"font-size: 14pt;\">&#8211; <strong>&#8220;<em>Bailar en la calle como empoderamiento feminista. El discurso coreogr\u00e1fico de los colectivos Bellywarda y El Arm\u00e9e des Roses<\/em>\u201d<\/strong>, de Maria Patricio-Mulero, se centra en el an\u00e1lisis, a partir de entrevistas colectivas, del discurso coreogr\u00e1fico de los colectivos Bellywarda (FatChanceBellyDance\u00a9) y El Arm\u00e9e des Roses (canc\u00e1n), dos compa\u00f1\u00edas francesas comprometidas con la difusi\u00f3n del feminismo en la calle.<\/span><\/p>\n<p><span style=\"font-size: 14pt;\">Monogr\u00e0fic Cultura i g\u00e8neres. Arts i professions. Debats, revista de cultura, pol\u00edtica i societat.<\/span><br \/>\n<span style=\"font-size: 14pt;\"><a href=\"https:\/\/revistadebats.net\/issue\/view\/423\">Acceder a la publicaci\u00f3n.<\/a><\/span><\/p>\n<h1><span style=\"font-size: 18pt; color: #0071cd;\"><em><strong>2 &#8211; Feminist perspectives and cultural policies in Barcelona. <\/strong><\/em><strong>Marta Casals y <\/strong><strong>Anna Villarroya<\/strong><\/span><\/h1>\n<p><span style=\"font-size: 14pt;\">Marta Casals y Anna Villarroya, firman esta interesante investigaci\u00f3n \u00a0que <strong>explora desde las perspectivas feministas \u00a0las pol\u00edticas culturales de la ciudad de Barcelona durante el per\u00edodo 2015-2019<\/strong>, tratando de identificar posibles resistencias a las pol\u00edticas culturales centradas en el g\u00e9nero. A partir de una revisi\u00f3n bibliogr\u00e1fica y de entrevistas con expertos en pol\u00edticas culturales y de g\u00e9nero, <strong>el art\u00edculo revela que las resistencias a las pol\u00edticas culturales centradas en el g\u00e9nero permanecen en la administraci\u00f3n cultural de la ciudad<\/strong>, a pesar de su discurso feminista.<\/span><\/p>\n<p><span style=\"font-size: 14pt;\">Hay dos razones clave para esta resistencia y para la falta de cambio en las pol\u00edticas culturales p\u00fablicas:<\/span><\/p>\n<p><span style=\"font-size: 14pt;\">1- La inercia en la organizaci\u00f3n de las de las pol\u00edticas culturales por parte del departamento responsable del Ayuntamiento y las grandes instituciones culturales, que est\u00e1n dominadas por <strong>culturas institucionales que protegen el privilegio y el poder masculino<\/strong>;<\/span><br \/>\n<span style=\"font-size: 14pt;\">2- La f<strong>alta de consideraci\u00f3n del movimiento feminista por parte del Ayuntamiento<\/strong> en el dise\u00f1o y desarrollo de las pol\u00edticas culturales.<\/span><\/p>\n<p><span style=\"font-size: 14pt;\"><em>Anna Villarroya &amp; Marta Casals-Balaguer (2022) Feminist perspectives and cultural policies in Barcelona, Cultural Trends.<\/em><\/span><br \/>\n<span style=\"font-size: 14pt;\"><a href=\"https:\/\/www.tandfonline.com\/doi\/full\/10.1080\/09548963.2022.2070725\">Acceder a la publicaci\u00f3n.<\/a><\/span><\/p>\n<h1><span style=\"font-size: 18pt; color: #0071cd;\"><strong><em>3- Perception of the barriers to women\u2019s professional development in the cultural sector: A gender perspective study.<\/em> Anna Villarroya, Maite Barrios.<\/strong><\/span><\/h1>\n<p><span style=\"font-size: 14pt;\">Este estudio explora las percepciones de mujeres y hombres sobre las barreras espec\u00edficas que impiden a las mujeres participar plenamente en el mercado laboral cultural.\u00a0 Dichas percepciones son el <strong>resultado de la opini\u00f3n de los 375 profesionales que participaron en la encuesta realizada.<\/strong><\/span><\/p>\n<p><span style=\"font-size: 14pt;\">Tanto hombres como mujeres, apuntan a \u00a0las dificultades asociadas a la conciliaci\u00f3n de la vida laboral y familiar como como el principal obst\u00e1culo que impide a las mujeres participar en algunos campos culturales espec\u00edficos y ascender a puestos de decisi\u00f3n. Sin embargo, los<\/span><\/p>\n<p><span style=\"font-size: 14pt;\">Sin embargo, las percepciones de las barreras que afectan al reconocimiento de los logros profesionales de las mujeres difieren mucho entre hombres y mujeres. Mientras que<strong> los hombres hacen m\u00e1s hincapi\u00e9 en las cuestiones de conciliaci\u00f3n de la vida laboral y familiar, las mujeres mencionan con m\u00e1s frecuencia la existencia de un techo de cristal y su exclusi\u00f3n de las redes de influencia.<\/strong><\/span><\/p>\n<p><span style=\"font-size: 14pt;\">Villarroya A, Barrios M. Perception of the barriers to women\u2019s professional development in the cultural sector: A gender perspective study. European Journal of Women\u2019s Studies. May 2022.<\/span><br \/>\n<span style=\"font-size: 14pt;\"><a href=\"https:\/\/journals.sagepub.com\/doi\/10.1177\/13505068221092279\">Acceder a la publicaci\u00f3n.<\/a><\/span><\/p>\n<h1><span style=\"font-size: 18pt; color: #0071cd;\"><em><strong>4- Butllet\u00ed de novetats de la Biblioteca central. N\u00fam. especial: diversitat cultural<\/strong><\/em><\/span><\/h1>\n<p><span style=\"font-size: 14pt;\">Por \u00faltimo, y m\u00e1s all\u00e1 de las cuestiones de g\u00e9nero, <strong>no podemos dejar de recomendar el n\u00famero especial sobre Diversidad cultural de la Biblioteca p\u00fablica de Catalunya,<\/strong> que tambi\u00e9n han coordinado Anna Villarroya y Marta Casals.<\/span><br \/>\n<span style=\"font-size: 14pt;\">Lo pod\u00e9is encontrar <a href=\"https:\/\/drac.cultura.gencat.cat\/handle\/20.500.12368\/30910#page=4\">aqu\u00ed<\/a>.<\/span><\/p>\n<p>&nbsp;<\/p>\n<p>Foto de <a href=\"https:\/\/unsplash.com\/@malegs?utm_source=unsplash&amp;utm_medium=referral&amp;utm_content=creditCopyText\">Malena Gonzalez Serena<\/a> en <a href=\"https:\/\/unsplash.com\/es\/s\/fotos\/sector-cultural?utm_source=unsplash&amp;utm_medium=referral&amp;utm_content=creditCopyText\">Unsplash<\/a><\/p>\n<h1><span style=\"font-size: 18pt; color: #0071cd;\">Suscr\u00edbete a nuestra newsletter <a style=\"color: #0071cd;\" href=\"https:\/\/www.ub.edu\/cultural\/newsletter-programa-gestio-cultural\/?lang=es\">aqu\u00ed<\/a>.<\/span><\/h1>\n<p>&nbsp;<\/p>\n<p>&nbsp;<\/p>\n<p>&nbsp;<\/p>\n<p>&nbsp;<\/p>\n","protected":false},"excerpt":{"rendered":"<p>Es bien sabido que la cuesti\u00f3n de <a href=\"https:\/\/www.ub.edu\/cultural\/ultimos-estudios-y-articulos-sobre-genero-y-cultura\/\"><\/a><\/p>\n","protected":false},"author":6,"featured_media":17637,"comment_status":"closed","ping_status":"closed","sticky":false,"template":"","format":"standard","meta":{"_acf_changed":false,"_monsterinsights_skip_tracking":false,"_monsterinsights_sitenote_active":false,"_monsterinsights_sitenote_note":"","_monsterinsights_sitenote_category":0,"footnotes":""},"categories":[300],"tags":[],"class_list":["post-17613","post","type-post","status-publish","format-standard","has-post-thumbnail","hentry","category-noticies"],"acf":[],"yoast_head":"<!-- This site is optimized with the Yoast SEO plugin v23.7 - https:\/\/yoast.com\/wordpress\/plugins\/seo\/ -->\n<title>Not\u00edcies | Universitat de Barcelona<\/title>\n<meta name=\"description\" content=\"Es bien sabido que la cuesti\u00f3n de g\u00e9nero es uno de los aspcectos transversales y de actualidad en las industrias creativas y culturales. No solo en la\" \/>\n<meta name=\"robots\" content=\"index, follow, max-snippet:-1, max-image-preview:large, max-video-preview:-1\" \/>\n<link rel=\"canonical\" href=\"https:\/\/www.ub.edu\/cultural\/ultimos-estudios-y-articulos-sobre-genero-y-cultura\/\" \/>\n<meta property=\"og:locale\" content=\"ca_ES\" \/>\n<meta property=\"og:type\" content=\"article\" \/>\n<meta property=\"og:title\" content=\"\u00daltimos estudios y art\u00edculos sobre g\u00e9nero y cultura. Programa Gesti\u00f3 cultural UB\" \/>\n<meta property=\"og:description\" content=\"Es bien sabido que la cuesti\u00f3n de g\u00e9nero es uno de los aspcectos transversales y de actualidad en las industrias creativas y culturales. No solo en la\" \/>\n<meta property=\"og:url\" content=\"https:\/\/www.ub.edu\/cultural\/ultimos-estudios-y-articulos-sobre-genero-y-cultura\/\" \/>\n<meta property=\"og:site_name\" content=\"Programa de Gesti\u00f3 Cultural\" \/>\n<meta property=\"article:publisher\" content=\"https:\/\/www.facebook.com\/ProgramaGestioCulturalUB\" \/>\n<meta property=\"article:published_time\" content=\"2022-05-30T11:33:00+00:00\" \/>\n<meta property=\"og:image\" content=\"https:\/\/www.ub.edu\/cultural\/wp-content\/uploads\/2022\/05\/malena-gonzalez-serena-IwJj1LY9fs4-unsplash.jpg\" \/>\n\t<meta property=\"og:image:width\" content=\"1920\" \/>\n\t<meta property=\"og:image:height\" content=\"1280\" \/>\n\t<meta property=\"og:image:type\" content=\"image\/jpeg\" \/>\n<meta name=\"author\" content=\"comunicacio\" \/>\n<meta name=\"twitter:card\" content=\"summary_large_image\" \/>\n<meta name=\"twitter:title\" content=\"\u00daltimos estudios y art\u00edculos sobre g\u00e9nero y cultura. Programa Gesti\u00f3 Cultural.\" \/>\n<meta name=\"twitter:image\" content=\"https:\/\/www.ub.edu\/cultural\/wp-content\/uploads\/2022\/05\/malena-gonzalez-serena-IwJj1LY9fs4-unsplash.jpg\" \/>\n<meta name=\"twitter:creator\" content=\"@gculturalUB\" \/>\n<meta name=\"twitter:site\" content=\"@gculturalUB\" \/>\n<meta name=\"twitter:label1\" content=\"Escrit per\" \/>\n\t<meta name=\"twitter:data1\" content=\"comunicacio\" \/>\n\t<meta name=\"twitter:label2\" content=\"Temps estimat de lectura\" \/>\n\t<meta name=\"twitter:data2\" content=\"5 minuts\" \/>\n<script type=\"application\/ld+json\" class=\"yoast-schema-graph\">{\"@context\":\"https:\/\/schema.org\",\"@graph\":[{\"@type\":\"WebPage\",\"@id\":\"https:\/\/www.ub.edu\/cultural\/ultimos-estudios-y-articulos-sobre-genero-y-cultura\/\",\"url\":\"https:\/\/www.ub.edu\/cultural\/ultimos-estudios-y-articulos-sobre-genero-y-cultura\/\",\"name\":\"Not\u00edcies | Universitat de Barcelona\",\"isPartOf\":{\"@id\":\"https:\/\/www.ub.edu\/cultural\/#website\"},\"primaryImageOfPage\":{\"@id\":\"https:\/\/www.ub.edu\/cultural\/ultimos-estudios-y-articulos-sobre-genero-y-cultura\/#primaryimage\"},\"image\":{\"@id\":\"https:\/\/www.ub.edu\/cultural\/ultimos-estudios-y-articulos-sobre-genero-y-cultura\/#primaryimage\"},\"thumbnailUrl\":\"https:\/\/www.ub.edu\/cultural\/wp-content\/uploads\/2022\/05\/malena-gonzalez-serena-IwJj1LY9fs4-unsplash.jpg\",\"datePublished\":\"2022-05-30T11:33:00+00:00\",\"dateModified\":\"2022-05-30T11:33:00+00:00\",\"author\":{\"@id\":\"https:\/\/www.ub.edu\/cultural\/#\/schema\/person\/bf14b868d3ab8f443da68ace81db5630\"},\"description\":\"Es bien sabido que la cuesti\u00f3n de g\u00e9nero es uno de los aspcectos transversales y de actualidad en las industrias creativas y culturales. No solo en la\",\"breadcrumb\":{\"@id\":\"https:\/\/www.ub.edu\/cultural\/ultimos-estudios-y-articulos-sobre-genero-y-cultura\/#breadcrumb\"},\"inLanguage\":\"ca\",\"potentialAction\":[{\"@type\":\"ReadAction\",\"target\":[\"https:\/\/www.ub.edu\/cultural\/ultimos-estudios-y-articulos-sobre-genero-y-cultura\/\"]}]},{\"@type\":\"ImageObject\",\"inLanguage\":\"ca\",\"@id\":\"https:\/\/www.ub.edu\/cultural\/ultimos-estudios-y-articulos-sobre-genero-y-cultura\/#primaryimage\",\"url\":\"https:\/\/www.ub.edu\/cultural\/wp-content\/uploads\/2022\/05\/malena-gonzalez-serena-IwJj1LY9fs4-unsplash.jpg\",\"contentUrl\":\"https:\/\/www.ub.edu\/cultural\/wp-content\/uploads\/2022\/05\/malena-gonzalez-serena-IwJj1LY9fs4-unsplash.jpg\",\"width\":1920,\"height\":1280,\"caption\":\"\u00daltimos estudios y art\u00edculos sobre g\u00e9nero y cultura.\"},{\"@type\":\"BreadcrumbList\",\"@id\":\"https:\/\/www.ub.edu\/cultural\/ultimos-estudios-y-articulos-sobre-genero-y-cultura\/#breadcrumb\",\"itemListElement\":[{\"@type\":\"ListItem\",\"position\":1,\"name\":\"Inici\",\"item\":\"https:\/\/www.ub.edu\/cultural\/\"},{\"@type\":\"ListItem\",\"position\":2,\"name\":\"\u00daltimos estudios y art\u00edculos sobre g\u00e9nero y cultura.\"}]},{\"@type\":\"WebSite\",\"@id\":\"https:\/\/www.ub.edu\/cultural\/#website\",\"url\":\"https:\/\/www.ub.edu\/cultural\/\",\"name\":\"Programa de Gesti\u00f3 Cultural\",\"description\":\"Universitat de Barcelona\",\"potentialAction\":[{\"@type\":\"SearchAction\",\"target\":{\"@type\":\"EntryPoint\",\"urlTemplate\":\"https:\/\/www.ub.edu\/cultural\/?s={search_term_string}\"},\"query-input\":{\"@type\":\"PropertyValueSpecification\",\"valueRequired\":true,\"valueName\":\"search_term_string\"}}],\"inLanguage\":\"ca\"},{\"@type\":\"Person\",\"@id\":\"https:\/\/www.ub.edu\/cultural\/#\/schema\/person\/bf14b868d3ab8f443da68ace81db5630\",\"name\":\"comunicacio\",\"url\":\"https:\/\/www.ub.edu\/cultural\/author\/comunicacio\/\"}]}<\/script>\n<!-- \/ Yoast SEO plugin. -->","yoast_head_json":{"title":"Not\u00edcies | Universitat de Barcelona","description":"Es bien sabido que la cuesti\u00f3n de g\u00e9nero es uno de los aspcectos transversales y de actualidad en las industrias creativas y culturales. No solo en la","robots":{"index":"index","follow":"follow","max-snippet":"max-snippet:-1","max-image-preview":"max-image-preview:large","max-video-preview":"max-video-preview:-1"},"canonical":"https:\/\/www.ub.edu\/cultural\/ultimos-estudios-y-articulos-sobre-genero-y-cultura\/","og_locale":"ca_ES","og_type":"article","og_title":"\u00daltimos estudios y art\u00edculos sobre g\u00e9nero y cultura. Programa Gesti\u00f3 cultural UB","og_description":"Es bien sabido que la cuesti\u00f3n de g\u00e9nero es uno de los aspcectos transversales y de actualidad en las industrias creativas y culturales. No solo en la","og_url":"https:\/\/www.ub.edu\/cultural\/ultimos-estudios-y-articulos-sobre-genero-y-cultura\/","og_site_name":"Programa de Gesti\u00f3 Cultural","article_publisher":"https:\/\/www.facebook.com\/ProgramaGestioCulturalUB","article_published_time":"2022-05-30T11:33:00+00:00","og_image":[{"width":1920,"height":1280,"url":"https:\/\/www.ub.edu\/cultural\/wp-content\/uploads\/2022\/05\/malena-gonzalez-serena-IwJj1LY9fs4-unsplash.jpg","type":"image\/jpeg"}],"author":"comunicacio","twitter_card":"summary_large_image","twitter_title":"\u00daltimos estudios y art\u00edculos sobre g\u00e9nero y cultura. Programa Gesti\u00f3 Cultural.","twitter_image":"https:\/\/www.ub.edu\/cultural\/wp-content\/uploads\/2022\/05\/malena-gonzalez-serena-IwJj1LY9fs4-unsplash.jpg","twitter_creator":"@gculturalUB","twitter_site":"@gculturalUB","twitter_misc":{"Escrit per":"comunicacio","Temps estimat de lectura":"5 minuts"},"schema":{"@context":"https:\/\/schema.org","@graph":[{"@type":"WebPage","@id":"https:\/\/www.ub.edu\/cultural\/ultimos-estudios-y-articulos-sobre-genero-y-cultura\/","url":"https:\/\/www.ub.edu\/cultural\/ultimos-estudios-y-articulos-sobre-genero-y-cultura\/","name":"Not\u00edcies | Universitat de Barcelona","isPartOf":{"@id":"https:\/\/www.ub.edu\/cultural\/#website"},"primaryImageOfPage":{"@id":"https:\/\/www.ub.edu\/cultural\/ultimos-estudios-y-articulos-sobre-genero-y-cultura\/#primaryimage"},"image":{"@id":"https:\/\/www.ub.edu\/cultural\/ultimos-estudios-y-articulos-sobre-genero-y-cultura\/#primaryimage"},"thumbnailUrl":"https:\/\/www.ub.edu\/cultural\/wp-content\/uploads\/2022\/05\/malena-gonzalez-serena-IwJj1LY9fs4-unsplash.jpg","datePublished":"2022-05-30T11:33:00+00:00","dateModified":"2022-05-30T11:33:00+00:00","author":{"@id":"https:\/\/www.ub.edu\/cultural\/#\/schema\/person\/bf14b868d3ab8f443da68ace81db5630"},"description":"Es bien sabido que la cuesti\u00f3n de g\u00e9nero es uno de los aspcectos transversales y de actualidad en las industrias creativas y culturales. No solo en la","breadcrumb":{"@id":"https:\/\/www.ub.edu\/cultural\/ultimos-estudios-y-articulos-sobre-genero-y-cultura\/#breadcrumb"},"inLanguage":"ca","potentialAction":[{"@type":"ReadAction","target":["https:\/\/www.ub.edu\/cultural\/ultimos-estudios-y-articulos-sobre-genero-y-cultura\/"]}]},{"@type":"ImageObject","inLanguage":"ca","@id":"https:\/\/www.ub.edu\/cultural\/ultimos-estudios-y-articulos-sobre-genero-y-cultura\/#primaryimage","url":"https:\/\/www.ub.edu\/cultural\/wp-content\/uploads\/2022\/05\/malena-gonzalez-serena-IwJj1LY9fs4-unsplash.jpg","contentUrl":"https:\/\/www.ub.edu\/cultural\/wp-content\/uploads\/2022\/05\/malena-gonzalez-serena-IwJj1LY9fs4-unsplash.jpg","width":1920,"height":1280,"caption":"\u00daltimos estudios y art\u00edculos sobre g\u00e9nero y cultura."},{"@type":"BreadcrumbList","@id":"https:\/\/www.ub.edu\/cultural\/ultimos-estudios-y-articulos-sobre-genero-y-cultura\/#breadcrumb","itemListElement":[{"@type":"ListItem","position":1,"name":"Inici","item":"https:\/\/www.ub.edu\/cultural\/"},{"@type":"ListItem","position":2,"name":"\u00daltimos estudios y art\u00edculos sobre g\u00e9nero y cultura."}]},{"@type":"WebSite","@id":"https:\/\/www.ub.edu\/cultural\/#website","url":"https:\/\/www.ub.edu\/cultural\/","name":"Programa de Gesti\u00f3 Cultural","description":"Universitat de Barcelona","potentialAction":[{"@type":"SearchAction","target":{"@type":"EntryPoint","urlTemplate":"https:\/\/www.ub.edu\/cultural\/?s={search_term_string}"},"query-input":{"@type":"PropertyValueSpecification","valueRequired":true,"valueName":"search_term_string"}}],"inLanguage":"ca"},{"@type":"Person","@id":"https:\/\/www.ub.edu\/cultural\/#\/schema\/person\/bf14b868d3ab8f443da68ace81db5630","name":"comunicacio","url":"https:\/\/www.ub.edu\/cultural\/author\/comunicacio\/"}]}},"_links":{"self":[{"href":"https:\/\/www.ub.edu\/cultural\/wp-json\/wp\/v2\/posts\/17613"}],"collection":[{"href":"https:\/\/www.ub.edu\/cultural\/wp-json\/wp\/v2\/posts"}],"about":[{"href":"https:\/\/www.ub.edu\/cultural\/wp-json\/wp\/v2\/types\/post"}],"author":[{"embeddable":true,"href":"https:\/\/www.ub.edu\/cultural\/wp-json\/wp\/v2\/users\/6"}],"replies":[{"embeddable":true,"href":"https:\/\/www.ub.edu\/cultural\/wp-json\/wp\/v2\/comments?post=17613"}],"version-history":[{"count":18,"href":"https:\/\/www.ub.edu\/cultural\/wp-json\/wp\/v2\/posts\/17613\/revisions"}],"predecessor-version":[{"id":17658,"href":"https:\/\/www.ub.edu\/cultural\/wp-json\/wp\/v2\/posts\/17613\/revisions\/17658"}],"wp:featuredmedia":[{"embeddable":true,"href":"https:\/\/www.ub.edu\/cultural\/wp-json\/wp\/v2\/media\/17637"}],"wp:attachment":[{"href":"https:\/\/www.ub.edu\/cultural\/wp-json\/wp\/v2\/media?parent=17613"}],"wp:term":[{"taxonomy":"category","embeddable":true,"href":"https:\/\/www.ub.edu\/cultural\/wp-json\/wp\/v2\/categories?post=17613"},{"taxonomy":"post_tag","embeddable":true,"href":"https:\/\/www.ub.edu\/cultural\/wp-json\/wp\/v2\/tags?post=17613"}],"curies":[{"name":"wp","href":"https:\/\/api.w.org\/{rel}","templated":true}]}}