

 
{"id":10883,"date":"2023-05-03T11:41:26","date_gmt":"2023-05-03T09:41:26","guid":{"rendered":"https:\/\/www.ub.edu\/cusc\/?p=10883"},"modified":"2023-11-08T14:50:05","modified_gmt":"2023-11-08T12:50:05","slug":"presentem-els-actes-de-celebracio-dels-25-anys-del-cusc","status":"publish","type":"post","link":"https:\/\/www.ub.edu\/cusc\/presentem-els-actes-de-celebracio-dels-25-anys-del-cusc\/","title":{"rendered":"Presentem els actes de celebraci\u00f3 dels 25 anys del CUSC"},"content":{"rendered":"<p><img loading=\"lazy\" decoding=\"async\" class=\"wp-image-10891 alignright\" src=\"https:\/\/www.ub.edu\/cusc\/wp-content\/uploads\/2023\/05\/2023-Cartell-25-anys-CUSC-1-724x1024.png\" alt=\"\" width=\"354\" height=\"500\" srcset=\"https:\/\/www.ub.edu\/cusc\/wp-content\/uploads\/2023\/05\/2023-Cartell-25-anys-CUSC-1-724x1024.png 724w, https:\/\/www.ub.edu\/cusc\/wp-content\/uploads\/2023\/05\/2023-Cartell-25-anys-CUSC-1-212x300.png 212w, https:\/\/www.ub.edu\/cusc\/wp-content\/uploads\/2023\/05\/2023-Cartell-25-anys-CUSC-1-768x1086.png 768w, https:\/\/www.ub.edu\/cusc\/wp-content\/uploads\/2023\/05\/2023-Cartell-25-anys-CUSC-1-1086x1536.png 1086w, https:\/\/www.ub.edu\/cusc\/wp-content\/uploads\/2023\/05\/2023-Cartell-25-anys-CUSC-1-1448x2048.png 1448w, https:\/\/www.ub.edu\/cusc\/wp-content\/uploads\/2023\/05\/2023-Cartell-25-anys-CUSC-1-272x385.png 272w, https:\/\/www.ub.edu\/cusc\/wp-content\/uploads\/2023\/05\/2023-Cartell-25-anys-CUSC-1-144x204.png 144w\" sizes=\"auto, (max-width: 354px) 100vw, 354px\" \/> El <a href=\"https:\/\/www.ub.edu\/cusc\/\">CUSC\u2014Centre de Recerca en Socioling\u00fc\u00edstica i Comunicaci\u00f3 de la Universitat de Barcelona<\/a>, <strong>fundat l&#8217;any 1998, compleix 25 anys el 2023<\/strong>. Aprofitant aquesta avinentesa, s&#8217;han preparat un seguit d&#8217;activitats de celebraci\u00f3 que <a href=\"https:\/\/www.ub.edu\/cusc\/conferencia-amb-vicent-climent-ferrando-sobre-el-suport-de-la-unio-europea-a-les-llengues-regionals-i-minoritaries\/\">van iniciar-se el passat 20 d&#8217;abril<\/a> i s&#8217;allargaran fins al novembre de 2023, i que compten amb el <strong>suport del Vicerectorat de Relacions Institucionals, Comunicaci\u00f3 i Pol\u00edtica Ling\u00fc\u00edstica<\/strong> de la UB.<\/p>\n<p><strong>Dilluns 15 de maig<\/strong> tindr\u00e0 lloc el primer acte, una <strong>taula rodona<\/strong> per reflexionar sobre els motius per <strong>treballar a favor de la diversitat ling\u00fc\u00edstica<\/strong> amb representants\u00a0del CUSC-UB, el <a href=\"https:\/\/gela.cat\/\">Grup d&#8217;Estudi de Lleng\u00fces Amena\u00e7ades (GELA)<\/a>, <a href=\"https:\/\/www.linguapax.org\/\">Linguapax<\/a> i la <a href=\"https:\/\/socs.iec.cat\/\">Societat Catalana de Socioling\u00fc\u00edstica (SOCS)<\/a>. A continuaci\u00f3, <strong>dimarts 13 de juny<\/strong> el professor <strong>Conch\u00far \u00d3 Giollag\u00e1in<\/strong> (University of the Highland and Islands, Esc\u00f2cia) impartir\u00e0 la confer\u00e8ncia <strong>\u00abA New Conceptual Framework for Minority-Language Societal Dynamics: A Social-Linguistic Critique of the Limitations of Language Promotion\u00bb<\/strong>.<\/p>\n<p>Ja tornats de vacances, <strong>divendres 29 de setembre<\/strong> ser\u00e0 el torn de la professora <strong>Eva Cod\u00f3<\/strong> (Universitat Aut\u00f2noma de Barcelona), que pronunciar\u00e0 la pon\u00e8ncia inaugural del curs 2023\/2024 del <a href=\"https:\/\/www.ub.edu\/cusc\/formacio\/seminari-del-cusc\/\">seminari del CUSC-UB<\/a>, centrada en <strong>\u00abL\u2019angl\u00e8s a la Catalunya contempor\u00e0nia: apunts socioling\u00fc\u00edstics\u00bb<\/strong>. Finalment, <strong>divendres 10 de novembre<\/strong> s&#8217;ha programat una <strong>jornada d&#8217;intercanvi sobre el present i el futur de la recerca en socioling\u00fc\u00edstica i comunicaci\u00f3 a la Universitat de Barcelona<\/strong>. Amb el t\u00edtol <strong>\u00abQuina recerca fem al CUSC-UB?\u00bb<\/strong>, la jornada girar\u00e0 al voltant de la presentaci\u00f3 i discussi\u00f3 de projectes de recerca actius dirigits o amb participaci\u00f3 d\u2019investigadores i investigadors del centre, per identificar l\u00ednies comunes i possibles vies de col\u00b7laboraci\u00f3 per al futur.<\/p>\n<p>Tots els actes tindran lloc a la Sala de professors de l&#8217;Edifici Josep Carner de la <a href=\"https:\/\/goo.gl\/maps\/XxYfTE2EiJxB54FS6\">Facultat de Filologia i Comunicaci\u00f3<\/a> de la UB i s\u00f3n oberts al p\u00fablic.<\/p>\n<p>Estarem molt satisfets de poder comptar amb la vostra participaci\u00f3 per compartir aquesta celebraci\u00f3 amb totes i tots vosaltres. Trobareu tota la informaci\u00f3 sobre els actes a continuaci\u00f3.<\/p>\n<h3>Dilluns 15 de maig de 2023, 17:30 h, Sala de professors, Facultat de Filologia i Comunicaci\u00f3 UB<\/h3>\n<h2>\u00abPer qu\u00e8 defensem la diversitat ling\u00fc\u00edstica? Una visi\u00f3 des de les entitats i grups de recerca\u00bb<\/h2>\n<p>Amb la participaci\u00f3 de:<\/p>\n<ul>\n<li>Emili Boix-Fuster (CUSC\u2014Centre de Recerca en Socioling\u00fc\u00edstica i Comunicaci\u00f3, Universitat de Barcelona)<\/li>\n<li>Pere Comellas (Grup d\u2019Estudi de les Lleng\u00fces Amena\u00e7ades, UB)<\/li>\n<li>M\u00f2nica Pere\u00f1a (Linguapax)<\/li>\n<li>Maria Sabat\u00e9-Dalmau (Societat Catalana de Socioling\u00fc\u00edstica, IEC)<\/li>\n<li>Presenta i modera: Avel\u00b7l\u00ed Flors-Mas (CUSC-UB)<\/li>\n<\/ul>\n<p>En les accions i debats sobre la situaci\u00f3 i el futur de les lleng\u00fces als nostres pa\u00efsos es sol debatre molt sobre el que es fa i es deixa de fer, sobre el que s\u2019hauria de fer i sobre el que no ens deixen fer, etc. En aquests debats traspuen moltes mentalitats, sovint contraposades, envers les lleng\u00fces: integracionistes o utilitaristes, bab\u00e8liques o antibab\u00e8liques, neoliberals o ecologistes, assimilacionistes o resistencialistes&#8230; En aquesta taula rodona, el CUSC-UB proposa a altres entitats i grups de recerca aturar-se un moment, compartir i contrastar les nostres posicions i, sobretot, enraonar amb calma sobre els perqu\u00e8s de les nostres accions en pro de la diversitat ling\u00fc\u00edstica, tant en els pa\u00efsos de llengua catalana, com arreu del planeta, per assentar les nostres accions de futur sobre bases m\u00e9s s\u00f2lides i compartides.<\/p>\n<h4><img loading=\"lazy\" decoding=\"async\" class=\"aligncenter wp-image-10885 size-medium\" src=\"https:\/\/www.ub.edu\/cusc\/wp-content\/uploads\/2023\/05\/2023-Targeta-15-de-maig-25-anys-CUSC-300x211.png\" alt=\"\" width=\"300\" height=\"211\" srcset=\"https:\/\/www.ub.edu\/cusc\/wp-content\/uploads\/2023\/05\/2023-Targeta-15-de-maig-25-anys-CUSC-300x211.png 300w, https:\/\/www.ub.edu\/cusc\/wp-content\/uploads\/2023\/05\/2023-Targeta-15-de-maig-25-anys-CUSC-1024x722.png 1024w, https:\/\/www.ub.edu\/cusc\/wp-content\/uploads\/2023\/05\/2023-Targeta-15-de-maig-25-anys-CUSC-768x541.png 768w, https:\/\/www.ub.edu\/cusc\/wp-content\/uploads\/2023\/05\/2023-Targeta-15-de-maig-25-anys-CUSC-1536x1083.png 1536w, https:\/\/www.ub.edu\/cusc\/wp-content\/uploads\/2023\/05\/2023-Targeta-15-de-maig-25-anys-CUSC-2048x1444.png 2048w, https:\/\/www.ub.edu\/cusc\/wp-content\/uploads\/2023\/05\/2023-Targeta-15-de-maig-25-anys-CUSC-546x385.png 546w, https:\/\/www.ub.edu\/cusc\/wp-content\/uploads\/2023\/05\/2023-Targeta-15-de-maig-25-anys-CUSC-285x201.png 285w\" sizes=\"auto, (max-width: 300px) 100vw, 300px\" \/><\/h4>\n<h3>Dimarts 13 de juny de 2023, 17 h, Sala de professors , Facultat de Filologia i Comunicaci\u00f3 UB<\/h3>\n<h2>\u00abA New Conceptual Framework for Minority-Language Societal Dynamics: A Social-Linguistic Critique of the Limitations of Language Promotion\u00bb<\/h2>\n<p>Amb Conch\u00far \u00d3 Giollag\u00e1in (University of the Highland and Islands, Esc\u00f2cia). Presenta i modera: Montserrat Sendra (CUSC-UB)<\/p>\n<p>A partir de la seva experi\u00e8ncia investigadora i de dades dels contextos ga\u00e8lics d\u2019Irlanda i Esc\u00f2cia, el professor \u00d3 Giollag\u00e1in observa que les pol\u00edtiques ling\u00fc\u00edstiques s\u2019han centrat fins ara principalment en els camps educatiu, dels mitjans de comunicaci\u00f3 i de les arts, i en l\u2019\u00fas simb\u00f2lic de l\u2019irland\u00e8s i el ga\u00e8lic per part de l\u2019administraci\u00f3 p\u00fablica. Malgrat els \u00e8xits considerables en aquests sectors, les pol\u00edtiques socials m\u00e9s \u00e0mplies destinades a donar suport a l&#8217;\u00fas comunitari i social d\u2019aquestes lleng\u00fces continuen estant poc desenvolupades. Amb aquest punt de partida, el ponent presentar\u00e0 un nou marc conceptual sobre la din\u00e0mica social de les lleng\u00fces minorit\u00e0ries i plantejar\u00e0 una cr\u00edtica dels models de pol\u00edtica ling\u00fc\u00edstica centrats en la \u00abpromoci\u00f3 ling\u00fc\u00edstica\u00bb sectorial per\u00f2 que, en no abordar de manera satisfact\u00f2ria la protecci\u00f3 dels grups ling\u00fc\u00edstics existents, poden arribar a alienar-los de la pol\u00edtica ling\u00fc\u00edstica oficial.<\/p>\n<h3>Divendres 29 de setembre de 2023, 12 h, Sala de Professors , Facultat de Filologia i Comunicaci\u00f3 UB<\/h3>\n<h2>\u00abL\u2019angl\u00e8s a la Catalunya contempor\u00e0nia: apunts socioling\u00fc\u00edstics\u00bb<\/h2>\n<p>Amb Eva Cod\u00f3 (Universitat Aut\u00f2noma de Barcelona). Presenta i modera Emili Boix-Fuster (CUSC-UB)<\/p>\n<p>En aquesta pon\u00e8ncia inaugural del curs 2023\/2024 del \u00abSeminari de socioling\u00fc\u00edstica i pol\u00edtica ling\u00fc\u00edstica del CUSC-UB\u00bb, la professora Cod\u00f3 abordar\u00e0, a partir de la seva experi\u00e8ncia investigadora, la realitat de l\u2019angl\u00e8s a la Catalunya contempor\u00e0nia des d\u2019una \u00f2ptica socioling\u00fc\u00edstica. Al llarg de les darreres d\u00e8cades, factors com la mundialitzaci\u00f3, les din\u00e0miques neoliberalitzadores i les crisis econ\u00f2miques peri\u00f2diques, entre altres, han impulsat enormement l\u2019\u00fas de l\u2019angl\u00e8s a Catalunya i n\u2019han augmentat el valor. L\u2019angl\u00e8s ha esdevingut una llengua no marcada en molts \u00e0mbits de la societat catalana, malgrat les evidents desigualtats d\u2019acc\u00e9s per raons d\u2019edat, classe social, lloc de resid\u00e8ncia i nivell educatiu, entre d\u2019altres. En aquesta xerrada, partint de dades socioling\u00fc\u00edstiques i de la recerca de tipus discursiu i etnogr\u00e0fic duta a terme durant la darrera d\u00e8cada, Cod\u00f3 cartografiar\u00e0 les noves pr\u00e0ctiques d\u2019\u00fas, aprenentatge i (des)valoraci\u00f3 ling\u00fc\u00edstica relacionades amb l\u2019angl\u00e8s a Catalunya en diferents espais familiars, educatius i laborals. Al final de la pon\u00e8ncia, assenyalar\u00e0 alguns dels entorns socioling\u00fc\u00edstics que encara romanen poc estudiats.<\/p>\n<h3>Divendres 10 de novembre de 2023, 9:30 h, Sala de Professors, Facultat de Filologia i Comunicaci\u00f3 UB<\/h3>\n<h2>\u00abQuina recerca fem al CUSC-UB? Present i futur de la recerca en socioling\u00fc\u00edstica i comunicaci\u00f3 a la Universitat de Barcelona\u00bb<\/h2>\n<p>El CUSC-UB es va fundar el 1998 amb l\u2019objectiu de superar la fragmentaci\u00f3 dels estudis sobre llengua, societat i comunicaci\u00f3 en diferents departaments i facultats de la Universitat de Barcelona. Tal com ho plantejava Emili Boix-Fuster en el balan\u00e7 dels primers deu anys del centre, l\u2019objectiu era \u00abuna potenciaci\u00f3 supradepartamental de les diverses l\u00ednies de recerca en socioling\u00fc\u00edstica i en comunicaci\u00f3, fins ara de desenvolupament redu\u00eft i fragmentari a causa de la manca d\u2019espais formals comuns d\u2019encontre i de col\u00b7laboraci\u00f3 estable en l\u2019\u00e0mbit acad\u00e8mic\u00bb. 25 anys despr\u00e9s, el CUSC-UB ha fet molt de cam\u00ed i aportacions de pes en els \u00e0mbits d\u2019especialitat dels seus investigadors i investigadores, per\u00f2 encara afronta el repte de generar una conversa comuna entre les diferents l\u00ednies de recerca que hi concorren. L\u2019objectiu d\u2019aquesta jornada \u00e9s crear un espai d\u2019intercanvi entre membres del CUSC-UB i de la comunitat universit\u00e0ria a partir de la presentaci\u00f3 i discussi\u00f3 de projectes de recerca actius dirigits o amb participaci\u00f3 d\u2019investigadores i investigadors del centre, per identificar l\u00ednies comunes i possibles vies de col\u00b7laboraci\u00f3 per enfortir la recerca sobre llengua, societat i comunicaci\u00f3 a la UB.<\/p>\n","protected":false},"excerpt":{"rendered":"<p>El CUSC\u2014Centre de Recerca en Socioling\u00fc\u00edstica i Comunicaci\u00f3 de la Universitat de Barcelona, fundat l&#8217;any 1998, compleix 25 anys el 2023. Aprofitant aquesta avinentesa, s&#8217;han preparat un seguit d&#8217;activitats de [&hellip;]<\/p>\n","protected":false},"author":4,"featured_media":10898,"comment_status":"open","ping_status":"open","sticky":false,"template":"","format":"standard","meta":{"_acf_changed":false,"footnotes":""},"categories":[21,22],"tags":[456,524,528,518,494,526,163,534,536,486,464,39,530,532],"class_list":["post-10883","post","type-post","status-publish","format-standard","has-post-thumbnail","hentry","category-actes","category-actes-organitzats","tag-angles","tag-aniversari-cusc","tag-celebracio","tag-conferencia","tag-cusc","tag-cusc-25-anys","tag-cusc-ub","tag-diversitat-linguistica","tag-gaelic","tag-llengua-anglesa","tag-manteniment-linguistic","tag-politica-linguistica","tag-ponencia","tag-taula-rodona"],"acf":[],"_links":{"self":[{"href":"https:\/\/www.ub.edu\/cusc\/wp-json\/wp\/v2\/posts\/10883","targetHints":{"allow":["GET"]}}],"collection":[{"href":"https:\/\/www.ub.edu\/cusc\/wp-json\/wp\/v2\/posts"}],"about":[{"href":"https:\/\/www.ub.edu\/cusc\/wp-json\/wp\/v2\/types\/post"}],"author":[{"embeddable":true,"href":"https:\/\/www.ub.edu\/cusc\/wp-json\/wp\/v2\/users\/4"}],"replies":[{"embeddable":true,"href":"https:\/\/www.ub.edu\/cusc\/wp-json\/wp\/v2\/comments?post=10883"}],"version-history":[{"count":0,"href":"https:\/\/www.ub.edu\/cusc\/wp-json\/wp\/v2\/posts\/10883\/revisions"}],"wp:featuredmedia":[{"embeddable":true,"href":"https:\/\/www.ub.edu\/cusc\/wp-json\/wp\/v2\/media\/10898"}],"wp:attachment":[{"href":"https:\/\/www.ub.edu\/cusc\/wp-json\/wp\/v2\/media?parent=10883"}],"wp:term":[{"taxonomy":"category","embeddable":true,"href":"https:\/\/www.ub.edu\/cusc\/wp-json\/wp\/v2\/categories?post=10883"},{"taxonomy":"post_tag","embeddable":true,"href":"https:\/\/www.ub.edu\/cusc\/wp-json\/wp\/v2\/tags?post=10883"}],"curies":[{"name":"wp","href":"https:\/\/api.w.org\/{rel}","templated":true}]}}