

 
{"id":1160,"date":"2012-09-14T10:24:49","date_gmt":"2012-09-14T08:24:49","guid":{"rendered":"http:\/\/cuscub.wordpress.com\/?p=1160"},"modified":"2012-09-14T10:24:49","modified_gmt":"2012-09-14T08:24:49","slug":"crida-darticles-revista-lsc-llengua-societat-i-comunicacio-2","status":"publish","type":"post","link":"https:\/\/www.ub.edu\/cusc\/crida-darticles-revista-lsc-llengua-societat-i-comunicacio-2\/","title":{"rendered":"Crida d\u2019articles- Revista LSC, Llengua, Societat i Comunicaci\u00f3"},"content":{"rendered":"<p style=\"text-align:justify;\"><strong>N\u00famero 11: \u201c<\/strong>llengua i complexitat\u201d<strong> (2013)<\/strong><\/p>\n<p style=\"text-align:justify;\"><strong><em>Llengua, societat i comunicaci\u00f3 <\/em><\/strong>\u00e9s una revista electr\u00f2nica de periodicitat anual que t\u00e9 l\u2019objectiu de difondre treballs centrats en la interf\u00edcie entre llengua i societat. La proposta de la revista t\u00e9 la voluntat expressa de transferir el coneixement interdisciplinari entre llengua i societat a la comunitat cient\u00edfica i tamb\u00e9 a la societat. D\u2019aquesta manera, i at\u00e8s que l\u2019\u00e0mbit en qu\u00e8 es mou la revista \u00e9s interdisciplinari i molt sovint les \u00e0rees que s\u2019hi aborden estan incomunicades, el prop\u00f2sit central de la revista \u00e9s presentar diferents estats de la q\u00fcesti\u00f3 sobre diferents connexions entre la llengua i la societat en un sentit ampli. Podeu accedir al contingut de la revista a <a href=\"http:\/\/revistes.ub.edu\/index.php\/LSC\">http:\/\/revistes.ub.edu\/index.php\/LSC<\/a><\/p>\n<p style=\"text-align:justify;\">El tema previst per al proper n\u00famero de la revista \u00e9s <strong>Llengua i complexitat<\/strong> (per a m\u00e9s informaci\u00f3 sobre el tema vegeu <a href=\"http:\/\/www.ub.edu\/complexitat\/\">http:\/\/www.ub.edu\/complexitat\/<\/a>). La data m\u00e0xima per a la recepci\u00f3 d\u2019articles \u00e9s el <strong>20 de febrer de 2013<\/strong>. Podeu enviar els articles mitjan\u00e7ant l\u2019enlla\u00e7 seg\u00fcent:<\/p>\n<p style=\"text-align:justify;\"><a href=\"http:\/\/revistes.ub.edu\/index.php\/LSC\/about\/submissions#onlineSubmissions\">http:\/\/revistes.ub.edu\/index.php\/LSC\/about\/submissions#onlineSubmissions<\/a><\/p>\n","protected":false},"excerpt":{"rendered":"<p>N\u00famero 11: \u201cllengua i complexitat\u201d (2013) Llengua, societat i comunicaci\u00f3 \u00e9s una revista electr\u00f2nica de periodicitat anual que t\u00e9 l\u2019objectiu de difondre treballs centrats en la interf\u00edcie entre llengua i [&hellip;]<\/p>\n","protected":false},"author":2,"featured_media":0,"comment_status":"open","ping_status":"open","sticky":false,"template":"","format":"standard","meta":{"_acf_changed":false,"footnotes":""},"categories":[19,25],"tags":[],"class_list":["post-1160","post","type-post","status-publish","format-standard","hentry","category-publicacions","category-recursos"],"acf":[],"_links":{"self":[{"href":"https:\/\/www.ub.edu\/cusc\/wp-json\/wp\/v2\/posts\/1160","targetHints":{"allow":["GET"]}}],"collection":[{"href":"https:\/\/www.ub.edu\/cusc\/wp-json\/wp\/v2\/posts"}],"about":[{"href":"https:\/\/www.ub.edu\/cusc\/wp-json\/wp\/v2\/types\/post"}],"author":[{"embeddable":true,"href":"https:\/\/www.ub.edu\/cusc\/wp-json\/wp\/v2\/users\/2"}],"replies":[{"embeddable":true,"href":"https:\/\/www.ub.edu\/cusc\/wp-json\/wp\/v2\/comments?post=1160"}],"version-history":[{"count":0,"href":"https:\/\/www.ub.edu\/cusc\/wp-json\/wp\/v2\/posts\/1160\/revisions"}],"wp:attachment":[{"href":"https:\/\/www.ub.edu\/cusc\/wp-json\/wp\/v2\/media?parent=1160"}],"wp:term":[{"taxonomy":"category","embeddable":true,"href":"https:\/\/www.ub.edu\/cusc\/wp-json\/wp\/v2\/categories?post=1160"},{"taxonomy":"post_tag","embeddable":true,"href":"https:\/\/www.ub.edu\/cusc\/wp-json\/wp\/v2\/tags?post=1160"}],"curies":[{"name":"wp","href":"https:\/\/api.w.org\/{rel}","templated":true}]}}