

 
{"id":12153,"date":"2025-07-04T09:14:37","date_gmt":"2025-07-04T07:14:37","guid":{"rendered":"https:\/\/www.ub.edu\/cusc\/?p=12153"},"modified":"2025-07-04T09:15:47","modified_gmt":"2025-07-04T07:15:47","slug":"participacio-al-vii-simposi-ediso-a-bilbao","status":"publish","type":"post","link":"https:\/\/www.ub.edu\/cusc\/participacio-al-vii-simposi-ediso-a-bilbao\/","title":{"rendered":"Participaci\u00f3 al VII Simposi EDiSo a Bilbao"},"content":{"rendered":"\n<p>Entre el 2 i el 4 de juliol de 2024, diferents investigadors i investigadores del projecte AMRELSE han participat en el <a href=\"https:\/\/www.edisoportal.org\/es\/simposium\/vii-simposio-internacional-ediso-2025\" data-type=\"link\" data-id=\"https:\/\/www.edisoportal.org\/es\/simposium\/vii-simposio-internacional-ediso-2025\" target=\"_blank\" rel=\"noreferrer noopener\">VII Simposi Internacional EDiSO<\/a>, organitzat per l&#8217;Associaci\u00f3 d&#8217;Estudis sobre Discurs i Societat (EDiSo), i que ha tingut lloc a la seu de Bilbao de la Euskal Herriko Unibertsitatea.<\/p>\n\n\n\n<p>En concret, s&#8217;hi ha presentat un panel tem\u00e0tic sobre &#8220;Politiques ling\u00fcistiques familiars i sozialitzaci\u00f3 amb iguals dels descendents en contextos d&#8217;alta minoritzatci\u00f3: de les perspectives micro a les meso&#8221;, centrat en q\u00fcestions clau per als objectius del project com l&#8217;ag\u00e8ncia i la negociaci\u00f3 de la socialitzaci\u00f3 ling\u00fc\u00edstica entre progenitors i adolescents, i la integraci\u00f3 de perspectives i m\u00e8todes micro i mesocials (entrevistes i an\u00e0lisi de xarxes). En el panel s&#8217;hi han presentat les seg\u00fcents comunicacions, seguides d&#8217;una discussi\u00f3 a c\u00e0rrec d&#8217;Ane Ortega:<\/p>\n\n\n\n<ul class=\"wp-block-list\">\n<li>Xabier Benavides da Vila, Benigno Fern\u00e1ndez Salgado i Ana Iglesias \u00c1lvarez (Universidade de Vigo): &#8220;Sobre las ideas que acompa\u00f1an a las pr\u00e1cticas y gesti\u00f3n de la pol\u00edtica ling\u00fc\u00edstica familiar del gallego en contextos urbanos altamente minorizados&#8221;<\/li>\n\n\n\n<li>Ibon Manterola, Ane Ega\u00f1a &amp; Maite Garc\u00eda-Ruiz (Euskal Herriko Unibertsitatea, UPV\/EHU): &#8220;Desarrollo y transformaci\u00f3n de la agencia parental y adolescente en las pr\u00e1cticas ling\u00fc\u00edsticas en<br>euskera dentro y fuera de la familia&#8221;<\/li>\n\n\n\n<li>Avel\u00b7l\u00ed Flors-Mas (Universitat Rovira i Virgili), Cristina Illamola (Universitat de Barcelona) i Raquel Casesnoves (Universitat de Val\u00e8ncia): &#8220;Ag\u00e8ncia i negociaci\u00f3 de les estrat\u00e8gies de socialitzaci\u00f3 en catal\u00e0 en fam\u00edlies de Val\u00e8ncia i l\u2019Hospitalet de Lobregat: integrant les perspectives meso- i microsocials&#8221;<\/li>\n\n\n\n<li>Jordi Su\u00efls, Helena Torres-Purroy i Mariona Albereda (Universitat de Lleida): &#8220;Evoluci\u00f3 de les pr\u00e0ctiques ling\u00fc\u00edstiques en context occit\u00e0. La Vall d\u2019Aran i les valls occitanes del Piemont&#8221;<\/li>\n<\/ul>\n\n\n\n<figure class=\"wp-block-gallery has-nested-images columns-default is-cropped wp-block-gallery-1 is-layout-flex wp-block-gallery-is-layout-flex\">\n<figure class=\"wp-block-image size-large\"><img loading=\"lazy\" decoding=\"async\" width=\"1024\" height=\"618\" data-id=\"12160\" src=\"https:\/\/www.ub.edu\/cusc\/wp-content\/uploads\/2025\/07\/AMRELSE-EDiSo-1-1024x618.jpeg\" alt=\"\" class=\"wp-image-12160\" srcset=\"https:\/\/www.ub.edu\/cusc\/wp-content\/uploads\/2025\/07\/AMRELSE-EDiSo-1-1024x618.jpeg 1024w, https:\/\/www.ub.edu\/cusc\/wp-content\/uploads\/2025\/07\/AMRELSE-EDiSo-1-300x181.jpeg 300w, https:\/\/www.ub.edu\/cusc\/wp-content\/uploads\/2025\/07\/AMRELSE-EDiSo-1-768x464.jpeg 768w, https:\/\/www.ub.edu\/cusc\/wp-content\/uploads\/2025\/07\/AMRELSE-EDiSo-1-1536x927.jpeg 1536w, https:\/\/www.ub.edu\/cusc\/wp-content\/uploads\/2025\/07\/AMRELSE-EDiSo-1-638x385.jpeg 638w, https:\/\/www.ub.edu\/cusc\/wp-content\/uploads\/2025\/07\/AMRELSE-EDiSo-1-285x172.jpeg 285w, https:\/\/www.ub.edu\/cusc\/wp-content\/uploads\/2025\/07\/AMRELSE-EDiSo-1.jpeg 1600w\" sizes=\"auto, (max-width: 1024px) 100vw, 1024px\" \/><\/figure>\n\n\n\n<figure class=\"wp-block-image size-large\"><img loading=\"lazy\" decoding=\"async\" width=\"1024\" height=\"968\" data-id=\"12157\" src=\"https:\/\/www.ub.edu\/cusc\/wp-content\/uploads\/2025\/07\/AMRELSE-EDiSo-3-1024x968.jpeg\" alt=\"\" class=\"wp-image-12157\" srcset=\"https:\/\/www.ub.edu\/cusc\/wp-content\/uploads\/2025\/07\/AMRELSE-EDiSo-3-1024x968.jpeg 1024w, https:\/\/www.ub.edu\/cusc\/wp-content\/uploads\/2025\/07\/AMRELSE-EDiSo-3-300x283.jpeg 300w, https:\/\/www.ub.edu\/cusc\/wp-content\/uploads\/2025\/07\/AMRELSE-EDiSo-3-768x726.jpeg 768w, https:\/\/www.ub.edu\/cusc\/wp-content\/uploads\/2025\/07\/AMRELSE-EDiSo-3-1536x1451.jpeg 1536w, https:\/\/www.ub.edu\/cusc\/wp-content\/uploads\/2025\/07\/AMRELSE-EDiSo-3-49x46.jpeg 49w, https:\/\/www.ub.edu\/cusc\/wp-content\/uploads\/2025\/07\/AMRELSE-EDiSo-3-407x385.jpeg 407w, https:\/\/www.ub.edu\/cusc\/wp-content\/uploads\/2025\/07\/AMRELSE-EDiSo-3-216x204.jpeg 216w, https:\/\/www.ub.edu\/cusc\/wp-content\/uploads\/2025\/07\/AMRELSE-EDiSo-3.jpeg 1599w\" sizes=\"auto, (max-width: 1024px) 100vw, 1024px\" \/><\/figure>\n\n\n\n<figure class=\"wp-block-image size-large\"><img loading=\"lazy\" decoding=\"async\" width=\"1024\" height=\"768\" data-id=\"12158\" src=\"https:\/\/www.ub.edu\/cusc\/wp-content\/uploads\/2025\/07\/EHU-3-1024x768.jpg\" alt=\"\" class=\"wp-image-12158\" srcset=\"https:\/\/www.ub.edu\/cusc\/wp-content\/uploads\/2025\/07\/EHU-3-1024x768.jpg 1024w, https:\/\/www.ub.edu\/cusc\/wp-content\/uploads\/2025\/07\/EHU-3-300x225.jpg 300w, https:\/\/www.ub.edu\/cusc\/wp-content\/uploads\/2025\/07\/EHU-3-768x576.jpg 768w, https:\/\/www.ub.edu\/cusc\/wp-content\/uploads\/2025\/07\/EHU-3-1536x1152.jpg 1536w, https:\/\/www.ub.edu\/cusc\/wp-content\/uploads\/2025\/07\/EHU-3-513x385.jpg 513w, https:\/\/www.ub.edu\/cusc\/wp-content\/uploads\/2025\/07\/EHU-3-272x204.jpg 272w, https:\/\/www.ub.edu\/cusc\/wp-content\/uploads\/2025\/07\/EHU-3.jpg 2016w\" sizes=\"auto, (max-width: 1024px) 100vw, 1024px\" \/><\/figure>\n\n\n\n<figure class=\"wp-block-image size-large\"><img loading=\"lazy\" decoding=\"async\" width=\"1024\" height=\"768\" data-id=\"12159\" src=\"https:\/\/www.ub.edu\/cusc\/wp-content\/uploads\/2025\/07\/UB-UV-1-1-1024x768.jpg\" alt=\"\" class=\"wp-image-12159\" srcset=\"https:\/\/www.ub.edu\/cusc\/wp-content\/uploads\/2025\/07\/UB-UV-1-1-1024x768.jpg 1024w, https:\/\/www.ub.edu\/cusc\/wp-content\/uploads\/2025\/07\/UB-UV-1-1-300x225.jpg 300w, https:\/\/www.ub.edu\/cusc\/wp-content\/uploads\/2025\/07\/UB-UV-1-1-768x576.jpg 768w, https:\/\/www.ub.edu\/cusc\/wp-content\/uploads\/2025\/07\/UB-UV-1-1-1536x1152.jpg 1536w, https:\/\/www.ub.edu\/cusc\/wp-content\/uploads\/2025\/07\/UB-UV-1-1-513x385.jpg 513w, https:\/\/www.ub.edu\/cusc\/wp-content\/uploads\/2025\/07\/UB-UV-1-1-272x204.jpg 272w, https:\/\/www.ub.edu\/cusc\/wp-content\/uploads\/2025\/07\/UB-UV-1-1.jpg 2016w\" sizes=\"auto, (max-width: 1024px) 100vw, 1024px\" \/><\/figure>\n\n\n\n<figure class=\"wp-block-image size-large\"><img loading=\"lazy\" decoding=\"async\" width=\"472\" height=\"1024\" data-id=\"12156\" src=\"https:\/\/www.ub.edu\/cusc\/wp-content\/uploads\/2025\/07\/UdL-1-472x1024.jpeg\" alt=\"\" class=\"wp-image-12156\" srcset=\"https:\/\/www.ub.edu\/cusc\/wp-content\/uploads\/2025\/07\/UdL-1-472x1024.jpeg 472w, https:\/\/www.ub.edu\/cusc\/wp-content\/uploads\/2025\/07\/UdL-1-138x300.jpeg 138w, https:\/\/www.ub.edu\/cusc\/wp-content\/uploads\/2025\/07\/UdL-1-708x1536.jpeg 708w, https:\/\/www.ub.edu\/cusc\/wp-content\/uploads\/2025\/07\/UdL-1-177x385.jpeg 177w, https:\/\/www.ub.edu\/cusc\/wp-content\/uploads\/2025\/07\/UdL-1-94x204.jpeg 94w, https:\/\/www.ub.edu\/cusc\/wp-content\/uploads\/2025\/07\/UdL-1.jpeg 737w\" sizes=\"auto, (max-width: 472px) 100vw, 472px\" \/><\/figure>\n\n\n\n<figure class=\"wp-block-image size-large\"><img loading=\"lazy\" decoding=\"async\" width=\"1024\" height=\"768\" data-id=\"12161\" src=\"https:\/\/www.ub.edu\/cusc\/wp-content\/uploads\/2025\/07\/UVigo-2-1-1024x768.jpg\" alt=\"\" class=\"wp-image-12161\" srcset=\"https:\/\/www.ub.edu\/cusc\/wp-content\/uploads\/2025\/07\/UVigo-2-1-1024x768.jpg 1024w, https:\/\/www.ub.edu\/cusc\/wp-content\/uploads\/2025\/07\/UVigo-2-1-300x225.jpg 300w, https:\/\/www.ub.edu\/cusc\/wp-content\/uploads\/2025\/07\/UVigo-2-1-768x576.jpg 768w, https:\/\/www.ub.edu\/cusc\/wp-content\/uploads\/2025\/07\/UVigo-2-1-1536x1152.jpg 1536w, https:\/\/www.ub.edu\/cusc\/wp-content\/uploads\/2025\/07\/UVigo-2-1-513x385.jpg 513w, https:\/\/www.ub.edu\/cusc\/wp-content\/uploads\/2025\/07\/UVigo-2-1-272x204.jpg 272w, https:\/\/www.ub.edu\/cusc\/wp-content\/uploads\/2025\/07\/UVigo-2-1.jpg 2016w\" sizes=\"auto, (max-width: 1024px) 100vw, 1024px\" \/><\/figure>\n<\/figure>\n","protected":false},"excerpt":{"rendered":"<p>Entre el 2 i el 4 de juliol de 2024, diferents investigadors i investigadores del projecte AMRELSE han participat en el VII Simposi Internacional EDiSO, organitzat per l&#8217;Associaci\u00f3 d&#8217;Estudis sobre [&hellip;]<\/p>\n","protected":false},"author":4,"featured_media":12162,"comment_status":"open","ping_status":"open","sticky":false,"template":"","format":"standard","meta":{"_acf_changed":false,"footnotes":""},"categories":[937,27],"tags":[157,819],"class_list":["post-12153","post","type-post","status-publish","format-standard","has-post-thumbnail","hentry","category-amrelse","category-projectes","tag-politica-linguistica-familiar","tag-socialitzacio-linguistica"],"acf":[],"_links":{"self":[{"href":"https:\/\/www.ub.edu\/cusc\/wp-json\/wp\/v2\/posts\/12153","targetHints":{"allow":["GET"]}}],"collection":[{"href":"https:\/\/www.ub.edu\/cusc\/wp-json\/wp\/v2\/posts"}],"about":[{"href":"https:\/\/www.ub.edu\/cusc\/wp-json\/wp\/v2\/types\/post"}],"author":[{"embeddable":true,"href":"https:\/\/www.ub.edu\/cusc\/wp-json\/wp\/v2\/users\/4"}],"replies":[{"embeddable":true,"href":"https:\/\/www.ub.edu\/cusc\/wp-json\/wp\/v2\/comments?post=12153"}],"version-history":[{"count":3,"href":"https:\/\/www.ub.edu\/cusc\/wp-json\/wp\/v2\/posts\/12153\/revisions"}],"predecessor-version":[{"id":12293,"href":"https:\/\/www.ub.edu\/cusc\/wp-json\/wp\/v2\/posts\/12153\/revisions\/12293"}],"wp:featuredmedia":[{"embeddable":true,"href":"https:\/\/www.ub.edu\/cusc\/wp-json\/wp\/v2\/media\/12162"}],"wp:attachment":[{"href":"https:\/\/www.ub.edu\/cusc\/wp-json\/wp\/v2\/media?parent=12153"}],"wp:term":[{"taxonomy":"category","embeddable":true,"href":"https:\/\/www.ub.edu\/cusc\/wp-json\/wp\/v2\/categories?post=12153"},{"taxonomy":"post_tag","embeddable":true,"href":"https:\/\/www.ub.edu\/cusc\/wp-json\/wp\/v2\/tags?post=12153"}],"curies":[{"name":"wp","href":"https:\/\/api.w.org\/{rel}","templated":true}]}}