

 
{"id":12388,"date":"2026-02-20T12:45:23","date_gmt":"2026-02-20T10:45:23","guid":{"rendered":"https:\/\/www.ub.edu\/cusc\/?p=12388"},"modified":"2026-02-20T12:45:26","modified_gmt":"2026-02-20T10:45:26","slug":"participacio-a-la-xxix-jornada-de-sociolinguistica-dalcoi-al-campus-dalcoi-de-la-upv","status":"publish","type":"post","link":"https:\/\/www.ub.edu\/cusc\/participacio-a-la-xxix-jornada-de-sociolinguistica-dalcoi-al-campus-dalcoi-de-la-upv\/","title":{"rendered":"Participaci\u00f3 a la XXIX Jornada de Socioling\u00fc\u00edstica d\u2019Alcoi al Campus d\u2019Alcoi de la UPV"},"content":{"rendered":"\n<p>La Jornada de Socioling\u00fc\u00edstica d\u2019Alcoi, que acull la Universitat Polit\u00e8cnica de Val\u00e8ncia des del 2002, debat cada any sobre un tema relacionat amb la socioling\u00fc\u00edstica, no sols des d\u2019un marc te\u00f2ric sin\u00f3 tamb\u00e9 aplicat, amb experi\u00e8ncies i estrat\u00e8gies per a impulsar l\u2019\u00fas del valenci\u00e0 i, en general, de les lleng\u00fces minoritzades.<\/p>\n\n\n\n<p>La XXIX Jornada de Socioling\u00fc\u00edstica d\u2019Alcoi (<strong>27 i 28 de mar\u00e7<\/strong>), amb el subt\u00edtol\u00a0 \u201cEstrat\u00e8gies per a impulsar l\u2019\u00fas del valenci\u00e0 com a llengua pr\u00f2pia\u201d, assenyala com a objectiu el seg\u00fcent:\u00a0 \u201cconvida a reflexionar sobre l\u2019estat actual del valenci\u00e0 &#8211; la llengua pr\u00f2pia del nostre \u00e0mbit ling\u00fc\u00edstic &#8211;<em>,<\/em>\u00a0sotm\u00e8s a situacions de contraplanificaci\u00f3 ling\u00fc\u00edstica, ideol\u00f2gica, territorial i social. I alhora tamb\u00e9 convida a con\u00e8ixer i refor\u00e7ar les estrat\u00e8gies positives que impulsen el seu \u00fas, com ara el treball de\u00a0 les actituds a l\u2019aula, la creaci\u00f3 de continguts per a les xarxes socials, l\u2019assertivitat, les micropol\u00edtiques familiars, les experi\u00e8ncies en la sanitat o les campanyes socials, entre altres\u201d.<\/p>\n\n\n\n<p>En el programa s\u2019inclouen intervencions amb persones expertes de les universitats com Miquel \u00c0ngel Pradilla, Joan Borja, Vicent Brotons, Jordi Antol\u00ed, Al\u00edcia Mart\u00ed i Llu\u00eds Catal\u00e0 (<strong>membre del projecte AMRELSE<\/strong>);\u00a0 l\u2019ensenyament mitj\u00e0, com Francesc Gisbert; la comunicaci\u00f3, com els influenciadors Blanca Trull i Pau Guzman; les AVIVA, com Dolors Sanchis; la sanitat, com Josep Manuel Molt\u00f3, i la psicologia i els h\u00e0bits ling\u00fc\u00edstics, com Gemma Sangin\u00e9s. Aquesta n\u00f2mina \u00e9s una mostra completa de la diversitat de contextos i experteses, com \u00e9s la t\u00f2nica dominant de la Jornada.<\/p>\n\n\n\n<p>El termini d\u2019inscripci\u00f3 <strong>finalitza el 25 de mar\u00e7 de 2026.<\/strong> Podeu consultar el programa m\u00e9s avall. M\u00e9s informaci\u00f3 i inscripci\u00f3:\u00a0<strong><a href=\"https:\/\/www.upv.es\/contenidos\/josociol\/jornada-2025-2\/\" data-type=\"link\" data-id=\"https:\/\/www.upv.es\/contenidos\/josociol\/jornada-2025-2\/\">www.sociolinguistica.eu<\/a><\/strong><\/p>\n\n\n<div class=\"wp-block-image\">\n<figure class=\"aligncenter size-large is-resized\"><img loading=\"lazy\" decoding=\"async\" width=\"724\" height=\"1024\" src=\"https:\/\/www.ub.edu\/cusc\/wp-content\/uploads\/2026\/02\/Cartell-XXIX-Jornada-724x1024.jpg\" alt=\"\" class=\"wp-image-12391\" style=\"width:756px;height:auto\" srcset=\"https:\/\/www.ub.edu\/cusc\/wp-content\/uploads\/2026\/02\/Cartell-XXIX-Jornada-724x1024.jpg 724w, https:\/\/www.ub.edu\/cusc\/wp-content\/uploads\/2026\/02\/Cartell-XXIX-Jornada-212x300.jpg 212w, https:\/\/www.ub.edu\/cusc\/wp-content\/uploads\/2026\/02\/Cartell-XXIX-Jornada-768x1086.jpg 768w, https:\/\/www.ub.edu\/cusc\/wp-content\/uploads\/2026\/02\/Cartell-XXIX-Jornada-272x385.jpg 272w, https:\/\/www.ub.edu\/cusc\/wp-content\/uploads\/2026\/02\/Cartell-XXIX-Jornada-144x204.jpg 144w, https:\/\/www.ub.edu\/cusc\/wp-content\/uploads\/2026\/02\/Cartell-XXIX-Jornada.jpg 905w\" sizes=\"auto, (max-width: 724px) 100vw, 724px\" \/><\/figure><\/div>\n\n\n<p class=\"has-small-font-size\">* Informaci\u00f3 extreta parcialment del web del <a href=\"https:\/\/www.upv.es\/entidades\/spnl\/va\/2026\/02\/17\/el-27-i-28-de-marc-tindra-lloc-la-xxix-jornada-de-sociolinguistica-dalcoi-al-campus-dalcoi-de-la-upv\/\" data-type=\"link\" data-id=\"https:\/\/www.upv.es\/entidades\/spnl\/va\/2026\/02\/17\/el-27-i-28-de-marc-tindra-lloc-la-xxix-jornada-de-sociolinguistica-dalcoi-al-campus-dalcoi-de-la-upv\/\">Servei de Promoci\u00f3 i Normalitzaci\u00f3 Ling\u00fc\u00edstica<\/a> (SPNL).<\/p>\n\n\n\n<p class=\"has-medium-font-size\"><\/p>\n","protected":false},"excerpt":{"rendered":"<p>La Jornada de Socioling\u00fc\u00edstica d\u2019Alcoi, que acull la Universitat Polit\u00e8cnica de Val\u00e8ncia des del 2002, debat cada any sobre un tema relacionat amb la socioling\u00fc\u00edstica, no sols des d\u2019un marc [&hellip;]<\/p>\n","protected":false},"author":4,"featured_media":12389,"comment_status":"open","ping_status":"open","sticky":false,"template":"","format":"standard","meta":{"_acf_changed":false,"footnotes":""},"categories":[937,15,27],"tags":[635],"class_list":["post-12388","post","type-post","status-publish","format-standard","has-post-thumbnail","hentry","category-amrelse","category-noticies","category-projectes","tag-amrelse"],"acf":[],"_links":{"self":[{"href":"https:\/\/www.ub.edu\/cusc\/wp-json\/wp\/v2\/posts\/12388","targetHints":{"allow":["GET"]}}],"collection":[{"href":"https:\/\/www.ub.edu\/cusc\/wp-json\/wp\/v2\/posts"}],"about":[{"href":"https:\/\/www.ub.edu\/cusc\/wp-json\/wp\/v2\/types\/post"}],"author":[{"embeddable":true,"href":"https:\/\/www.ub.edu\/cusc\/wp-json\/wp\/v2\/users\/4"}],"replies":[{"embeddable":true,"href":"https:\/\/www.ub.edu\/cusc\/wp-json\/wp\/v2\/comments?post=12388"}],"version-history":[{"count":2,"href":"https:\/\/www.ub.edu\/cusc\/wp-json\/wp\/v2\/posts\/12388\/revisions"}],"predecessor-version":[{"id":12392,"href":"https:\/\/www.ub.edu\/cusc\/wp-json\/wp\/v2\/posts\/12388\/revisions\/12392"}],"wp:featuredmedia":[{"embeddable":true,"href":"https:\/\/www.ub.edu\/cusc\/wp-json\/wp\/v2\/media\/12389"}],"wp:attachment":[{"href":"https:\/\/www.ub.edu\/cusc\/wp-json\/wp\/v2\/media?parent=12388"}],"wp:term":[{"taxonomy":"category","embeddable":true,"href":"https:\/\/www.ub.edu\/cusc\/wp-json\/wp\/v2\/categories?post=12388"},{"taxonomy":"post_tag","embeddable":true,"href":"https:\/\/www.ub.edu\/cusc\/wp-json\/wp\/v2\/tags?post=12388"}],"curies":[{"name":"wp","href":"https:\/\/api.w.org\/{rel}","templated":true}]}}