

 
{"id":1310,"date":"2013-02-12T13:28:31","date_gmt":"2013-02-12T11:28:31","guid":{"rendered":"http:\/\/cuscub.wordpress.com\/?p=1310"},"modified":"2013-02-12T13:28:31","modified_gmt":"2013-02-12T11:28:31","slug":"xavier-vila-es-entrevistat-al-diari-basc-berria","status":"publish","type":"post","link":"https:\/\/www.ub.edu\/cusc\/xavier-vila-es-entrevistat-al-diari-basc-berria\/","title":{"rendered":"Xavier Vila entrevistat al diari basc Berria"},"content":{"rendered":"<p style=\"text-align:justify;\">Podeu trobar una entrevista publicada pel diari basc <em>Berria<\/em> a Xavier Vila, arran de la publicaci\u00f3 de l\u2019informe Arrue. El professor de socioling\u00fc\u00edstica exposa les seves reflexions sobre les pol\u00edtiques per a Euskal Herria i els pa\u00efsos de llengua catalana. L\u2019entrevista, publicada el passat 1 de febrer, es pot consultar a trav\u00e9s de la <a href=\"http:\/\/paperekoa.berria.info\/harian\/2013-02-01\/009\/001\/gizarte_engaiatu_batekin_euskarak_iraun_ahal_izango_luke_ziur.htm\">p\u00e0gina web del diari<\/a>.<\/p>\n","protected":false},"excerpt":{"rendered":"<p>Podeu trobar una entrevista publicada pel diari basc Berria a Xavier Vila, arran de la publicaci\u00f3 de l\u2019informe Arrue. El professor de socioling\u00fc\u00edstica exposa les seves reflexions sobre les pol\u00edtiques [&hellip;]<\/p>\n","protected":false},"author":2,"featured_media":0,"comment_status":"open","ping_status":"open","sticky":false,"template":"","format":"standard","meta":{"_acf_changed":false,"footnotes":""},"categories":[24],"tags":[],"class_list":["post-1310","post","type-post","status-publish","format-standard","hentry","category-presencia-als-mitjans"],"acf":[],"_links":{"self":[{"href":"https:\/\/www.ub.edu\/cusc\/wp-json\/wp\/v2\/posts\/1310","targetHints":{"allow":["GET"]}}],"collection":[{"href":"https:\/\/www.ub.edu\/cusc\/wp-json\/wp\/v2\/posts"}],"about":[{"href":"https:\/\/www.ub.edu\/cusc\/wp-json\/wp\/v2\/types\/post"}],"author":[{"embeddable":true,"href":"https:\/\/www.ub.edu\/cusc\/wp-json\/wp\/v2\/users\/2"}],"replies":[{"embeddable":true,"href":"https:\/\/www.ub.edu\/cusc\/wp-json\/wp\/v2\/comments?post=1310"}],"version-history":[{"count":0,"href":"https:\/\/www.ub.edu\/cusc\/wp-json\/wp\/v2\/posts\/1310\/revisions"}],"wp:attachment":[{"href":"https:\/\/www.ub.edu\/cusc\/wp-json\/wp\/v2\/media?parent=1310"}],"wp:term":[{"taxonomy":"category","embeddable":true,"href":"https:\/\/www.ub.edu\/cusc\/wp-json\/wp\/v2\/categories?post=1310"},{"taxonomy":"post_tag","embeddable":true,"href":"https:\/\/www.ub.edu\/cusc\/wp-json\/wp\/v2\/tags?post=1310"}],"curies":[{"name":"wp","href":"https:\/\/api.w.org\/{rel}","templated":true}]}}