

 
{"id":2255,"date":"2014-03-03T10:48:26","date_gmt":"2014-03-03T08:48:26","guid":{"rendered":"http:\/\/cuscub.wordpress.com\/?p=2255"},"modified":"2021-07-22T09:50:46","modified_gmt":"2021-07-22T07:50:46","slug":"seminari-de-recerca","status":"publish","type":"post","link":"https:\/\/www.ub.edu\/cusc\/seminari-de-recerca\/","title":{"rendered":"Seminari de recerca"},"content":{"rendered":"<p style=\"text-align:justify;\">El divendres 7 de mar\u00e7 de 2014 el Centre Universitari de Socioling\u00fc\u00edstica i Comunicaci\u00f3 de la Universitat de Barcelona organitza un seminari de recerca titulat <b>\u00abNotes on the Sociolinguistic Situation in Algeria: Diversity, Stratification and Pluralism\u00bb<\/b>. El seminari anir\u00e0 a c\u00e0rrec de Meriem Serhani, investigadora de la Universit\u00e9 8 mai 1945, Guelma (Alg\u00e8ria), que actualment realitza una estada com a investigadora visitant vinculada al CUSC-UB.<\/p>\n<p><b>Informaci\u00f3 de l\u2019acte<br \/>\nData:<\/b> 7 de mar\u00e7 de 2014<br \/>\n<b>Lloc:<\/b> aula 3.3 de l\u2019Edifici Josep Carner (Facultat de Filologia, UB)<br \/>\n<b>Hora:<\/b> 12.00h<br \/>\n<b>Contacte:<\/b> <a href=\"mailto:cusc@ub.edu\">cusc@ub.edu<\/a><\/p>\n<p style=\"text-align:center;\"><a href=\"blank\"><a href=\"http:\/\/www.ub.edu\/cusc\/web\/wp-content\/uploads\/2014\/03\/1394200769795.jpg\"><img loading=\"lazy\" decoding=\"async\" class=\" wp-image-2276 aligncenter\" alt=\"Meriem Serhani\" src=\"http:\/\/www.ub.edu\/cusc\/web\/wp-content\/uploads\/2014\/03\/1394200769795.jpg\" width=\"382\" height=\"289\" srcset=\"https:\/\/www.ub.edu\/cusc\/wp-content\/uploads\/2014\/03\/1394200769795.jpg 598w, https:\/\/www.ub.edu\/cusc\/wp-content\/uploads\/2014\/03\/1394200769795-300x226.jpg 300w, https:\/\/www.ub.edu\/cusc\/wp-content\/uploads\/2014\/03\/1394200769795-510x385.jpg 510w, https:\/\/www.ub.edu\/cusc\/wp-content\/uploads\/2014\/03\/1394200769795-270x204.jpg 270w\" sizes=\"auto, (max-width: 382px) 100vw, 382px\" \/><\/a><\/a><\/p>\n<p>Al <a href=\"http:\/\/llenguasocietat.wordpress.com\/2013\/06\/04\/seminari-resol-04062013-leducacio-una-questio-destat-una-mirada-a-europa-denric-prats\/\">Blog del seminari del CUSC<\/a> podeu consultar totes les novetats sobre els seminaris de recerca<\/p>\n","protected":false},"excerpt":{"rendered":"<p>El divendres 7 de mar\u00e7 de 2014 el Centre Universitari de Socioling\u00fc\u00edstica i Comunicaci\u00f3 de la Universitat de Barcelona organitza un seminari de recerca titulat \u00abNotes on the Sociolinguistic Situation [&hellip;]<\/p>\n","protected":false},"author":2,"featured_media":0,"comment_status":"closed","ping_status":"closed","sticky":false,"template":"","format":"standard","meta":{"_acf_changed":false,"footnotes":""},"categories":[21,22,29],"tags":[31],"class_list":["post-2255","post","type-post","status-publish","format-standard","hentry","category-actes","category-actes-organitzats","category-uncategorized","tag-ideologies-linguistiques"],"acf":[],"_links":{"self":[{"href":"https:\/\/www.ub.edu\/cusc\/wp-json\/wp\/v2\/posts\/2255","targetHints":{"allow":["GET"]}}],"collection":[{"href":"https:\/\/www.ub.edu\/cusc\/wp-json\/wp\/v2\/posts"}],"about":[{"href":"https:\/\/www.ub.edu\/cusc\/wp-json\/wp\/v2\/types\/post"}],"author":[{"embeddable":true,"href":"https:\/\/www.ub.edu\/cusc\/wp-json\/wp\/v2\/users\/2"}],"replies":[{"embeddable":true,"href":"https:\/\/www.ub.edu\/cusc\/wp-json\/wp\/v2\/comments?post=2255"}],"version-history":[{"count":0,"href":"https:\/\/www.ub.edu\/cusc\/wp-json\/wp\/v2\/posts\/2255\/revisions"}],"wp:attachment":[{"href":"https:\/\/www.ub.edu\/cusc\/wp-json\/wp\/v2\/media?parent=2255"}],"wp:term":[{"taxonomy":"category","embeddable":true,"href":"https:\/\/www.ub.edu\/cusc\/wp-json\/wp\/v2\/categories?post=2255"},{"taxonomy":"post_tag","embeddable":true,"href":"https:\/\/www.ub.edu\/cusc\/wp-json\/wp\/v2\/tags?post=2255"}],"curies":[{"name":"wp","href":"https:\/\/api.w.org\/{rel}","templated":true}]}}