

 
{"id":3198,"date":"2015-04-16T09:43:01","date_gmt":"2015-04-16T07:43:01","guid":{"rendered":"https:\/\/cuscub.wordpress.com\/?p=3198"},"modified":"2021-07-22T09:50:45","modified_gmt":"2021-07-22T07:50:45","slug":"seminari-danalisi-del-discurs-i-ideologies-linguistiques-9","status":"publish","type":"post","link":"https:\/\/www.ub.edu\/cusc\/seminari-danalisi-del-discurs-i-ideologies-linguistiques-9\/","title":{"rendered":"Seminari d&#8217;an\u00e0lisi del discurs i ideologies ling\u00fc\u00edstiques"},"content":{"rendered":"<p>Aquest divendres, 17 d&#8217;abril de 2015, tindr\u00e0 lloc una sessi\u00f3 del seminari d&#8217;an\u00e0lisi del discurs i ideologies ling\u00fc\u00edstiques, titulat \u00ab<span dir=\"ltr\">Polit\u00e9cnico de Milano: un cas jur\u00eddic ling\u00fc\u00edstic\u00bb, a c\u00e0rrec de Nicola Vaiarello (UNIPV, UB).<\/span><\/p>\n<p>L\u2019acte tindr\u00e0 lloc a les 12.00h, a l\u2019aula 2.3 de l\u2019Edifici Josep Carner de la Universitat de Barcelona.<\/p>\n","protected":false},"excerpt":{"rendered":"<p>Aquest divendres, 17 d&#8217;abril de 2015, tindr\u00e0 lloc una sessi\u00f3 del seminari d&#8217;an\u00e0lisi del discurs i ideologies ling\u00fc\u00edstiques, titulat \u00abPolit\u00e9cnico de Milano: un cas jur\u00eddic ling\u00fc\u00edstic\u00bb, a c\u00e0rrec de Nicola [&hellip;]<\/p>\n","protected":false},"author":2,"featured_media":0,"comment_status":"closed","ping_status":"closed","sticky":false,"template":"","format":"standard","meta":{"_acf_changed":false,"footnotes":""},"categories":[21,22],"tags":[],"class_list":["post-3198","post","type-post","status-publish","format-standard","hentry","category-actes","category-actes-organitzats"],"acf":[],"_links":{"self":[{"href":"https:\/\/www.ub.edu\/cusc\/wp-json\/wp\/v2\/posts\/3198","targetHints":{"allow":["GET"]}}],"collection":[{"href":"https:\/\/www.ub.edu\/cusc\/wp-json\/wp\/v2\/posts"}],"about":[{"href":"https:\/\/www.ub.edu\/cusc\/wp-json\/wp\/v2\/types\/post"}],"author":[{"embeddable":true,"href":"https:\/\/www.ub.edu\/cusc\/wp-json\/wp\/v2\/users\/2"}],"replies":[{"embeddable":true,"href":"https:\/\/www.ub.edu\/cusc\/wp-json\/wp\/v2\/comments?post=3198"}],"version-history":[{"count":0,"href":"https:\/\/www.ub.edu\/cusc\/wp-json\/wp\/v2\/posts\/3198\/revisions"}],"wp:attachment":[{"href":"https:\/\/www.ub.edu\/cusc\/wp-json\/wp\/v2\/media?parent=3198"}],"wp:term":[{"taxonomy":"category","embeddable":true,"href":"https:\/\/www.ub.edu\/cusc\/wp-json\/wp\/v2\/categories?post=3198"},{"taxonomy":"post_tag","embeddable":true,"href":"https:\/\/www.ub.edu\/cusc\/wp-json\/wp\/v2\/tags?post=3198"}],"curies":[{"name":"wp","href":"https:\/\/api.w.org\/{rel}","templated":true}]}}