

 
{"id":3315,"date":"2015-06-26T10:47:03","date_gmt":"2015-06-26T08:47:03","guid":{"rendered":"https:\/\/cuscub.wordpress.com\/?p=3315"},"modified":"2015-06-26T10:47:03","modified_gmt":"2015-06-26T08:47:03","slug":"sessio-informativa-del-master-de-comunicacio-especialitzada","status":"publish","type":"post","link":"https:\/\/www.ub.edu\/cusc\/sessio-informativa-del-master-de-comunicacio-especialitzada\/","title":{"rendered":"Sessi\u00f3 informativa del m\u00e0ster de Comunicaci\u00f3 Especialitzada"},"content":{"rendered":"<p style=\"text-align:justify;\"><a href=\"http:\/\/www.ub.edu\/cusc\/web\/wp-content\/uploads\/2015\/06\/mc3a0ster-ce.png\"><img loading=\"lazy\" decoding=\"async\" class=\"alignright size-large wp-image-3317\" src=\"http:\/\/www.ub.edu\/cusc\/web\/wp-content\/uploads\/2015\/06\/mc3a0ster-ce.png?w=625\" alt=\"M\u00e0ster CE\" width=\"625\" height=\"91\" srcset=\"https:\/\/www.ub.edu\/cusc\/wp-content\/uploads\/2015\/06\/mc3a0ster-ce.png 824w, https:\/\/www.ub.edu\/cusc\/wp-content\/uploads\/2015\/06\/mc3a0ster-ce-300x44.png 300w, https:\/\/www.ub.edu\/cusc\/wp-content\/uploads\/2015\/06\/mc3a0ster-ce-768x112.png 768w, https:\/\/www.ub.edu\/cusc\/wp-content\/uploads\/2015\/06\/mc3a0ster-ce-800x117.png 800w, https:\/\/www.ub.edu\/cusc\/wp-content\/uploads\/2015\/06\/mc3a0ster-ce-285x42.png 285w\" sizes=\"auto, (max-width: 625px) 100vw, 625px\" \/><\/a>El proper dilluns, 29 de juny de 2015, a les 11.00h (aula 0.2), tindr\u00e0 lloc una sessi\u00f3 informativa sobre el M\u00e0ster de Comunicaci\u00f3 Especialitzada, a c\u00e0rrec de Francesc Bernat (CUSC-UB), coordinador del m\u00e0ster.<\/p>\n<p style=\"text-align:justify;\">El m\u00e0ster oficial de Comunicaci\u00f3 Especialitzada no s&#8217;ofereix nom\u00e9s a ling\u00fcistes, sin\u00f3 tamb\u00e9 a cient\u00edfics i professionals d&#8217;altres disciplines relacionades amb la comunicaci\u00f3. Per aquest motiu, hi participen diverses facultats: Filologia i Comunicaci\u00f3, Dret, Economia i Empresa, Farm\u00e0cia, Biologia i l&#8217;Escola Universit\u00e0ria d&#8217;Infermeria de la Universitat de Barcelona.<\/p>\n<p style=\"text-align:justify;\">El pla d&#8217;estudis del M\u00e0ster consta de 60 cr\u00e8dits, que es poden cursar en un any acad\u00e8mic (temps complet) o dos (mitja jornada).<\/p>\n<p style=\"text-align:justify;\">Per a m\u00e9s informaci\u00f3, consulteu la p\u00e0gina web del m\u00e0ster: <a href=\"http:\/\/www.ub.edu\/estudis\/ca\/mastersuniversitaris\/comunicacioesp\/presentacio\">M\u00e0ster de Comunicaci\u00f3 Especialitzada<\/a><\/p>\n","protected":false},"excerpt":{"rendered":"<p>El proper dilluns, 29 de juny de 2015, a les 11.00h (aula 0.2), tindr\u00e0 lloc una sessi\u00f3 informativa sobre el M\u00e0ster de Comunicaci\u00f3 Especialitzada, a c\u00e0rrec de Francesc Bernat (CUSC-UB), [&hellip;]<\/p>\n","protected":false},"author":2,"featured_media":0,"comment_status":"closed","ping_status":"closed","sticky":false,"template":"","format":"standard","meta":{"_acf_changed":false,"footnotes":""},"categories":[28,29],"tags":[],"class_list":["post-3315","post","type-post","status-publish","format-standard","hentry","category-masters-i-postgraus","category-uncategorized"],"acf":[],"_links":{"self":[{"href":"https:\/\/www.ub.edu\/cusc\/wp-json\/wp\/v2\/posts\/3315","targetHints":{"allow":["GET"]}}],"collection":[{"href":"https:\/\/www.ub.edu\/cusc\/wp-json\/wp\/v2\/posts"}],"about":[{"href":"https:\/\/www.ub.edu\/cusc\/wp-json\/wp\/v2\/types\/post"}],"author":[{"embeddable":true,"href":"https:\/\/www.ub.edu\/cusc\/wp-json\/wp\/v2\/users\/2"}],"replies":[{"embeddable":true,"href":"https:\/\/www.ub.edu\/cusc\/wp-json\/wp\/v2\/comments?post=3315"}],"version-history":[{"count":0,"href":"https:\/\/www.ub.edu\/cusc\/wp-json\/wp\/v2\/posts\/3315\/revisions"}],"wp:attachment":[{"href":"https:\/\/www.ub.edu\/cusc\/wp-json\/wp\/v2\/media?parent=3315"}],"wp:term":[{"taxonomy":"category","embeddable":true,"href":"https:\/\/www.ub.edu\/cusc\/wp-json\/wp\/v2\/categories?post=3315"},{"taxonomy":"post_tag","embeddable":true,"href":"https:\/\/www.ub.edu\/cusc\/wp-json\/wp\/v2\/tags?post=3315"}],"curies":[{"name":"wp","href":"https:\/\/api.w.org\/{rel}","templated":true}]}}