

 
{"id":3324,"date":"2015-07-03T12:42:01","date_gmt":"2015-07-03T10:42:01","guid":{"rendered":"https:\/\/cuscub.wordpress.com\/?p=3324"},"modified":"2015-07-03T12:42:01","modified_gmt":"2015-07-03T10:42:01","slug":"iii-jornada-sobre-llengua-i-societat-als-territoris-de-parla-catalana","status":"publish","type":"post","link":"https:\/\/www.ub.edu\/cusc\/iii-jornada-sobre-llengua-i-societat-als-territoris-de-parla-catalana\/","title":{"rendered":"III Jornada sobre Llengua i Societat als Territoris de Parla Catalana"},"content":{"rendered":"<p>El proper 17 de juliol de 2015 tindr\u00e0 lloc a l&#8217;<a href=\"http:\/\/www.ateneubcn.org\/\" target=\"_blank\" rel=\"noopener noreferrer\">Ateneu Barcelon\u00e8s<\/a> <a href=\"https:\/\/www.google.es\/maps\/place\/Ateneu+Barcelon%C3%A8s\/@41.384587,2.17157,17z\/data=%213m1%214b1%214m2%213m1%211s0x12a4a2f6ddadde23:0x9f540846f448052d\" target=\"_blank\" rel=\"noopener noreferrer\">(Vegeu el mapa) <\/a>la <a href=\"http:\/\/llengua.gencat.cat\/ca\/serveis\/informacio_i_difusio\/dades_i_estudis\/jornada-llengua-societat-2015\/\" target=\"_blank\" rel=\"noopener noreferrer\">III Jornada sobre Llengua i Societat als Territoris de Parla Catalana<\/a>.<\/p>\n<div id=\"FW_contingut\" class=\"FW_bContenidorD\">\n<div id=\"unav_gcc_main\">\n<div id=\"mainContainer\">\n<div class=\"FW_column_portlet fpc_article\">\n<div class=\"FW_sDetallGeneral\">\n<div class=\"\">\n<div class=\"FW_bContingutArticle \">\n<div class=\"FW_sArticleFoto\">\n<div class=\"FW_clear FW_hrBlanc\">\n<p style=\"text-align:justify;\">Els objectius d&#8217;aquesta jornada s\u00f3n presentar els principals factors que incideixen en les lleng\u00fces a Catalunya, que n\u2019han d\u2019orientar la pol\u00edtica ling\u00fc\u00edstica, i informar sobre l\u2019estat i els primers resultats de les enquestes d\u2019usos ling\u00fc\u00edstics a la resta de territoris de parla catalana.<\/p>\n<p>Per assistir a l&#8217;acte cal inscriure&#8217;s pr\u00e8viament (fins el 15 de juliol) a trav\u00e9s del seg\u00fcent enlla\u00e7: <a href=\"http:\/\/llengua.gencat.cat\/ca\/serveis\/informacio_i_difusio\/dades_i_estudis\/jornada-llengua-societat-2015\/formulari-inscripcio\/\" target=\"_blank\" rel=\"noopener noreferrer\">Inscripci\u00f3<\/a><\/p>\n<\/div>\n<\/div>\n<div class=\"FW_sTitolFons\">\u00a0<a href=\"http:\/\/www.ub.edu\/cusc\/web\/wp-content\/uploads\/2015\/07\/iii-jornada-llengua.jpg\"><img loading=\"lazy\" decoding=\"async\" class=\" size-large wp-image-3334 aligncenter\" src=\"http:\/\/www.ub.edu\/cusc\/web\/wp-content\/uploads\/2015\/07\/iii-jornada-llengua.jpg?w=625\" alt=\"III Jornada llengua\" width=\"625\" height=\"352\" srcset=\"https:\/\/www.ub.edu\/cusc\/wp-content\/uploads\/2015\/07\/iii-jornada-llengua.jpg 1280w, https:\/\/www.ub.edu\/cusc\/wp-content\/uploads\/2015\/07\/iii-jornada-llengua-300x169.jpg 300w, https:\/\/www.ub.edu\/cusc\/wp-content\/uploads\/2015\/07\/iii-jornada-llengua-1024x576.jpg 1024w, https:\/\/www.ub.edu\/cusc\/wp-content\/uploads\/2015\/07\/iii-jornada-llengua-768x432.jpg 768w, https:\/\/www.ub.edu\/cusc\/wp-content\/uploads\/2015\/07\/iii-jornada-llengua-684x385.jpg 684w, https:\/\/www.ub.edu\/cusc\/wp-content\/uploads\/2015\/07\/iii-jornada-llengua-285x160.jpg 285w\" sizes=\"auto, (max-width: 625px) 100vw, 625px\" \/><\/a><\/div>\n<div class=\"FW_sPregunta FW_sImpacte\">\n<h4 id=\"FW_bloc_2f57b73e-e738-11e4-bec2-005056924a59_2\" class=\"FW_ancora\">Programa (provisional)<\/h4>\n<div class=\"FW_sArticleFoto\">\n<div class=\"FW_sEditPro\">\n<table border=\"0\">\n<tbody>\n<tr>\n<td valign=\"top\" width=\"7%\">08.30 h<\/td>\n<td valign=\"top\" width=\"93%\"><strong>Acreditacions<\/strong><\/td>\n<\/tr>\n<tr>\n<td valign=\"top\" width=\"7%\">09.00 h<\/td>\n<td valign=\"top\" width=\"93%\"><strong>Benvinguda i inauguraci\u00f3<\/strong>Ester Franquesa i Bonet, directora general de Pol\u00edtica Ling\u00fc\u00edstica de la Generalitat de Catalunya<br \/>\nMontserrat Planelles, directora de Promoci\u00f3 Cultural i Pol\u00edtica Ling\u00fc\u00edstica del Govern d\u2019Andorra<\/td>\n<\/tr>\n<tr>\n<td valign=\"top\">09.15 h<\/td>\n<td valign=\"top\"><strong>Les enquestes d\u2019usos ling\u00fc\u00edstics als territoris de llengua catalana<\/strong>Andorra: Joan Sans Urgell, de la Direcci\u00f3 de Promoci\u00f3 Cultural i Pol\u00edtica Ling\u00fc\u00edstica<br \/>\nIlles Balears: Joan Meli\u00e0 i Gar\u00ed, de la Universitat de les Illes Balears<br \/>\nLa Franja: Natxo Sorolla, de la Universitat Rovira i Virgili i Javier Giralt de la Universitat de Saragossa<br \/>\nL&#8217;Alguer: Francesc Ballone, membre corresponent de l\u2019IEC a l\u2019Alguer<br \/>\nCatalunya del Nord: Al\u00e0 Baylac-Ferrer, de la Universitat de Perpiny\u00e0<br \/>\nPa\u00eds Valenci\u00e0: Llu\u00eds Polanco, de la Universitat de Val\u00e8ncia<br \/>\nModera: Marta Xirinachs<\/td>\n<\/tr>\n<tr>\n<td valign=\"top\">11.00 h<\/td>\n<td valign=\"top\"><strong>Els factors clau de les lleng\u00fces a Catalunya I<\/strong>Coneixements i usos: F. Xavier Vila, de la Universitat de Barcelona<br \/>\nTransmissi\u00f3 i actituds: Vanessa Bretxa, de la Universitat de Barcelona<br \/>\nModera: Joan Sol\u00e9 Camardons<\/td>\n<\/tr>\n<tr>\n<td valign=\"top\">11.45 h<\/td>\n<td valign=\"top\"><strong>Descans i caf\u00e8\u00a0<\/strong><\/td>\n<\/tr>\n<tr>\n<td valign=\"top\">12.15 h<\/td>\n<td valign=\"top\"><strong>Els factors clau de les lleng\u00fces a Catalunya II<\/strong>Lloc de naixement, territori i aprenentatge: Marta Rovira, Universitat Aut\u00f2noma de Barcelona<br \/>\nEdat, ocupaci\u00f3 i classe: Cristina S\u00e1nchez, de la Universitat de Girona<br \/>\nModera: Joan Sol\u00e9 Camardons<\/td>\n<\/tr>\n<tr>\n<td valign=\"top\">13.00 h<\/td>\n<td valign=\"top\"><strong>Nou sistema d\u2019indicadors ling\u00fc\u00edstics<br \/>\n<\/strong><br \/>\nAnton Ferret i Baig, de la Direcci\u00f3 General de Pol\u00edtica Ling\u00fc\u00edstica<\/td>\n<\/tr>\n<tr>\n<td valign=\"top\">13.15 h<\/td>\n<td valign=\"top\"><strong><strong>Mirades sobre la realitat social de la llengua<\/strong><\/strong>&nbsp;<\/p>\n<p>Poblaci\u00f3 i societat: Andreu Domingo<br \/>\nM\u00f3n socioecon\u00f2mic: Elisenda Paluzie<br \/>\nEntorn digital i xarxes: Albert Cuesta<br \/>\nEl context europeu: Mart\u00ed Anglada<br \/>\nMitjans de comunicaci\u00f3: Salvador Alsius<br \/>\nModera: Ferran Mascarell<\/td>\n<\/tr>\n<tr>\n<td valign=\"top\">14.15 h<\/td>\n<td valign=\"top\"><strong>Cloenda<\/strong>Ferran Mascarell i Canalda, conseller de Cultura de la Generalitat de Catalunya<\/td>\n<\/tr>\n<\/tbody>\n<\/table>\n<\/div>\n<\/div>\n<div class=\"FW_clear FW_hrBlanc\"><\/div>\n<\/div>\n<\/div>\n<\/div>\n<\/div>\n<div class=\"FW_clear FW_hrBlanc\"><\/div>\n<div class=\"xarxesSocials\"><\/div>\n<\/div>\n<\/div>\n<\/div>\n<\/div>\n","protected":false},"excerpt":{"rendered":"<p>El proper 17 de juliol de 2015 tindr\u00e0 lloc a l&#8217;Ateneu Barcelon\u00e8s (Vegeu el mapa) la III Jornada sobre Llengua i Societat als Territoris de Parla Catalana. Els objectius d&#8217;aquesta [&hellip;]<\/p>\n","protected":false},"author":2,"featured_media":0,"comment_status":"closed","ping_status":"closed","sticky":false,"template":"","format":"standard","meta":{"_acf_changed":false,"footnotes":""},"categories":[29],"tags":[],"class_list":["post-3324","post","type-post","status-publish","format-standard","hentry","category-uncategorized"],"acf":[],"_links":{"self":[{"href":"https:\/\/www.ub.edu\/cusc\/wp-json\/wp\/v2\/posts\/3324","targetHints":{"allow":["GET"]}}],"collection":[{"href":"https:\/\/www.ub.edu\/cusc\/wp-json\/wp\/v2\/posts"}],"about":[{"href":"https:\/\/www.ub.edu\/cusc\/wp-json\/wp\/v2\/types\/post"}],"author":[{"embeddable":true,"href":"https:\/\/www.ub.edu\/cusc\/wp-json\/wp\/v2\/users\/2"}],"replies":[{"embeddable":true,"href":"https:\/\/www.ub.edu\/cusc\/wp-json\/wp\/v2\/comments?post=3324"}],"version-history":[{"count":0,"href":"https:\/\/www.ub.edu\/cusc\/wp-json\/wp\/v2\/posts\/3324\/revisions"}],"wp:attachment":[{"href":"https:\/\/www.ub.edu\/cusc\/wp-json\/wp\/v2\/media?parent=3324"}],"wp:term":[{"taxonomy":"category","embeddable":true,"href":"https:\/\/www.ub.edu\/cusc\/wp-json\/wp\/v2\/categories?post=3324"},{"taxonomy":"post_tag","embeddable":true,"href":"https:\/\/www.ub.edu\/cusc\/wp-json\/wp\/v2\/tags?post=3324"}],"curies":[{"name":"wp","href":"https:\/\/api.w.org\/{rel}","templated":true}]}}