

 
{"id":3326,"date":"2015-07-10T11:59:33","date_gmt":"2015-07-10T09:59:33","guid":{"rendered":"https:\/\/cuscub.wordpress.com\/?p=3326"},"modified":"2015-07-10T11:59:33","modified_gmt":"2015-07-10T09:59:33","slug":"uni","status":"publish","type":"post","link":"https:\/\/www.ub.edu\/cusc\/uni\/","title":{"rendered":"Inauguraci\u00f3 del curs d&#8217;estiu &#8220;Gestionar la diversidad ling\u00fc\u00edstica de Arag\u00f3n&#8221;"},"content":{"rendered":"<p style=\"text-align:justify;\">El proper dilluns, 13 de juliol de 2015, a les 16.00h, tindr\u00e0 lloc a la localitat d&#8217;Ans\u00f3 (Osca) la confer\u00e8ncia inaugural del curs &#8220;Gestionar la diversidad ling\u00fc\u00edstica de Arag\u00f3n&#8221;, en la qual es parlar\u00e0 sobre l&#8217;aragon\u00e8s de la vall d&#8217;Ans\u00f3.<\/p>\n<p style=\"text-align:justify;\">A l&#8217;acte hi assistiran, entre altres, membres del <em>Seminario Aragon\u00e9s de Socioling\u00fc\u00edstica (Asociaci\u00f3n Aragonesa de Sociolog\u00eda)<\/em>, com Natxo Sorolla (URV, CUSC-UB), Miguel Monta\u00f1\u00e9s i Chabier Gimeno.<\/p>\n<p style=\"text-align:justify;\">M\u00e9s informaci\u00f3: <a href=\"https:\/\/cursosextraordinarios.unizar.es\/curso\/2015\/gestionar-la-diversidad-linguistica-de-aragon\" target=\"_blank\" rel=\"noopener noreferrer\">Gestionar la diversidad ling\u00fc\u00edstica de Arag\u00f3n<\/a><\/p>\n<p>&nbsp;<\/p>\n","protected":false},"excerpt":{"rendered":"<p>El proper dilluns, 13 de juliol de 2015, a les 16.00h, tindr\u00e0 lloc a la localitat d&#8217;Ans\u00f3 (Osca) la confer\u00e8ncia inaugural del curs &#8220;Gestionar la diversidad ling\u00fc\u00edstica de Arag\u00f3n&#8221;, en [&hellip;]<\/p>\n","protected":false},"author":2,"featured_media":0,"comment_status":"closed","ping_status":"closed","sticky":false,"template":"","format":"standard","meta":{"_acf_changed":false,"footnotes":""},"categories":[21,23],"tags":[],"class_list":["post-3326","post","type-post","status-publish","format-standard","hentry","category-actes","category-participacio-a-actes"],"acf":[],"_links":{"self":[{"href":"https:\/\/www.ub.edu\/cusc\/wp-json\/wp\/v2\/posts\/3326","targetHints":{"allow":["GET"]}}],"collection":[{"href":"https:\/\/www.ub.edu\/cusc\/wp-json\/wp\/v2\/posts"}],"about":[{"href":"https:\/\/www.ub.edu\/cusc\/wp-json\/wp\/v2\/types\/post"}],"author":[{"embeddable":true,"href":"https:\/\/www.ub.edu\/cusc\/wp-json\/wp\/v2\/users\/2"}],"replies":[{"embeddable":true,"href":"https:\/\/www.ub.edu\/cusc\/wp-json\/wp\/v2\/comments?post=3326"}],"version-history":[{"count":0,"href":"https:\/\/www.ub.edu\/cusc\/wp-json\/wp\/v2\/posts\/3326\/revisions"}],"wp:attachment":[{"href":"https:\/\/www.ub.edu\/cusc\/wp-json\/wp\/v2\/media?parent=3326"}],"wp:term":[{"taxonomy":"category","embeddable":true,"href":"https:\/\/www.ub.edu\/cusc\/wp-json\/wp\/v2\/categories?post=3326"},{"taxonomy":"post_tag","embeddable":true,"href":"https:\/\/www.ub.edu\/cusc\/wp-json\/wp\/v2\/tags?post=3326"}],"curies":[{"name":"wp","href":"https:\/\/api.w.org\/{rel}","templated":true}]}}