

 
{"id":3410,"date":"2015-10-02T10:27:04","date_gmt":"2015-10-02T08:27:04","guid":{"rendered":"https:\/\/cuscub.wordpress.com\/?p=3410"},"modified":"2021-07-22T09:50:45","modified_gmt":"2021-07-22T07:50:45","slug":"presentacio-de-les-activitats-del-cercle-dagermanament-occitano-catala","status":"publish","type":"post","link":"https:\/\/www.ub.edu\/cusc\/presentacio-de-les-activitats-del-cercle-dagermanament-occitano-catala\/","title":{"rendered":"Presentaci\u00f3 de les activitats del Cercle d&#8217;Agermanament Occitano-Catal\u00e0"},"content":{"rendered":"<p style=\"text-align:justify;\">El proper dimecres, 7 d&#8217;octubre de 2015, Jos\u00e9 Enrique Gargallo (CUSC-UB) organitza un acte de presentaci\u00f3 de les activitats programades pel Cerce d&#8217;Agermanament Occitano Catal\u00e0 (CAOC). El CAOC \u00e9s una entitat cultural que treballa per fomentar les relacions culturals occitano-catalanes i per promoure l&#8217;ensenyament de la llengua occitana i el coneixement de la seva cultura.<\/p>\n<p style=\"text-align:justify;\">L&#8217;acte tindr\u00e0 lloc a les 18.30h, a l&#8217;aula 0.1 de l&#8217;Edifici Josep Carner de la Universitat de Barcelona, i hi intervindran Xavier Maj\u00f3 i Joan Cardona.<\/p>\n<p style=\"text-align:justify;\">Per a m\u00e9s informaci\u00f3 podeu consultar la p\u00e0gina web de l&#8217;entitat: <a href=\"http:\/\/caoc.cat\/qui-som\/\" target=\"_blank\" rel=\"noopener noreferrer\">Cercle d&#8217;Agermanament Occitano-Catal\u00e0<\/a><\/p>\n","protected":false},"excerpt":{"rendered":"<p>El proper dimecres, 7 d&#8217;octubre de 2015, Jos\u00e9 Enrique Gargallo (CUSC-UB) organitza un acte de presentaci\u00f3 de les activitats programades pel Cerce d&#8217;Agermanament Occitano Catal\u00e0 (CAOC). El CAOC \u00e9s una [&hellip;]<\/p>\n","protected":false},"author":2,"featured_media":0,"comment_status":"closed","ping_status":"closed","sticky":false,"template":"","format":"standard","meta":{"_acf_changed":false,"footnotes":""},"categories":[21,22],"tags":[],"class_list":["post-3410","post","type-post","status-publish","format-standard","hentry","category-actes","category-actes-organitzats"],"acf":[],"_links":{"self":[{"href":"https:\/\/www.ub.edu\/cusc\/wp-json\/wp\/v2\/posts\/3410","targetHints":{"allow":["GET"]}}],"collection":[{"href":"https:\/\/www.ub.edu\/cusc\/wp-json\/wp\/v2\/posts"}],"about":[{"href":"https:\/\/www.ub.edu\/cusc\/wp-json\/wp\/v2\/types\/post"}],"author":[{"embeddable":true,"href":"https:\/\/www.ub.edu\/cusc\/wp-json\/wp\/v2\/users\/2"}],"replies":[{"embeddable":true,"href":"https:\/\/www.ub.edu\/cusc\/wp-json\/wp\/v2\/comments?post=3410"}],"version-history":[{"count":0,"href":"https:\/\/www.ub.edu\/cusc\/wp-json\/wp\/v2\/posts\/3410\/revisions"}],"wp:attachment":[{"href":"https:\/\/www.ub.edu\/cusc\/wp-json\/wp\/v2\/media?parent=3410"}],"wp:term":[{"taxonomy":"category","embeddable":true,"href":"https:\/\/www.ub.edu\/cusc\/wp-json\/wp\/v2\/categories?post=3410"},{"taxonomy":"post_tag","embeddable":true,"href":"https:\/\/www.ub.edu\/cusc\/wp-json\/wp\/v2\/tags?post=3410"}],"curies":[{"name":"wp","href":"https:\/\/api.w.org\/{rel}","templated":true}]}}