

 
{"id":3422,"date":"2015-10-13T11:22:19","date_gmt":"2015-10-13T09:22:19","guid":{"rendered":"https:\/\/cuscub.wordpress.com\/?p=3422"},"modified":"2015-10-13T11:22:19","modified_gmt":"2015-10-13T09:22:19","slug":"accessible-el-video-de-la-jornada-en-honor-de-francesc-vallverdu","status":"publish","type":"post","link":"https:\/\/www.ub.edu\/cusc\/accessible-el-video-de-la-jornada-en-honor-de-francesc-vallverdu\/","title":{"rendered":"Accessible el v\u00eddeo de la Jornada en honor de Francesc Vallverd\u00fa"},"content":{"rendered":"<p style=\"text-align:justify;\"><a href=\"http:\/\/www.ub.edu\/cusc\/web\/wp-content\/uploads\/2014\/10\/iec.png\"><img loading=\"lazy\" decoding=\"async\" class=\"alignright size-large wp-image-2908\" src=\"http:\/\/www.ub.edu\/cusc\/web\/wp-content\/uploads\/2014\/10\/iec.png?w=625\" alt=\"IEC\" width=\"625\" height=\"82\" srcset=\"https:\/\/www.ub.edu\/cusc\/wp-content\/uploads\/2014\/10\/iec.png 735w, https:\/\/www.ub.edu\/cusc\/wp-content\/uploads\/2014\/10\/iec-300x40.png 300w, https:\/\/www.ub.edu\/cusc\/wp-content\/uploads\/2014\/10\/iec-285x38.png 285w\" sizes=\"auto, (max-width: 625px) 100vw, 625px\" \/><\/a><\/p>\n<p style=\"text-align:justify;\">L&#8217;Institut d&#8217;Estudis Catalans ha publicat els v\u00eddeos de la Jornada en honor de Francesc Vallverd\u00fa que es va celebrar el passat 29 de setembre de 2015.<\/p>\n<p style=\"text-align:justify;\">Els enlla\u00e7os per visualitzar les presentacions, entre les quals podreu trobar la d&#8217;Emili Boix-Fuster,\u00a0\u00abEls treballs tena\u00e7os de Treballs de Socioling\u00fc\u00edstica Catalana\u00bb, s\u00f3n els seg\u00fcents:<\/p>\n<ul>\n<li style=\"text-align:justify;\"><a href=\"https:\/\/www.youtube.com\/watch?v=QAvQP7cWiUU\" target=\"_blank\" rel=\"noopener noreferrer\">Jornada en honor de Francesc Vallverd\u00fa I (Inauguraci\u00f3 a c\u00e0rrec de Joandom\u00e8nec Ros i M. Teresa Cabr\u00e9. Intervencions de Joan Mart\u00ed i Castell i Georg Kremnitz)<\/a><\/li>\n<li style=\"text-align:justify;\"><a href=\"https:\/\/www.youtube.com\/watch?v=Lc0qyoUFjvw&amp;feature=em-uploademail\" target=\"_blank\" rel=\"noopener noreferrer\">Jornada en honor de Francesc Vallverd\u00fa II (Intervencions de Joan A. Argenter, Emili Boix i Miquel \u00c0ngel Pradilla)<\/a><\/li>\n<li style=\"text-align:justify;\"><a href=\"https:\/\/www.youtube.com\/watch?v=X08WTCOPlpM\" target=\"_blank\" rel=\"noopener noreferrer\">Jornada en honor de Francesc Vallverd\u00fa III (Intervencions de Josep Gifreu, Mila Segarra i Joaquim Mallafr\u00e8) <\/a><\/li>\n<\/ul>\n","protected":false},"excerpt":{"rendered":"<p>L&#8217;Institut d&#8217;Estudis Catalans ha publicat els v\u00eddeos de la Jornada en honor de Francesc Vallverd\u00fa que es va celebrar el passat 29 de setembre de 2015. Els enlla\u00e7os per visualitzar [&hellip;]<\/p>\n","protected":false},"author":2,"featured_media":0,"comment_status":"closed","ping_status":"closed","sticky":false,"template":"","format":"standard","meta":{"_acf_changed":false,"footnotes":""},"categories":[21,23,25],"tags":[],"class_list":["post-3422","post","type-post","status-publish","format-standard","hentry","category-actes","category-participacio-a-actes","category-recursos"],"acf":[],"_links":{"self":[{"href":"https:\/\/www.ub.edu\/cusc\/wp-json\/wp\/v2\/posts\/3422","targetHints":{"allow":["GET"]}}],"collection":[{"href":"https:\/\/www.ub.edu\/cusc\/wp-json\/wp\/v2\/posts"}],"about":[{"href":"https:\/\/www.ub.edu\/cusc\/wp-json\/wp\/v2\/types\/post"}],"author":[{"embeddable":true,"href":"https:\/\/www.ub.edu\/cusc\/wp-json\/wp\/v2\/users\/2"}],"replies":[{"embeddable":true,"href":"https:\/\/www.ub.edu\/cusc\/wp-json\/wp\/v2\/comments?post=3422"}],"version-history":[{"count":0,"href":"https:\/\/www.ub.edu\/cusc\/wp-json\/wp\/v2\/posts\/3422\/revisions"}],"wp:attachment":[{"href":"https:\/\/www.ub.edu\/cusc\/wp-json\/wp\/v2\/media?parent=3422"}],"wp:term":[{"taxonomy":"category","embeddable":true,"href":"https:\/\/www.ub.edu\/cusc\/wp-json\/wp\/v2\/categories?post=3422"},{"taxonomy":"post_tag","embeddable":true,"href":"https:\/\/www.ub.edu\/cusc\/wp-json\/wp\/v2\/tags?post=3422"}],"curies":[{"name":"wp","href":"https:\/\/api.w.org\/{rel}","templated":true}]}}